
{"id":9985,"date":"2021-10-28T13:29:17","date_gmt":"2021-10-28T13:29:17","guid":{"rendered":"https:\/\/www.gites.net\/blog\/?p=9985"},"modified":"2021-10-28T13:29:17","modified_gmt":"2021-10-28T13:29:17","slug":"une-visite-a-strasbourg","status":"publish","type":"post","link":"https:\/\/www.gites.net\/blog\/une-visite-a-strasbourg","title":{"rendered":"Une visite \u00e0 Strasbourg"},"content":{"rendered":"\n<p>Lors de <strong><a rel=\"noreferrer noopener\" href=\"https:\/\/www.gites.net\/gites\/alsace\" data-type=\"URL\" data-id=\"https:\/\/www.gites.net\/gites\/alsace\" target=\"_blank\">votre s\u00e9jour en Alsace<\/a><\/strong>, vous devez absolument visiter <strong>Strasbourg<\/strong>. Elle est la <strong>capitale de l\u2019Alsace<\/strong> et partage la fronti\u00e8re avec l\u2019Allemagne, pour y aller il vous suffit d\u2019emprunter votre voiture, le tram ou un v\u00e9lo. <\/p>\n\n\n\n<p>Strasbourg est <strong>une belle ville, <\/strong>calme, agr\u00e9able et vous avez une multitude d\u2019endroits que vous pourrez visiter. Vous pourrez aller vous \u00e9bahir devant sa <strong>cath\u00e9drale et d\u2019autres b\u00e2timents<\/strong> architecturaux et historiques de la ville qui sont lourds d\u2019histoire comme ses mus\u00e9es et m\u00eame ses rues qui ont pleins de choses \u00e0 raconter. <\/p>\n\n\n\n<p>Lors de votre passage, n\u2019oubliez pas de go\u00fbter au <strong>traditionnel winstub<\/strong>. Il est important de vous sp\u00e9cifier que Strasbourg est une<strong> capitale Europ\u00e9enne<\/strong> et accueille de nombreuses <strong>institutions <\/strong>de la sous-r\u00e9gion.<\/p>\n\n\n\n<p><\/p>\n\n\n\n<h2><strong>La <\/strong><strong>Cath\u00e9drale de Strasbourg<\/strong><\/h2>\n\n\n\n<figure class=\"wp-block-image size-large\"><img loading=\"lazy\" width=\"799\" height=\"533\" src=\"https:\/\/www.gites.net\/blog\/wp-content\/emp\/blogcasas\/2021\/10\/Guilhem-Vellut-FLICKR-3.jpg\" alt=\"\" class=\"wp-image-9990\" srcset=\"https:\/\/www.gites.net\/blog\/wp-content\/emp\/blogcasas\/2021\/10\/Guilhem-Vellut-FLICKR-3.jpg 799w, https:\/\/www.gites.net\/blog\/wp-content\/emp\/blogcasas\/2021\/10\/Guilhem-Vellut-FLICKR-3-300x200.jpg 300w, https:\/\/www.gites.net\/blog\/wp-content\/emp\/blogcasas\/2021\/10\/Guilhem-Vellut-FLICKR-3-768x512.jpg 768w, https:\/\/www.gites.net\/blog\/wp-content\/emp\/blogcasas\/2021\/10\/Guilhem-Vellut-FLICKR-3-320x213.jpg 320w\" sizes=\"(max-width: 799px) 100vw, 799px\" \/><\/figure>\n\n\n\n<p>Une belle et bonne visite de la ville de Strasbourg ne peut se faire sans<strong> sa cath\u00e9drale.<\/strong> Elle est un lieu de visite incontournable. <\/p>\n\n\n\n<p>C\u2019est un v\u00e9ritable chef d\u2019\u0153uvre, il est tout simplement magnifique avec <strong>ses 142m\u00e8tres de haut.<\/strong> Elle a \u00e9t\u00e9 construite <strong>entre le 12<sup>\u00e8me<\/sup> et 15<sup>\u00e8me<\/sup> si\u00e8cle<\/strong> de gr\u00e8s rose, ce qui lui donne fi\u00e8re allure, \u00e0 l\u2019int\u00e9rieur, vous pourrez admirer les magnifiques vitraux et<strong> l\u2019horloge astronomique<\/strong>. <\/p>\n\n\n\n<p>La 2<sup>\u00e8me<\/sup> Cath\u00e9drale visit\u00e9e de France et la plus haute. Si vous voulez faire un peu de sport et avoir une vue imprenable sur la ville, vous pouvez monter les <strong>plus de 300 marches <\/strong>de l\u2019escalier en colima\u00e7on.<\/p>\n\n\n\n<p><\/p>\n\n\n\n<h2><strong>La Grande \u00cele<\/strong><\/h2>\n\n\n\n<figure class=\"wp-block-image size-large\"><img loading=\"lazy\" width=\"799\" height=\"533\" src=\"https:\/\/www.gites.net\/blog\/wp-content\/emp\/blogcasas\/2021\/10\/Guilhem-Vellut-FLICKR-2.jpg\" alt=\"\" class=\"wp-image-9989\" srcset=\"https:\/\/www.gites.net\/blog\/wp-content\/emp\/blogcasas\/2021\/10\/Guilhem-Vellut-FLICKR-2.jpg 799w, https:\/\/www.gites.net\/blog\/wp-content\/emp\/blogcasas\/2021\/10\/Guilhem-Vellut-FLICKR-2-300x200.jpg 300w, https:\/\/www.gites.net\/blog\/wp-content\/emp\/blogcasas\/2021\/10\/Guilhem-Vellut-FLICKR-2-768x512.jpg 768w, https:\/\/www.gites.net\/blog\/wp-content\/emp\/blogcasas\/2021\/10\/Guilhem-Vellut-FLICKR-2-320x213.jpg 320w\" sizes=\"(max-width: 799px) 100vw, 799px\" \/><\/figure>\n\n\n\n<p>S\u2019il y\u2019a bien un endroit \u00e0 visiter apr\u00e8s la Cath\u00e9drale, c\u2019est bien \u00e9videmment<strong> la Grande \u00cele.<\/strong> C\u2019est <strong>le c\u0153ur historique<\/strong> de la ville et elle est class\u00e9e au<strong> Patrimoine Mondial<\/strong> de l\u2019Unesco du fait de son remarquable architecture qui vous rappellera une cit\u00e9 m\u00e9di\u00e9vale. <\/p>\n\n\n\n<p>Vous tomberez sous le charme lors de votre balade car, elle <strong>est vraiment belle <\/strong>et il fait bon de s\u2019y promener et de surcro\u00eet, ses rues sont \u00e0 <strong>majorit\u00e9 pi\u00e9tonnes<\/strong>. <\/p>\n\n\n\n<p>La majorit\u00e9 des principaux <strong>points touristiques<\/strong> de la ville se trouvent sur cette grande \u00eele, et parmi ces lieux, vous avez la <strong>place Gutenberg,<\/strong> la place du march\u00e9 Gayot, la Cath\u00e9drale de Strasbourg et pleins d\u2019autres sites.<\/p>\n\n\n\n<p><\/p>\n\n\n\n<h2><strong>La Petite France<\/strong><\/h2>\n\n\n\n<figure class=\"wp-block-image size-large\"><img loading=\"lazy\" width=\"799\" height=\"533\" src=\"https:\/\/www.gites.net\/blog\/wp-content\/emp\/blogcasas\/2021\/10\/Tambako-The-Jaguar-FLICKR.jpg\" alt=\"\" class=\"wp-image-9988\" srcset=\"https:\/\/www.gites.net\/blog\/wp-content\/emp\/blogcasas\/2021\/10\/Tambako-The-Jaguar-FLICKR.jpg 799w, https:\/\/www.gites.net\/blog\/wp-content\/emp\/blogcasas\/2021\/10\/Tambako-The-Jaguar-FLICKR-300x200.jpg 300w, https:\/\/www.gites.net\/blog\/wp-content\/emp\/blogcasas\/2021\/10\/Tambako-The-Jaguar-FLICKR-768x512.jpg 768w, https:\/\/www.gites.net\/blog\/wp-content\/emp\/blogcasas\/2021\/10\/Tambako-The-Jaguar-FLICKR-320x213.jpg 320w\" sizes=\"(max-width: 799px) 100vw, 799px\" \/><\/figure>\n\n\n\n<p>La Petite France se trouve <strong>sur la Grande \u00cele<\/strong> et il impossible de visiter Strasbourg sans y faire un arr\u00eat. C\u2019est le<strong> quartier le plus pittoresque<\/strong> et le plus visit\u00e9 d\u2019ailleurs\u00a0! <\/p>\n\n\n\n<p>Comme l\u2019endroit o\u00f9 elle se trouve, elle aussi est class\u00e9e au <strong>Patrimoine Mondiale <\/strong>de l\u2019Unesco. Le charme de la Petite France se voit \u00e0 travers ses <strong>rues pav\u00e9es<\/strong> au bord de l\u2019eau, ses canaux, ses maisons \u00e0 colombages fleuries, il est quasiment impossible de tomber sous le charme de ce <strong>magnifique endroit<\/strong>. <\/p>\n\n\n\n<p>Venez <strong>profiter du calme<\/strong> des lieux pour faire une petite marche et d\u00e9couvrir les lieux.<\/p>\n\n\n\n<p><\/p>\n\n\n\n<h2><strong>Le quartier Europ\u00e9en<\/strong><\/h2>\n\n\n\n<figure class=\"wp-block-image size-large\"><img loading=\"lazy\" width=\"799\" height=\"533\" src=\"https:\/\/www.gites.net\/blog\/wp-content\/emp\/blogcasas\/2021\/10\/Guilhem-Vellut-FLICKR.jpg\" alt=\"\" class=\"wp-image-9987\" srcset=\"https:\/\/www.gites.net\/blog\/wp-content\/emp\/blogcasas\/2021\/10\/Guilhem-Vellut-FLICKR.jpg 799w, https:\/\/www.gites.net\/blog\/wp-content\/emp\/blogcasas\/2021\/10\/Guilhem-Vellut-FLICKR-300x200.jpg 300w, https:\/\/www.gites.net\/blog\/wp-content\/emp\/blogcasas\/2021\/10\/Guilhem-Vellut-FLICKR-768x512.jpg 768w, https:\/\/www.gites.net\/blog\/wp-content\/emp\/blogcasas\/2021\/10\/Guilhem-Vellut-FLICKR-320x213.jpg 320w\" sizes=\"(max-width: 799px) 100vw, 799px\" \/><\/figure>\n\n\n\n<p>Le quartier Europ\u00e9en de Strasbourg s\u2019est vu <strong>attribu\u00e9 Patrimoine Europ\u00e9en<\/strong> en 2015. Ce label a \u00e9t\u00e9 mis en place par la <strong>Commission Europ\u00e9enne<\/strong> dans le but de mette en valeur les <strong>biens culturels<\/strong>, les monuments et pleins d\u2019autres choses. <\/p>\n\n\n\n<p>Il est comme <strong>certains autres villes <\/strong>de l\u2019Europe, une capitale europ\u00e9enne. Vous avez <strong>trois b\u00e2timents<\/strong> faisant partie de ce conglom\u00e9rat que vous pouvez aller d\u00e9couvrir. <\/p>\n\n\n\n<p>Il s\u2019agit du parlement europ\u00e9en qui est un<strong> magnifique \u00e9difice<\/strong> tous les soirs, bel arr\u00eat lors de votre visite de Strasbourg by night. Ensuite, vous avec le conseil de l\u2019Europe qui se trouve dans le<strong> Palais de l\u2019Europe<\/strong> dont vous pouvez visiter l\u2019int\u00e9rieur, et pour terminer, vous avez le <strong>Palais des droits de l\u2019Homme<\/strong> qui a \u00e9t\u00e9 inaugur\u00e9 en 1995 et qui est le si\u00e8ge de la Cour Europ\u00e9enne des droits de l\u2019homme.<\/p>\n\n\n\n<p><\/p>\n\n\n\n<h2><strong>Mus\u00e9e d\u2019Art Moderne et Contemporain<\/strong><\/h2>\n\n\n\n<figure class=\"wp-block-image size-large\"><img loading=\"lazy\" width=\"800\" height=\"532\" src=\"https:\/\/www.gites.net\/blog\/wp-content\/emp\/blogcasas\/2021\/10\/stefano-Merli-FLICKR.jpg\" alt=\"\" class=\"wp-image-9986\" srcset=\"https:\/\/www.gites.net\/blog\/wp-content\/emp\/blogcasas\/2021\/10\/stefano-Merli-FLICKR.jpg 800w, https:\/\/www.gites.net\/blog\/wp-content\/emp\/blogcasas\/2021\/10\/stefano-Merli-FLICKR-300x200.jpg 300w, https:\/\/www.gites.net\/blog\/wp-content\/emp\/blogcasas\/2021\/10\/stefano-Merli-FLICKR-768x511.jpg 768w, https:\/\/www.gites.net\/blog\/wp-content\/emp\/blogcasas\/2021\/10\/stefano-Merli-FLICKR-320x213.jpg 320w\" sizes=\"(max-width: 800px) 100vw, 800px\" \/><\/figure>\n\n\n\n<p>La ville de Strasbourg <strong>poss\u00e8de quelques mus\u00e9es<\/strong>, et si vous \u00eates un amoureux des \u0153uvres d\u2019art, nous vous conseillons d\u2019aller visiter ces <strong>mus\u00e9es pour votre culture g\u00e9n\u00e9rale<\/strong> et d\u2019en savoir un peu plus. <\/p>\n\n\n\n<p>L\u2019un des mus\u00e9es que nous vous proposons d\u2019aller visiter est celui du <strong>Mus\u00e9e d\u2019Art moderne et contemporain<\/strong>. Vous y retrouverez des \u0153uvres <strong>datant de 1870<\/strong> jusqu\u2019\u00e0 nos jours. Vous retrouverez aussi des \u0153uvres de grands artistes comme les \u0153uvres de <strong>Picasso, Monet, Brauner et<\/strong> d\u2019autres artistes. <\/p>\n\n\n\n<p>Vous avez des pi\u00e8ces que vous pouvez visiter comme <strong>l\u2019auditorium, la biblioth\u00e8que <\/strong>et la pi\u00e8ce d\u2019art graphique.<\/p>\n","protected":false},"excerpt":{"rendered":"<p>Lors de votre s\u00e9jour en Alsace, vous devez absolument visiter Strasbourg. Elle est la capitale de l\u2019Alsace et partage la fronti\u00e8re avec l\u2019Allemagne, pour y aller il vous suffit d\u2019emprunter votre voiture, le tram ou un v\u00e9lo. Strasbourg est une&hellip; <br \/><a class=\"read-more-button\" href=\"https:\/\/www.gites.net\/blog\/une-visite-a-strasbourg\">Savoir plus<\/a><\/p>\n","protected":false},"author":10,"featured_media":9991,"comment_status":"open","ping_status":"open","sticky":false,"template":"","format":"standard","meta":[],"categories":[8],"tags":[107],"_links":{"self":[{"href":"https:\/\/www.gites.net\/blog\/wp-json\/wp\/v2\/posts\/9985"}],"collection":[{"href":"https:\/\/www.gites.net\/blog\/wp-json\/wp\/v2\/posts"}],"about":[{"href":"https:\/\/www.gites.net\/blog\/wp-json\/wp\/v2\/types\/post"}],"author":[{"embeddable":true,"href":"https:\/\/www.gites.net\/blog\/wp-json\/wp\/v2\/users\/10"}],"replies":[{"embeddable":true,"href":"https:\/\/www.gites.net\/blog\/wp-json\/wp\/v2\/comments?post=9985"}],"version-history":[{"count":1,"href":"https:\/\/www.gites.net\/blog\/wp-json\/wp\/v2\/posts\/9985\/revisions"}],"predecessor-version":[{"id":9992,"href":"https:\/\/www.gites.net\/blog\/wp-json\/wp\/v2\/posts\/9985\/revisions\/9992"}],"wp:featuredmedia":[{"embeddable":true,"href":"https:\/\/www.gites.net\/blog\/wp-json\/wp\/v2\/media\/9991"}],"wp:attachment":[{"href":"https:\/\/www.gites.net\/blog\/wp-json\/wp\/v2\/media?parent=9985"}],"wp:term":[{"taxonomy":"category","embeddable":true,"href":"https:\/\/www.gites.net\/blog\/wp-json\/wp\/v2\/categories?post=9985"},{"taxonomy":"post_tag","embeddable":true,"href":"https:\/\/www.gites.net\/blog\/wp-json\/wp\/v2\/tags?post=9985"}],"curies":[{"name":"wp","href":"https:\/\/api.w.org\/{rel}","templated":true}]}}