
{"id":9959,"date":"2021-10-19T14:02:05","date_gmt":"2021-10-19T14:02:05","guid":{"rendered":"https:\/\/www.gites.net\/blog\/?p=9959"},"modified":"2021-10-19T14:02:06","modified_gmt":"2021-10-19T14:02:06","slug":"une-visite-a-nice-en-hiver","status":"publish","type":"post","link":"https:\/\/www.gites.net\/blog\/une-visite-a-nice-en-hiver","title":{"rendered":"Une visite \u00e0 Nice en hiver"},"content":{"rendered":"\n<p>Nice est l\u2019une des <strong>villes les plus c\u00e9l\u00e8bres de la C\u00f4te d\u2019Azur <\/strong>qui accueille<strong> plusieurs touristes<\/strong> majoritairement en \u00e9t\u00e9. <\/p>\n\n\n\n<p>C\u2019est une <strong><a rel=\"noreferrer noopener\" href=\"https:\/\/www.gites.net\/gites\/alpes-maritimes\/nice\" data-type=\"URL\" data-id=\"https:\/\/www.gites.net\/gites\/alpes-maritimes\/nice\" target=\"_blank\">ville super agr\u00e9able<\/a><\/strong> avec un <strong>climat super doux<\/strong> que ce soit en <strong>\u00e9t\u00e9 ou en hiver<\/strong> avec une temp\u00e9rature annuelle de 16\u00ba, raison pour laquelle les gens se tournent beaucoup plus vers cette ville en hiver pour s\u2019\u00e9loigner du temps gris et profiter du beau temps. <\/p>\n\n\n\n<p>Elle se trouve <strong>\u00e0 30km de la fronti\u00e8re Franco-Italienne<\/strong>, perdue entre collines et mer. Venez <strong>d\u00e9couvrir cette magnifique ville<\/strong> et profitez du beau temps qu\u2019il vous offre.<\/p>\n\n\n\n<p><\/p>\n\n\n\n<h2><strong>La Promenade des Anglais<\/strong><\/h2>\n\n\n\n<figure class=\"wp-block-image size-large\"><img loading=\"lazy\" width=\"799\" height=\"533\" src=\"https:\/\/www.gites.net\/blog\/wp-content\/emp\/blogcasas\/2021\/10\/Altug-Karakoc-FLICKR.jpg\" alt=\"\" class=\"wp-image-9960\" srcset=\"https:\/\/www.gites.net\/blog\/wp-content\/emp\/blogcasas\/2021\/10\/Altug-Karakoc-FLICKR.jpg 799w, https:\/\/www.gites.net\/blog\/wp-content\/emp\/blogcasas\/2021\/10\/Altug-Karakoc-FLICKR-300x200.jpg 300w, https:\/\/www.gites.net\/blog\/wp-content\/emp\/blogcasas\/2021\/10\/Altug-Karakoc-FLICKR-768x512.jpg 768w, https:\/\/www.gites.net\/blog\/wp-content\/emp\/blogcasas\/2021\/10\/Altug-Karakoc-FLICKR-320x213.jpg 320w\" sizes=\"(max-width: 799px) 100vw, 799px\" \/><\/figure>\n\n\n\n<p>Il est quasi impossible de venir \u00e0 Nice sans faire un<strong> tour sur cette belle avenue<\/strong> qui d\u2019ailleurs, est aujourd\u2019hui l\u2019une des avenues <strong>les plus c\u00e9l\u00e8bres au monde<\/strong>. <\/p>\n\n\n\n<p>Connue dans le monde entier, cette belle avenue sur <strong>pr\u00e8s de 7 km<\/strong> est<strong> bord\u00e9e de palmiers<\/strong> et ses jolies chaises bleues qui lui apportent un charme sans pareil. Elle va de <strong>colline du ch\u00e2teau<\/strong> jusqu\u2019\u00e0 l\u2019a\u00e9roport de Nice en passant par des h\u00f4tels luxueux 5 \u00e9toiles.<\/p>\n\n\n\n<p>Pour la petite histoire, elle tire son nom de la<strong> pr\u00e9sence nombreuse des Anglais<\/strong> qui \u00e9tait leur lieu favori durant l\u2019hiver. Pour la d\u00e9couvrir en entier, nous vous conseillons de <strong>louer un v\u00e9lo ou des rollers<\/strong>.<\/p>\n\n\n\n<p><\/p>\n\n\n\n<h2><strong>Le Carnaval de Nice<\/strong><\/h2>\n\n\n\n<figure class=\"wp-block-image size-large\"><img loading=\"lazy\" width=\"800\" height=\"640\" src=\"https:\/\/www.gites.net\/blog\/wp-content\/emp\/blogcasas\/2021\/10\/Lambert-Rellosa-FLICKR.jpg\" alt=\"\" class=\"wp-image-9961\" srcset=\"https:\/\/www.gites.net\/blog\/wp-content\/emp\/blogcasas\/2021\/10\/Lambert-Rellosa-FLICKR.jpg 800w, https:\/\/www.gites.net\/blog\/wp-content\/emp\/blogcasas\/2021\/10\/Lambert-Rellosa-FLICKR-300x240.jpg 300w, https:\/\/www.gites.net\/blog\/wp-content\/emp\/blogcasas\/2021\/10\/Lambert-Rellosa-FLICKR-768x614.jpg 768w\" sizes=\"(max-width: 800px) 100vw, 800px\" \/><\/figure>\n\n\n\n<p>Chaque ann\u00e9e au <strong>mois de F\u00e9vrier<\/strong>, le carnaval de Nice a lieu et ce, durant <strong>deux semaines<\/strong>. C\u2019est le plus grand carnaval de France et l\u2019un des<strong> plus renomm\u00e9s au monde<\/strong>. <\/p>\n\n\n\n<p>Ce carnaval accueille des <strong>milliers de spectateurs <\/strong>du monde entier qui viennent profiter du spectacle avec plus de milles <strong>musiciens et danseurs<\/strong>, des chars colossal et color\u00e9s et la traditionnelle bataille des fleurs o\u00f9 plus de<strong> 100 000 fleurs <\/strong>sont lanc\u00e9s au public sur la promenade des anglais. <\/p>\n\n\n\n<p>Vous garderez des souvenirs inoubliables de cet<strong> \u00e9v\u00e9nement magique<\/strong> qui vous fera d\u00e9couvrir Nice sous une autre facette. <\/p>\n\n\n\n<p>Et c\u2019est sans d\u00e9bat que cette belle f\u00eate vous fera oublier que vous \u00eates en plein hiver.<\/p>\n\n\n\n<p><\/p>\n\n\n\n<h2><strong>Visiter le vieux Nice<\/strong><\/h2>\n\n\n\n<figure class=\"wp-block-image size-large\"><img loading=\"lazy\" width=\"799\" height=\"533\" src=\"https:\/\/www.gites.net\/blog\/wp-content\/emp\/blogcasas\/2021\/10\/Jean-Pierre-Dalbera-FLICKR.jpg\" alt=\"\" class=\"wp-image-9962\" srcset=\"https:\/\/www.gites.net\/blog\/wp-content\/emp\/blogcasas\/2021\/10\/Jean-Pierre-Dalbera-FLICKR.jpg 799w, https:\/\/www.gites.net\/blog\/wp-content\/emp\/blogcasas\/2021\/10\/Jean-Pierre-Dalbera-FLICKR-300x200.jpg 300w, https:\/\/www.gites.net\/blog\/wp-content\/emp\/blogcasas\/2021\/10\/Jean-Pierre-Dalbera-FLICKR-768x512.jpg 768w, https:\/\/www.gites.net\/blog\/wp-content\/emp\/blogcasas\/2021\/10\/Jean-Pierre-Dalbera-FLICKR-320x213.jpg 320w\" sizes=\"(max-width: 799px) 100vw, 799px\" \/><\/figure>\n\n\n\n<p>C\u2019est un autre<strong> lieu incontournable<\/strong> lorsqu\u2019il s\u2019agit de visiter Nice. Venez-vous balader dans <strong>ces ruelles color\u00e9es<\/strong> et ombrag\u00e9es avec des fa\u00e7ades de volets \u00e0 persienne et d\u00e9couvrez les <strong>nombreux petits commerces<\/strong> pour un shopping local. <\/p>\n\n\n\n<p>Nous ne pouvons pas parler du vieux Nice sans mentionner<strong> le Cours Saleya<\/strong> o\u00f9 a lieu chaque matin le march\u00e9 aux fleurs et le<strong> fameux march\u00e9 <\/strong>o\u00f9 vous pourrez faire l\u2019achat des <strong>produits locaux<\/strong>. Vous y trouverez de nombreux restaurants et bars o\u00f9 il y\u2019a beaucoup d\u2019ambiance que ce soit en hiver ou en \u00e9t\u00e9.<\/p>\n\n\n\n<p>Vous avez d\u2019autres lieux incontournables comme la <strong>place du palais de Justice,<\/strong> ou encore la <strong>place de Rossetti <\/strong>qui d\u2019ailleurs est l\u2019une des plus anim\u00e9e de Nice et o\u00f9 vous trouverez la <strong>Cath\u00e9drale Sainte-R\u00e9parate.<\/strong><\/p>\n\n\n\n<p><\/p>\n\n\n\n<h2><strong>D\u00e9guster les sp\u00e9cialit\u00e9s Ni\u00e7oises<\/strong><\/h2>\n\n\n\n<figure class=\"wp-block-image size-large\"><img loading=\"lazy\" width=\"799\" height=\"533\" src=\"https:\/\/www.gites.net\/blog\/wp-content\/emp\/blogcasas\/2021\/10\/jf2c-FLICKR.jpg\" alt=\"\" class=\"wp-image-9963\" srcset=\"https:\/\/www.gites.net\/blog\/wp-content\/emp\/blogcasas\/2021\/10\/jf2c-FLICKR.jpg 799w, https:\/\/www.gites.net\/blog\/wp-content\/emp\/blogcasas\/2021\/10\/jf2c-FLICKR-300x200.jpg 300w, https:\/\/www.gites.net\/blog\/wp-content\/emp\/blogcasas\/2021\/10\/jf2c-FLICKR-768x512.jpg 768w, https:\/\/www.gites.net\/blog\/wp-content\/emp\/blogcasas\/2021\/10\/jf2c-FLICKR-320x213.jpg 320w\" sizes=\"(max-width: 799px) 100vw, 799px\" \/><\/figure>\n\n\n\n<p>Venir \u00e0 Nice sans gouter \u00e0<strong> leur sp\u00e9cialit\u00e9<\/strong> serait un p\u00e9ch\u00e9, c\u2019est qu\u2019on y vient pour son architecture, son beau temps, mais <strong>go\u00fbter \u00e0 sa gastronomie<\/strong> est une chose incontournable faire. <\/p>\n\n\n\n<p>Vous avez de <strong>nombreuses sp\u00e9cialit\u00e9s<\/strong> que vous pouvez go\u00fbter qui d\u2019ailleurs sont aussi bonnes les uns que les autres. Commencez par<strong> go\u00fbter la Socca, <\/strong>qui est l\u2019une des sp\u00e9cialit\u00e9s ni\u00e7oises les plus connues et <strong>la plus traditionnelle<\/strong>, fait \u00e0 base de farine et de pois chiches, frit dan un peu d\u2019huile elle doit un tout petit peu \u00eatre cr\u00e9meuse \u00e0 l\u2019int\u00e9rieur, c\u2019est un pur et vrai d\u00e9lice. <\/p>\n\n\n\n<p>Vous avez aussi la <strong><em>pissaladi\u00e8re <\/em><\/strong>qui est une autre sp\u00e9cialit\u00e9, mais nous ne pouvons pas terminer sans mentionner la fameuse <strong>salade ni\u00e7oise.<\/strong><\/p>\n\n\n\n<p><\/p>\n\n\n\n<h2><strong>Faire du Ski<\/strong><\/h2>\n\n\n\n<figure class=\"wp-block-image size-large\"><img loading=\"lazy\" width=\"799\" height=\"533\" src=\"https:\/\/www.gites.net\/blog\/wp-content\/emp\/blogcasas\/2021\/10\/borisdenice-FLICKR.jpg\" alt=\"\" class=\"wp-image-9964\" srcset=\"https:\/\/www.gites.net\/blog\/wp-content\/emp\/blogcasas\/2021\/10\/borisdenice-FLICKR.jpg 799w, https:\/\/www.gites.net\/blog\/wp-content\/emp\/blogcasas\/2021\/10\/borisdenice-FLICKR-300x200.jpg 300w, https:\/\/www.gites.net\/blog\/wp-content\/emp\/blogcasas\/2021\/10\/borisdenice-FLICKR-768x512.jpg 768w, https:\/\/www.gites.net\/blog\/wp-content\/emp\/blogcasas\/2021\/10\/borisdenice-FLICKR-320x213.jpg 320w\" sizes=\"(max-width: 799px) 100vw, 799px\" \/><\/figure>\n\n\n\n<p>Vous \u00eates s\u00fbrement entrain de vous demander <strong>comment il est possible de faire du ski \u00e0 Nice\u00a0<\/strong>? Se baigner le matin et aller skier dans l\u2019apr\u00e8s-midi, oui, <strong>tout est possible<\/strong> quand nous sommes sur le territoire Ni\u00e7ois. <\/p>\n\n\n\n<p>Vous avez plusieurs <strong>stations de ski \u00e0 1h30 de route<\/strong> de Littoral, n\u2019est-ce pas merveilleux\u00a0?<strong> Passer du chaud au froid<\/strong> en un claquement de doigt. Vous avez des <strong>pistes skiables familiaux<\/strong> avec <strong>plusieurs activit\u00e9s <\/strong>qui s\u2019offrent \u00e0 vous et des pistes pour les professionnels. <\/p>\n\n\n\n<p>Les <strong>meilleures stations <\/strong>de ski que vous pouvez trouver \u00e0 proximit\u00e9, il y\u2019a\u00a0: <strong>Valberg<\/strong>, qui est une station de Ski de famille, <strong>Auron<\/strong>, <strong>Isola <\/strong>et bien d\u2019autres.<\/p>\n","protected":false},"excerpt":{"rendered":"<p>Nice est l\u2019une des villes les plus c\u00e9l\u00e8bres de la C\u00f4te d\u2019Azur qui accueille plusieurs touristes majoritairement en \u00e9t\u00e9. C\u2019est une ville super agr\u00e9able avec un climat super doux que ce soit en \u00e9t\u00e9 ou en hiver avec une temp\u00e9rature&hellip; <br \/><a class=\"read-more-button\" href=\"https:\/\/www.gites.net\/blog\/une-visite-a-nice-en-hiver\">Savoir plus<\/a><\/p>\n","protected":false},"author":10,"featured_media":9965,"comment_status":"open","ping_status":"open","sticky":false,"template":"","format":"standard","meta":[],"categories":[8],"tags":[128],"_links":{"self":[{"href":"https:\/\/www.gites.net\/blog\/wp-json\/wp\/v2\/posts\/9959"}],"collection":[{"href":"https:\/\/www.gites.net\/blog\/wp-json\/wp\/v2\/posts"}],"about":[{"href":"https:\/\/www.gites.net\/blog\/wp-json\/wp\/v2\/types\/post"}],"author":[{"embeddable":true,"href":"https:\/\/www.gites.net\/blog\/wp-json\/wp\/v2\/users\/10"}],"replies":[{"embeddable":true,"href":"https:\/\/www.gites.net\/blog\/wp-json\/wp\/v2\/comments?post=9959"}],"version-history":[{"count":1,"href":"https:\/\/www.gites.net\/blog\/wp-json\/wp\/v2\/posts\/9959\/revisions"}],"predecessor-version":[{"id":9966,"href":"https:\/\/www.gites.net\/blog\/wp-json\/wp\/v2\/posts\/9959\/revisions\/9966"}],"wp:featuredmedia":[{"embeddable":true,"href":"https:\/\/www.gites.net\/blog\/wp-json\/wp\/v2\/media\/9965"}],"wp:attachment":[{"href":"https:\/\/www.gites.net\/blog\/wp-json\/wp\/v2\/media?parent=9959"}],"wp:term":[{"taxonomy":"category","embeddable":true,"href":"https:\/\/www.gites.net\/blog\/wp-json\/wp\/v2\/categories?post=9959"},{"taxonomy":"post_tag","embeddable":true,"href":"https:\/\/www.gites.net\/blog\/wp-json\/wp\/v2\/tags?post=9959"}],"curies":[{"name":"wp","href":"https:\/\/api.w.org\/{rel}","templated":true}]}}