
{"id":9933,"date":"2021-10-05T13:42:18","date_gmt":"2021-10-05T13:42:18","guid":{"rendered":"https:\/\/www.gites.net\/blog\/?p=9933"},"modified":"2021-10-05T13:42:47","modified_gmt":"2021-10-05T13:42:47","slug":"les-plus-beaux-parcs-de-france","status":"publish","type":"post","link":"https:\/\/www.gites.net\/blog\/les-plus-beaux-parcs-de-france","title":{"rendered":"Les plus beaux parcs de France"},"content":{"rendered":"\n<p>La n\u00e9cessit\u00e9 de partir \u00e0 l\u2019autre bout du monde pour <strong>d\u00e9couvrir de nouveaux paysages<\/strong> et avoir la sensation d\u2019\u00eatre d\u00e9pays\u00e9 n\u2019a pas sa place, car notre magnifique pays la France nous offre d\u00e9j\u00e0 des <strong>paysages \u00e0 couper le souffle <\/strong>que nous pouvons d\u00e9couvrir et explorer. <\/p>\n\n\n\n<p>Elle poss\u00e8de <strong>une nature des plus diversifi\u00e9s<\/strong> et \u00e0 couper le souffle qui vous \u00e9merveillera. Avec <strong>plus d\u2019une dizaine de parcs nationaux <\/strong>et une <strong>cinquantaine de parcs r\u00e9gionaux <\/strong>\u00e0 son actif, nous vous assurons de magnifiques balades et d\u00e9couvertes car chaque parc que vous allez visiter, a sa propre particularit\u00e9 et <strong>sa richesse naturelle. <\/strong><\/p>\n\n\n\n<p>Suivez-nous dans ce p\u00e9riple \u00e0 la<strong> d\u00e9couverte des plus beaux parcs de France<\/strong> des \u00c9crins au Mercantour en passant par les Gorges du Verdon.<\/p>\n\n\n\n<p><\/p>\n\n\n\n<h2><strong>Parc National des \u00c9crins<\/strong><\/h2>\n\n\n\n<figure class=\"wp-block-image size-large\"><img loading=\"lazy\" width=\"799\" height=\"533\" src=\"https:\/\/www.gites.net\/blog\/wp-content\/emp\/blogcasas\/2021\/10\/Jeanne-Menjoulet-FLICKR.jpg\" alt=\"\" class=\"wp-image-9934\" srcset=\"https:\/\/www.gites.net\/blog\/wp-content\/emp\/blogcasas\/2021\/10\/Jeanne-Menjoulet-FLICKR.jpg 799w, https:\/\/www.gites.net\/blog\/wp-content\/emp\/blogcasas\/2021\/10\/Jeanne-Menjoulet-FLICKR-300x200.jpg 300w, https:\/\/www.gites.net\/blog\/wp-content\/emp\/blogcasas\/2021\/10\/Jeanne-Menjoulet-FLICKR-768x512.jpg 768w, https:\/\/www.gites.net\/blog\/wp-content\/emp\/blogcasas\/2021\/10\/Jeanne-Menjoulet-FLICKR-320x213.jpg 320w\" sizes=\"(max-width: 799px) 100vw, 799px\" \/><\/figure>\n\n\n\n<p>Situ\u00e9 entre les Alpes du Nord et les Alpes du Sud, le <strong>Parc National des \u00c9crins<\/strong> est consid\u00e9r\u00e9 comme \u00e9tant <strong>Le parc Europ\u00e9en<\/strong> de la <strong><a rel=\"noreferrer noopener\" href=\"https:\/\/www.gites.net\/gites\/hautes-alpes\" data-type=\"URL\" data-id=\"https:\/\/www.gites.net\/gites\/hautes-alpes\" target=\"_blank\">haute montagne<\/a><\/strong>. <\/p>\n\n\n\n<p>Son massif se compose de<strong> sept grandes vall\u00e9es<\/strong> et pas moins de 100 sommets parmi lesquels vous avez la <strong>Barre des \u00c9crins. <\/strong>C\u2019est une destination de r\u00eave pour les <strong>randonneurs <\/strong>et les <strong>grimpeurs <\/strong>de <strong>haut niveau<\/strong>. <\/p>\n\n\n\n<p>Lors de votre balade, vous serez agr\u00e9ablement surpris par la <strong>puret\u00e9 des paysages,<\/strong> que ce soit pour ses pics de montagnes majestueuses et enneig\u00e9s, ses prairies vertes,<strong> ses lacs et ses glaciers<\/strong>. <\/p>\n\n\n\n<p>Autant que la flore est diversifi\u00e9e, c\u2019est pareil pour la faune et si vous \u00eates chanceux, lors de votre promenade vous croiserez peut-\u00eatre le lagop\u00e8de qui est une <strong>perdrix des neiges en voie<\/strong> de disparition.<\/p>\n\n\n\n<p><\/p>\n\n\n\n<h2><strong>Parc National Mercantour<\/strong><\/h2>\n\n\n\n<figure class=\"wp-block-image size-large\"><img loading=\"lazy\" width=\"799\" height=\"532\" src=\"https:\/\/www.gites.net\/blog\/wp-content\/emp\/blogcasas\/2021\/10\/Olivier-Duquesne-FLICKR.jpg\" alt=\"\" class=\"wp-image-9935\" srcset=\"https:\/\/www.gites.net\/blog\/wp-content\/emp\/blogcasas\/2021\/10\/Olivier-Duquesne-FLICKR.jpg 799w, https:\/\/www.gites.net\/blog\/wp-content\/emp\/blogcasas\/2021\/10\/Olivier-Duquesne-FLICKR-300x200.jpg 300w, https:\/\/www.gites.net\/blog\/wp-content\/emp\/blogcasas\/2021\/10\/Olivier-Duquesne-FLICKR-768x511.jpg 768w, https:\/\/www.gites.net\/blog\/wp-content\/emp\/blogcasas\/2021\/10\/Olivier-Duquesne-FLICKR-320x213.jpg 320w\" sizes=\"(max-width: 799px) 100vw, 799px\" \/><\/figure>\n\n\n\n<p>Le <strong>Parc National du Mercantour<\/strong> est situ\u00e9 entre les <strong><a rel=\"noreferrer noopener\" href=\"https:\/\/www.gites.net\/gites\/alpes-maritimes\" data-type=\"URL\" data-id=\"https:\/\/www.gites.net\/gites\/alpes-maritimes\" target=\"_blank\">Alpes-Maritimes<\/a><\/strong> et les <strong>Alpes de Haute-Provence<\/strong> \u00e0 1heure de la C\u00f4te d\u2019Azur. <\/p>\n\n\n\n<p>Il s\u2019\u00e9tend de la <strong>montagne \u00e0 la mer<\/strong> et offre une multitude choix de <strong>randonn\u00e9e <\/strong>pour tous les niveaux confondus. Il a \u00e9t\u00e9 <strong>cr\u00e9\u00e9 en 1979 <\/strong>et sa position entre mer et montagne comme nous l\u2019avons <strong>stipul\u00e9 plus haut<\/strong> lui donne la notori\u00e9t\u00e9 d\u2019\u00eatre l\u2019un des <strong>plus riches espaces naturels<\/strong> de la m\u00e9galopole. <\/p>\n\n\n\n<p>Faire un tour dans la<strong> vall\u00e9e des Merveilles<\/strong> est incontournable avec ses <strong>gravures rupestres,<\/strong> son paysage min\u00e9ral \u00e0 couper le souffle et des lacs. Vous pourrez y pratiquer de nombreuses <strong>activit\u00e9s pour chaque saison.<\/strong><\/p>\n\n\n\n<p><\/p>\n\n\n\n<h2><strong>Parc naturel r\u00e9gional du Verdon<\/strong><\/h2>\n\n\n\n<figure class=\"wp-block-image size-large\"><img loading=\"lazy\" width=\"799\" height=\"533\" src=\"https:\/\/www.gites.net\/blog\/wp-content\/emp\/blogcasas\/2021\/10\/Doggettx-FLICKR.jpg\" alt=\"\" class=\"wp-image-9936\" srcset=\"https:\/\/www.gites.net\/blog\/wp-content\/emp\/blogcasas\/2021\/10\/Doggettx-FLICKR.jpg 799w, https:\/\/www.gites.net\/blog\/wp-content\/emp\/blogcasas\/2021\/10\/Doggettx-FLICKR-300x200.jpg 300w, https:\/\/www.gites.net\/blog\/wp-content\/emp\/blogcasas\/2021\/10\/Doggettx-FLICKR-768x512.jpg 768w, https:\/\/www.gites.net\/blog\/wp-content\/emp\/blogcasas\/2021\/10\/Doggettx-FLICKR-320x213.jpg 320w\" sizes=\"(max-width: 799px) 100vw, 799px\" \/><\/figure>\n\n\n\n<p>Le <strong>Parc Naturel R\u00e9gional du Verdon<\/strong> est incontestablement <strong>le plus beau parc naturel de France <\/strong>et ce, \u00e0 l\u2019unanimit\u00e9\u00a0! Il se trouve<strong> dans l\u2019arri\u00e8re-pays Varois<\/strong> dans les Alpes de Haute Provence. <\/p>\n\n\n\n<p>Il abrite <strong>le canyon le plus et le plus profond<\/strong> d\u2019Europe avec une profondeur allant jusqu\u2019\u00e0 <strong>700 m\u00e8tres <\/strong>au-dessus de l\u2019eau. Vous y trouverez aussi la<strong> rivi\u00e8re de Verdon <\/strong>avec ses aux eaux bleu turquoise qui est tout simplement \u00e9poustouflant, c\u2019est le lieu <strong>parfait pour se baigner<\/strong> et pratiquer des activit\u00e9s sportives. <\/p>\n\n\n\n<p>Vous pouvez la descendre et rejoindre les <strong><a rel=\"noreferrer noopener\" href=\"https:\/\/www.gites.net\/gites\/gorges-du-verdon\" data-type=\"URL\" data-id=\"https:\/\/www.gites.net\/gites\/gorges-du-verdon\" target=\"_blank\">Gorges du Verdon<\/a><\/strong> en <strong>cano\u00eb, faire du rafting<\/strong> et d\u2019autres activit\u00e9s. Vous pouvez profiter de votre pr\u00e9sence dans la r\u00e9gion pour faire une petite promenade dans les<strong> champs de lavande<\/strong>. <\/p>\n\n\n\n<p>Vous allez adorer vous <strong>reconnecter \u00e0 la nature <\/strong>en famille ou entre amis dans ce cadre idyllique.<\/p>\n\n\n\n<p><\/p>\n\n\n\n<h2><strong>Parc National Vanoise<\/strong><\/h2>\n\n\n\n<figure class=\"wp-block-image size-large\"><img loading=\"lazy\" width=\"799\" height=\"533\" src=\"https:\/\/www.gites.net\/blog\/wp-content\/emp\/blogcasas\/2021\/10\/Bruce-Baker-FLICKR.jpg\" alt=\"\" class=\"wp-image-9937\" srcset=\"https:\/\/www.gites.net\/blog\/wp-content\/emp\/blogcasas\/2021\/10\/Bruce-Baker-FLICKR.jpg 799w, https:\/\/www.gites.net\/blog\/wp-content\/emp\/blogcasas\/2021\/10\/Bruce-Baker-FLICKR-300x200.jpg 300w, https:\/\/www.gites.net\/blog\/wp-content\/emp\/blogcasas\/2021\/10\/Bruce-Baker-FLICKR-768x512.jpg 768w, https:\/\/www.gites.net\/blog\/wp-content\/emp\/blogcasas\/2021\/10\/Bruce-Baker-FLICKR-320x213.jpg 320w\" sizes=\"(max-width: 799px) 100vw, 799px\" \/><\/figure>\n\n\n\n<p>Il s\u2019agit du tout<strong> premier parc national cr\u00e9\u00e9 <\/strong>en France en 1963, <strong><a rel=\"noreferrer noopener\" href=\"https:\/\/www.gites.net\/gites\/savoie\" data-type=\"URL\" data-id=\"https:\/\/www.gites.net\/gites\/savoie\" target=\"_blank\">situ\u00e9 en Savoie<\/a><\/strong>, il a \u00e9t\u00e9 cr\u00e9\u00e9 dans le but de prot\u00e9ger le bouquetin menac\u00e9 d\u2019extinction, ce qui a fonctionn\u00e9, vu qu\u2019aujourd\u2019hui, le parc abrite la <strong>plus importante population de bouquetins. <\/strong><\/p>\n\n\n\n<p>La biodiversit\u00e9 du parc est riche avec<strong> 1200 esp\u00e8ces v\u00e9g\u00e9tales <\/strong>sur une superficie de plus de <strong>145 000 hectares. <\/strong>Avec plus d\u2019une<strong> centaine de lacs,<\/strong> de sentiers, et de glaciers, le parc offre de <strong>nombreux itin\u00e9raires <\/strong>de randonn\u00e9es pour le plus grand bonheur des randonneurs. <\/p>\n\n\n\n<p>Il est \u00e9galement de rappeler que le <em><strong>Parc National de Vanoise <\/strong><\/em>abrite les meilleures<strong> stations de ski d\u2019Europe.<\/strong><\/p>\n\n\n\n<p><\/p>\n\n\n\n<h2><strong>Parc naturel r\u00e9gional de Camargue<\/strong><\/h2>\n\n\n\n<figure class=\"wp-block-image size-large\"><img loading=\"lazy\" width=\"799\" height=\"533\" src=\"https:\/\/www.gites.net\/blog\/wp-content\/emp\/blogcasas\/2021\/10\/Andrea-Schaffer-FLICKR.jpg\" alt=\"\" class=\"wp-image-9938\" srcset=\"https:\/\/www.gites.net\/blog\/wp-content\/emp\/blogcasas\/2021\/10\/Andrea-Schaffer-FLICKR.jpg 799w, https:\/\/www.gites.net\/blog\/wp-content\/emp\/blogcasas\/2021\/10\/Andrea-Schaffer-FLICKR-300x200.jpg 300w, https:\/\/www.gites.net\/blog\/wp-content\/emp\/blogcasas\/2021\/10\/Andrea-Schaffer-FLICKR-768x512.jpg 768w, https:\/\/www.gites.net\/blog\/wp-content\/emp\/blogcasas\/2021\/10\/Andrea-Schaffer-FLICKR-320x213.jpg 320w\" sizes=\"(max-width: 799px) 100vw, 799px\" \/><\/figure>\n\n\n\n<p>Venez appr\u00e9cier la faune du parc naturel de <strong><a rel=\"noreferrer noopener\" href=\"https:\/\/www.gites.net\/gites\/camargue\" data-type=\"URL\" data-id=\"https:\/\/www.gites.net\/gites\/camargue\" target=\"_blank\">la Camargue<\/a><\/strong> au creux des bras du Rh\u00f4ne avec <strong>plus de 150 000 hectares<\/strong> et incontestablement l\u2019un des plus <strong>beaux parcs de France.<\/strong> <\/p>\n\n\n\n<p>C\u2019est une vaste <strong>zone humide <\/strong>avec mar\u00e9cages, rizi\u00e8res et \u00e9tangs qui est un vrai <strong>sanctuaire pour les oiseaux <\/strong>comme les oies, les canards, les cygnes mais plus particuli\u00e8rement les f<strong>ameux flamants roses.<\/strong> <\/p>\n\n\n\n<p>Vous pourrez aussi y admirer les fameux <strong>chevaux sauvages<\/strong> de la Camargue et les marais salants qui prennent une couleur ros\u00e9e \u00e0 une p\u00e9riode de l\u2019ann\u00e9e.<\/p>\n","protected":false},"excerpt":{"rendered":"<p>La n\u00e9cessit\u00e9 de partir \u00e0 l\u2019autre bout du monde pour d\u00e9couvrir de nouveaux paysages et avoir la sensation d\u2019\u00eatre d\u00e9pays\u00e9 n\u2019a pas sa place, car notre magnifique pays la France nous offre d\u00e9j\u00e0 des paysages \u00e0 couper le souffle que&hellip; <br \/><a class=\"read-more-button\" href=\"https:\/\/www.gites.net\/blog\/les-plus-beaux-parcs-de-france\">Savoir plus<\/a><\/p>\n","protected":false},"author":10,"featured_media":9939,"comment_status":"open","ping_status":"open","sticky":false,"template":"","format":"standard","meta":[],"categories":[8],"tags":[129],"_links":{"self":[{"href":"https:\/\/www.gites.net\/blog\/wp-json\/wp\/v2\/posts\/9933"}],"collection":[{"href":"https:\/\/www.gites.net\/blog\/wp-json\/wp\/v2\/posts"}],"about":[{"href":"https:\/\/www.gites.net\/blog\/wp-json\/wp\/v2\/types\/post"}],"author":[{"embeddable":true,"href":"https:\/\/www.gites.net\/blog\/wp-json\/wp\/v2\/users\/10"}],"replies":[{"embeddable":true,"href":"https:\/\/www.gites.net\/blog\/wp-json\/wp\/v2\/comments?post=9933"}],"version-history":[{"count":1,"href":"https:\/\/www.gites.net\/blog\/wp-json\/wp\/v2\/posts\/9933\/revisions"}],"predecessor-version":[{"id":9940,"href":"https:\/\/www.gites.net\/blog\/wp-json\/wp\/v2\/posts\/9933\/revisions\/9940"}],"wp:featuredmedia":[{"embeddable":true,"href":"https:\/\/www.gites.net\/blog\/wp-json\/wp\/v2\/media\/9939"}],"wp:attachment":[{"href":"https:\/\/www.gites.net\/blog\/wp-json\/wp\/v2\/media?parent=9933"}],"wp:term":[{"taxonomy":"category","embeddable":true,"href":"https:\/\/www.gites.net\/blog\/wp-json\/wp\/v2\/categories?post=9933"},{"taxonomy":"post_tag","embeddable":true,"href":"https:\/\/www.gites.net\/blog\/wp-json\/wp\/v2\/tags?post=9933"}],"curies":[{"name":"wp","href":"https:\/\/api.w.org\/{rel}","templated":true}]}}