
{"id":9902,"date":"2021-09-23T07:18:29","date_gmt":"2021-09-23T07:18:29","guid":{"rendered":"https:\/\/www.gites.net\/blog\/?p=9902"},"modified":"2021-09-23T07:18:30","modified_gmt":"2021-09-23T07:18:30","slug":"vestiges-de-la-1ere-guerre-mondiale-en-france","status":"publish","type":"post","link":"https:\/\/www.gites.net\/blog\/vestiges-de-la-1ere-guerre-mondiale-en-france","title":{"rendered":"Vestiges de la 1\u00e8re Guerre Mondiale en France"},"content":{"rendered":"\n<p>La <strong>premi\u00e8re Guerre Mondiale<\/strong> qui a dur\u00e9 de <strong>1914 \u00e0 1918<\/strong> est un conflit militaire qui a tout d\u2019abord impliqu\u00e9 les puissances Europ\u00e9ennes, ensuite, elle s\u2019est \u00e9tendue aux autres continents. <\/p>\n\n\n\n<p>Cette guerre a fait de <strong>nombreux morts<\/strong> avec pr\u00e8s de 10 millions de morts dans le monde et <strong>plus d\u2019un million en France<\/strong>. Plus d\u2019un si\u00e8cle d\u00e9j\u00e0 apr\u00e8s cette guerre, si les traces de cette guerre s\u2019effacent,<strong> les vestiges <\/strong>quant \u00e0 elle restent que ce soit au niveau de la <strong>pr\u00e9servation des champs de bataille<\/strong>, des mus\u00e9es, des monuments et pleins d\u2019autres lieux. <\/p>\n\n\n\n<p>Dans la suite de notre article, nous verrons les<strong> vestiges li\u00e9s \u00e0 la 1<sup>\u00e8re<\/sup> Guerre Mondiale <\/strong>en France.<\/p>\n\n\n\n<p><\/p>\n\n\n\n<h2><strong>M\u00e9morial de Verdun<\/strong><\/h2>\n\n\n\n<figure class=\"wp-block-image size-large\"><img loading=\"lazy\" width=\"800\" height=\"600\" src=\"https:\/\/www.gites.net\/blog\/wp-content\/emp\/blogcasas\/2021\/09\/Paul-Arps-FLICKR.jpg\" alt=\"\" class=\"wp-image-9903\" srcset=\"https:\/\/www.gites.net\/blog\/wp-content\/emp\/blogcasas\/2021\/09\/Paul-Arps-FLICKR.jpg 800w, https:\/\/www.gites.net\/blog\/wp-content\/emp\/blogcasas\/2021\/09\/Paul-Arps-FLICKR-300x225.jpg 300w, https:\/\/www.gites.net\/blog\/wp-content\/emp\/blogcasas\/2021\/09\/Paul-Arps-FLICKR-768x576.jpg 768w, https:\/\/www.gites.net\/blog\/wp-content\/emp\/blogcasas\/2021\/09\/Paul-Arps-FLICKR-156x117.jpg 156w\" sizes=\"(max-width: 800px) 100vw, 800px\" \/><\/figure>\n\n\n\n<p>Ce m\u00e9morial a \u00e9t\u00e9 <strong>cr\u00e9\u00e9 en 1967<\/strong> sous la pression de <strong>Maurice Genevoix <\/strong>qui est un ancien combattant. Le m\u00e9morial se trouve dans la <strong>Meuse \u00e0 Fleury-devant-Douaumont.<\/strong> <\/p>\n\n\n\n<p>Il est en plein <strong>c\u0153ur m\u00eame du champ de bataille<\/strong> pour permettre aux touristes de s\u2019impr\u00e9gner vraiment de la sc\u00e8ne. Lors de votre visite, vous y d\u00e9couvrirez des<strong> objets de collection<\/strong>, des <strong>photographies <\/strong>et m\u00eame des t\u00e9moignages des soldats relatant cette terrible p\u00e9riode. <\/p>\n\n\n\n<p>Le mus\u00e9e s\u2019\u00e9tend sur <strong>3 niveaux <\/strong>et propose un <strong>spectacle audiovisuel<\/strong> de la bataille.<\/p>\n\n\n\n<p><\/p>\n\n\n\n<h2><strong>Le Fort de Douaumont<\/strong><\/h2>\n\n\n\n<figure class=\"wp-block-image size-large\"><img loading=\"lazy\" width=\"800\" height=\"532\" src=\"https:\/\/www.gites.net\/blog\/wp-content\/emp\/blogcasas\/2021\/09\/Frederic-BISSON-FLICKR.jpg\" alt=\"\" class=\"wp-image-9904\" srcset=\"https:\/\/www.gites.net\/blog\/wp-content\/emp\/blogcasas\/2021\/09\/Frederic-BISSON-FLICKR.jpg 800w, https:\/\/www.gites.net\/blog\/wp-content\/emp\/blogcasas\/2021\/09\/Frederic-BISSON-FLICKR-300x200.jpg 300w, https:\/\/www.gites.net\/blog\/wp-content\/emp\/blogcasas\/2021\/09\/Frederic-BISSON-FLICKR-768x511.jpg 768w, https:\/\/www.gites.net\/blog\/wp-content\/emp\/blogcasas\/2021\/09\/Frederic-BISSON-FLICKR-320x213.jpg 320w\" sizes=\"(max-width: 800px) 100vw, 800px\" \/><\/figure>\n\n\n\n<p>Le fort de Douaumont se trouvant <strong><a href=\"https:\/\/www.gites.net\/gites\/meuse\" data-type=\"URL\" data-id=\"https:\/\/www.gites.net\/gites\/meuse\" target=\"_blank\" rel=\"noreferrer noopener\">dans la Meuse<\/a><\/strong> fait partie de l\u2019un des plus grands t\u00e9moins des atrocit\u00e9s de la 1<sup>\u00e8re<\/sup> Guerre Mondiale. <\/p>\n\n\n\n<p>Ce lieu a \u00e9t\u00e9 <strong>occup\u00e9 pendant 8 longs mois<\/strong> par<strong> l\u2019arm\u00e9e Allemande<\/strong> pour ensuite revenir dans les mains des Fran\u00e7ais en Octobre 1916. Lors de votre visite, vous verrez des <strong>photographies <\/strong>et <strong>films d\u2019antan<\/strong> et m\u00eame des t\u00e9moignages gla\u00e7ants. <\/p>\n\n\n\n<p>Vous d\u00e9couvrirez aussi <strong>une petite chambre<\/strong>, une petite tour et m\u00eame le lieu de repos des soldats Allemands. Il est aujourd\u2019hui class\u00e9 aux <strong>monuments historiques.<\/strong><\/p>\n\n\n\n<p><\/p>\n\n\n\n<h2><strong>La carri\u00e8re de Wellington<\/strong><\/h2>\n\n\n\n<figure class=\"wp-block-image size-large\"><img loading=\"lazy\" width=\"800\" height=\"533\" src=\"https:\/\/www.gites.net\/blog\/wp-content\/emp\/blogcasas\/2021\/09\/BiblioArchives-LibraryArchives-FLICKR.jpg\" alt=\"\" class=\"wp-image-9905\" srcset=\"https:\/\/www.gites.net\/blog\/wp-content\/emp\/blogcasas\/2021\/09\/BiblioArchives-LibraryArchives-FLICKR.jpg 800w, https:\/\/www.gites.net\/blog\/wp-content\/emp\/blogcasas\/2021\/09\/BiblioArchives-LibraryArchives-FLICKR-300x200.jpg 300w, https:\/\/www.gites.net\/blog\/wp-content\/emp\/blogcasas\/2021\/09\/BiblioArchives-LibraryArchives-FLICKR-768x512.jpg 768w, https:\/\/www.gites.net\/blog\/wp-content\/emp\/blogcasas\/2021\/09\/BiblioArchives-LibraryArchives-FLICKR-320x213.jpg 320w\" sizes=\"(max-width: 800px) 100vw, 800px\" \/><\/figure>\n\n\n\n<p>Le <strong>m\u00e9morial de la bataille d\u2019Arras<\/strong> se trouve sur la <strong>carri\u00e8re de Wellington.<\/strong> <strong><a href=\"https:\/\/www.gites.net\/gites\/pas-de-calais\/arras\" data-type=\"URL\" data-id=\"https:\/\/www.gites.net\/gites\/pas-de-calais\/arras\" target=\"_blank\" rel=\"noreferrer noopener\">Cette carri\u00e8re<\/a><\/strong> pr\u00e9serve le peu de souvenirs restants des <strong>milliers de soldats enferm\u00e9s<\/strong> sous terre tout juste \u00e0 quelques pas de la ligne de front afin d\u2019attaquer par surprise les soldats Allemands. <\/p>\n\n\n\n<p>Ne dit-on pas que tous les moyens sont bons pour d\u00e9stabiliser nos ennemis\u00a0? Gr\u00e2ce \u00e0 une<strong> descente \u00e0 20 m\u00e8tres du sol <\/strong>par un<strong> ascenseur transparent<\/strong>, la visite guid\u00e9e vous plongera dans l\u2019intimit\u00e9 des lieux. <\/p>\n\n\n\n<p>Avant de descendre dans les profondeurs, <strong>vous avez un jardin <\/strong>et un <strong>mur m\u00e9morial<\/strong> en comm\u00e9moration des divisions d\u2019arm\u00e9e britannique qui se sont engag\u00e9s dans la <strong>bataille d\u2019Arras.<\/strong><\/p>\n\n\n\n<p><\/p>\n\n\n\n<h2><strong>La Somme<\/strong><\/h2>\n\n\n\n<figure class=\"wp-block-image size-large\"><img loading=\"lazy\" width=\"800\" height=\"536\" src=\"https:\/\/www.gites.net\/blog\/wp-content\/emp\/blogcasas\/2021\/09\/carpentier_patrick-FLICKR.jpg\" alt=\"\" class=\"wp-image-9906\" srcset=\"https:\/\/www.gites.net\/blog\/wp-content\/emp\/blogcasas\/2021\/09\/carpentier_patrick-FLICKR.jpg 800w, https:\/\/www.gites.net\/blog\/wp-content\/emp\/blogcasas\/2021\/09\/carpentier_patrick-FLICKR-300x201.jpg 300w, https:\/\/www.gites.net\/blog\/wp-content\/emp\/blogcasas\/2021\/09\/carpentier_patrick-FLICKR-768x515.jpg 768w, https:\/\/www.gites.net\/blog\/wp-content\/emp\/blogcasas\/2021\/09\/carpentier_patrick-FLICKR-320x213.jpg 320w\" sizes=\"(max-width: 800px) 100vw, 800px\" \/><\/figure>\n\n\n\n<p><strong><a rel=\"noreferrer noopener\" href=\"https:\/\/www.gites.net\/gites\/somme\" data-type=\"URL\" data-id=\"https:\/\/www.gites.net\/gites\/somme\" target=\"_blank\">La Somme<\/a><\/strong> est un endroit qui <strong>f\u00fbt fortement marqu\u00e9 <\/strong>par la 1<sup>\u00e8re<\/sup> Guerre Mondiale, donc, en cette raison, a \u00e9t\u00e9 cr\u00e9\u00e9e une piste vu sa longueur et son \u00e9tendue. <\/p>\n\n\n\n<p>Le circuit de souvenir de <strong>92 km relie P\u00e9ronne et Albert<\/strong> et vous permettra de <strong>d\u00e9couvrir les d\u00e9combres <\/strong>des combats, les cimeti\u00e8res militaires et diff\u00e9rentes constructions pour vous permettre de voir<strong> l\u2019ampleur de la guerre<\/strong>. <\/p>\n\n\n\n<p>Sur le site, vous avez un grand trou de presque <strong>100m de diam\u00e8tre et 22 m de profondeur<\/strong> caus\u00e9 par des tonnes explosifs afin de lancer l\u2019offensive et faire<strong> peur aux Allemands.<\/strong><\/p>\n\n\n\n<p><\/p>\n\n\n\n<h2><strong>Mus\u00e9e Somme de 1916<\/strong><\/h2>\n\n\n\n<figure class=\"wp-block-image size-large\"><img loading=\"lazy\" width=\"800\" height=\"600\" src=\"https:\/\/www.gites.net\/blog\/wp-content\/emp\/blogcasas\/2021\/09\/ThruTheseLines-FLICKR.jpg\" alt=\"\" class=\"wp-image-9907\" srcset=\"https:\/\/www.gites.net\/blog\/wp-content\/emp\/blogcasas\/2021\/09\/ThruTheseLines-FLICKR.jpg 800w, https:\/\/www.gites.net\/blog\/wp-content\/emp\/blogcasas\/2021\/09\/ThruTheseLines-FLICKR-300x225.jpg 300w, https:\/\/www.gites.net\/blog\/wp-content\/emp\/blogcasas\/2021\/09\/ThruTheseLines-FLICKR-768x576.jpg 768w, https:\/\/www.gites.net\/blog\/wp-content\/emp\/blogcasas\/2021\/09\/ThruTheseLines-FLICKR-156x117.jpg 156w\" sizes=\"(max-width: 800px) 100vw, 800px\" \/><\/figure>\n\n\n\n<p>Situ\u00e9e dans la <strong><a rel=\"noreferrer noopener\" href=\"https:\/\/www.gites.net\/gites\/somme\/albert\" data-type=\"URL\" data-id=\"https:\/\/www.gites.net\/gites\/somme\/albert\" target=\"_blank\">ville d\u2019Albert<\/a>,<\/strong> cette ville deviendra lors de la 1<sup>\u00e8re<\/sup> guerre mondiale une <strong>garnison britannique.<\/strong> C\u2019est de l\u00e0 que partira la<strong> 1<sup>\u00e8re<\/sup> offensive<\/strong>, il a \u00e9t\u00e9 compl\u00e9tement<strong> d\u00e9truite en 1918<\/strong> par l\u2019arm\u00e9e britannique. <\/p>\n\n\n\n<p>Le mus\u00e9e a \u00e9t\u00e9 <strong>construit au c\u0153ur des Champs de batailles <\/strong>de la 1<sup>\u00e8re<\/sup> guerre, ce mus\u00e9e dont<strong> le souterrain <\/strong>date du 13<sup>\u00e8me<\/sup> si\u00e8cle retrace la vie des soldats dans les <strong>tranch\u00e9es<\/strong> lors de l\u2019offensive. C\u2019est un <strong>parcours de 30kms <\/strong>qui vous est offert afin de d\u00e9couvrir les dessous de la guerre.<\/p>\n","protected":false},"excerpt":{"rendered":"<p>La premi\u00e8re Guerre Mondiale qui a dur\u00e9 de 1914 \u00e0 1918 est un conflit militaire qui a tout d\u2019abord impliqu\u00e9 les puissances Europ\u00e9ennes, ensuite, elle s\u2019est \u00e9tendue aux autres continents. Cette guerre a fait de nombreux morts avec pr\u00e8s de&hellip; <br \/><a class=\"read-more-button\" href=\"https:\/\/www.gites.net\/blog\/vestiges-de-la-1ere-guerre-mondiale-en-france\">Savoir plus<\/a><\/p>\n","protected":false},"author":10,"featured_media":9908,"comment_status":"open","ping_status":"open","sticky":false,"template":"","format":"standard","meta":[],"categories":[8],"tags":[104],"_links":{"self":[{"href":"https:\/\/www.gites.net\/blog\/wp-json\/wp\/v2\/posts\/9902"}],"collection":[{"href":"https:\/\/www.gites.net\/blog\/wp-json\/wp\/v2\/posts"}],"about":[{"href":"https:\/\/www.gites.net\/blog\/wp-json\/wp\/v2\/types\/post"}],"author":[{"embeddable":true,"href":"https:\/\/www.gites.net\/blog\/wp-json\/wp\/v2\/users\/10"}],"replies":[{"embeddable":true,"href":"https:\/\/www.gites.net\/blog\/wp-json\/wp\/v2\/comments?post=9902"}],"version-history":[{"count":1,"href":"https:\/\/www.gites.net\/blog\/wp-json\/wp\/v2\/posts\/9902\/revisions"}],"predecessor-version":[{"id":9909,"href":"https:\/\/www.gites.net\/blog\/wp-json\/wp\/v2\/posts\/9902\/revisions\/9909"}],"wp:featuredmedia":[{"embeddable":true,"href":"https:\/\/www.gites.net\/blog\/wp-json\/wp\/v2\/media\/9908"}],"wp:attachment":[{"href":"https:\/\/www.gites.net\/blog\/wp-json\/wp\/v2\/media?parent=9902"}],"wp:term":[{"taxonomy":"category","embeddable":true,"href":"https:\/\/www.gites.net\/blog\/wp-json\/wp\/v2\/categories?post=9902"},{"taxonomy":"post_tag","embeddable":true,"href":"https:\/\/www.gites.net\/blog\/wp-json\/wp\/v2\/tags?post=9902"}],"curies":[{"name":"wp","href":"https:\/\/api.w.org\/{rel}","templated":true}]}}