
{"id":9893,"date":"2021-09-21T08:57:24","date_gmt":"2021-09-21T08:57:24","guid":{"rendered":"https:\/\/www.gites.net\/blog\/?p=9893"},"modified":"2021-09-21T08:57:24","modified_gmt":"2021-09-21T08:57:24","slug":"une-visite-a-angouleme-ville-de-la-bande-dessinee","status":"publish","type":"post","link":"https:\/\/www.gites.net\/blog\/une-visite-a-angouleme-ville-de-la-bande-dessinee","title":{"rendered":"Une visite \u00e0 Angoul\u00eame, ville de la bande dessin\u00e9e"},"content":{"rendered":"\n<p>Angoul\u00eame est une commune la capitale du <strong><a rel=\"noreferrer noopener\" href=\"https:\/\/www.gites.net\/gites\/charente\" data-type=\"URL\" data-id=\"https:\/\/www.gites.net\/gites\/charente\" target=\"_blank\">d\u00e9partement de Charente<\/a><\/strong> qui se trouve dans la <strong>nouvelle Aquitaine<\/strong>. C\u2019est une <strong>ville magnifique et artistique<\/strong> o\u00f9 les amoureux de l\u2019art trouveront leur compte. <\/p>\n\n\n\n<p>La <strong>bonne p\u00e9riode<\/strong> pour y aller est <strong>Janvier <\/strong>car c\u2019est \u00e0 cette p\u00e9riode qu\u2019\u00e0 lieu le<strong> festival international de BD<\/strong>, la ville est en pleine effervescence et dans tout son \u00e9moi. La <strong>Bande dessin\u00e9e <\/strong>joue un r\u00f4le de d\u00e9veloppement <strong>\u00e9conomique <\/strong>majeur. <\/p>\n\n\n\n<p>Hormis \u00e7a, Angoul\u00eame regorge <strong>d\u2019autres attraits touristiques <\/strong>que nous allons vous pr\u00e9senter \u00e0 la suite de cet article.<\/p>\n\n\n\n<p><\/p>\n\n\n\n<h2><strong>Mus\u00e9e de la Bande Dessin\u00e9e<\/strong><\/h2>\n\n\n\n<figure class=\"wp-block-image size-large\"><img loading=\"lazy\" width=\"799\" height=\"533\" src=\"https:\/\/www.gites.net\/blog\/wp-content\/emp\/blogcasas\/2021\/09\/Alain-Homsi-FLICKR.jpg\" alt=\"\" class=\"wp-image-9898\" srcset=\"https:\/\/www.gites.net\/blog\/wp-content\/emp\/blogcasas\/2021\/09\/Alain-Homsi-FLICKR.jpg 799w, https:\/\/www.gites.net\/blog\/wp-content\/emp\/blogcasas\/2021\/09\/Alain-Homsi-FLICKR-300x200.jpg 300w, https:\/\/www.gites.net\/blog\/wp-content\/emp\/blogcasas\/2021\/09\/Alain-Homsi-FLICKR-768x512.jpg 768w, https:\/\/www.gites.net\/blog\/wp-content\/emp\/blogcasas\/2021\/09\/Alain-Homsi-FLICKR-320x213.jpg 320w\" sizes=\"(max-width: 799px) 100vw, 799px\" \/><\/figure>\n\n\n\n<p>Sur un espace de<strong> plus de 1300m2,<\/strong> le mus\u00e9e de la bande dessin\u00e9e a en son sein une <strong>m\u00e9diath\u00e8que remarquable d\u2019Europe<\/strong> des bandes dessin\u00e9es francophones et Am\u00e9ricaines. <\/p>\n\n\n\n<p>Lors de votre visite dans ce lieu magique, vous verrez pratiquement <strong>500 estampes <\/strong>sur lesquelles vous avez des <strong>dessins originaux,<\/strong> des imprim\u00e9s et m\u00eame des<strong> \u00e9ditions d\u2019antan<\/strong>. C\u2019est le neuvi\u00e8me art \u00e0 son summum en fait. <\/p>\n\n\n\n<p>N\u2019ayez pas peur d\u2019y aller<strong> avec vos enfants <\/strong>de peur qu\u2019ils s\u2019ennuient parce qu\u2019il y\u2019a un <strong>petit espace<\/strong> qui leur est d\u00e9di\u00e9e avec des <strong>jeux<\/strong>, des bandes dessin\u00e9es, des espaces o\u00f9 ils pourront<strong> lire et faire du coloriage<\/strong>. <\/p>\n\n\n\n<p>Venez visiter et d\u00e9couvrez<strong> ce petit bijou sp\u00e9cialement pour les amoureux de bande dessin\u00e9e<\/strong>, vous ne le regretterez pas.<\/p>\n\n\n\n<p><\/p>\n\n\n\n<h2><strong>Festival de la Bande dessin\u00e9e<\/strong><\/h2>\n\n\n\n<figure class=\"wp-block-image size-large\"><img loading=\"lazy\" width=\"800\" height=\"533\" src=\"https:\/\/www.gites.net\/blog\/wp-content\/emp\/blogcasas\/2021\/09\/habib-kaki-FLICKR.jpg\" alt=\"\" class=\"wp-image-9897\" srcset=\"https:\/\/www.gites.net\/blog\/wp-content\/emp\/blogcasas\/2021\/09\/habib-kaki-FLICKR.jpg 800w, https:\/\/www.gites.net\/blog\/wp-content\/emp\/blogcasas\/2021\/09\/habib-kaki-FLICKR-300x200.jpg 300w, https:\/\/www.gites.net\/blog\/wp-content\/emp\/blogcasas\/2021\/09\/habib-kaki-FLICKR-768x512.jpg 768w, https:\/\/www.gites.net\/blog\/wp-content\/emp\/blogcasas\/2021\/09\/habib-kaki-FLICKR-320x213.jpg 320w\" sizes=\"(max-width: 800px) 100vw, 800px\" \/><\/figure>\n\n\n\n<p>C\u2019est le festival incontournable de l\u2019ann\u00e9e, un<strong> festival \u00e0 ne s\u00fbrement pas manquer<\/strong>. Le <strong>1<sup>er<\/sup> festival a eu lieu en 1974<\/strong> et depuis lors, c\u2019est devenu un rituel et il d\u00e9tient le palmar\u00e8s du plus grand festival de BD au monde. <\/p>\n\n\n\n<p>Elle se d\u00e9roule sur <strong>quatre jours, <\/strong>entre expositions, d\u00e9bats, rencontres, et s\u00e9ances de d\u00e9dicaces vous n\u2019aurez pas une seule seconde \u00e0 vous n\u2019y m\u00eame de vous ennuyer. Lors de ce festival, des prix sont d\u00e9cern\u00e9s dont le <strong>grand Prix de la ville d\u2019Angoul\u00eame<\/strong> et le <strong>Fauve d\u2019Or.<\/strong><\/p>\n\n\n\n<p><\/p>\n\n\n\n<h2><strong>Murs peints d\u2019Angoul\u00eame<\/strong><\/h2>\n\n\n\n<figure class=\"wp-block-image size-large\"><img loading=\"lazy\" width=\"799\" height=\"533\" src=\"https:\/\/www.gites.net\/blog\/wp-content\/emp\/blogcasas\/2021\/09\/ActuaLitte-FLICKR.jpg\" alt=\"\" class=\"wp-image-9896\" srcset=\"https:\/\/www.gites.net\/blog\/wp-content\/emp\/blogcasas\/2021\/09\/ActuaLitte-FLICKR.jpg 799w, https:\/\/www.gites.net\/blog\/wp-content\/emp\/blogcasas\/2021\/09\/ActuaLitte-FLICKR-300x200.jpg 300w, https:\/\/www.gites.net\/blog\/wp-content\/emp\/blogcasas\/2021\/09\/ActuaLitte-FLICKR-768x512.jpg 768w, https:\/\/www.gites.net\/blog\/wp-content\/emp\/blogcasas\/2021\/09\/ActuaLitte-FLICKR-320x213.jpg 320w\" sizes=\"(max-width: 799px) 100vw, 799px\" \/><\/figure>\n\n\n\n<p>La ville <strong>d\u2019Angoul\u00eame <\/strong>qui est la <strong>capitale de la bande dessin\u00e9e<\/strong> reconnue \u00e0 travers le monde entier<strong> expose le 9<sup>e<\/sup> art<\/strong> sur ses murs depuis 1982. Vous verrez<strong> une vingtaine de murs<\/strong> qui ont \u00e9t\u00e9 recouverts par des \u0153uvres des diff\u00e9rents auteurs de BD. <\/p>\n\n\n\n<p>Lors de votre promenade, vous verrez des repr\u00e9sentions de la <strong>bande dessin\u00e9e de Tintin <\/strong>un peu partout jusqu\u2019aux sur certains bus de la ville ainsi que certains monuments, les bo\u00eetes aux lettres, les plaques de rues qui ont \u00e9t\u00e9 peints avec des <strong>repr\u00e9sentations<\/strong>. <\/p>\n\n\n\n<p>Ces <strong>murs peints<\/strong> vous accueillent d\u00e8s l\u2019entr\u00e9e de la ville jusqu\u2019au centre-ville. Pour profiter pleinement de cet art, la ville d\u2019Angoul\u00eame met \u00e0 votre disposition <strong>deux applications mobiles<\/strong> pour vous guider lors de votre visite.<\/p>\n\n\n\n<p><\/p>\n\n\n\n<h2><strong>Promenade au bord de la Charente<\/strong><\/h2>\n\n\n\n<figure class=\"wp-block-image size-large\"><img loading=\"lazy\" width=\"800\" height=\"600\" src=\"https:\/\/www.gites.net\/blog\/wp-content\/emp\/blogcasas\/2021\/09\/Mrs.-Gemstone-FLICKR.jpg\" alt=\"\" class=\"wp-image-9895\" srcset=\"https:\/\/www.gites.net\/blog\/wp-content\/emp\/blogcasas\/2021\/09\/Mrs.-Gemstone-FLICKR.jpg 800w, https:\/\/www.gites.net\/blog\/wp-content\/emp\/blogcasas\/2021\/09\/Mrs.-Gemstone-FLICKR-300x225.jpg 300w, https:\/\/www.gites.net\/blog\/wp-content\/emp\/blogcasas\/2021\/09\/Mrs.-Gemstone-FLICKR-768x576.jpg 768w, https:\/\/www.gites.net\/blog\/wp-content\/emp\/blogcasas\/2021\/09\/Mrs.-Gemstone-FLICKR-156x117.jpg 156w\" sizes=\"(max-width: 800px) 100vw, 800px\" \/><\/figure>\n\n\n\n<p>Devenu au fil des ans l\u2019endroit des pr\u00e9f\u00e9r\u00e9s des habitants d\u2019Angoul\u00eame pour<strong> faire une petite balade <\/strong>et se d\u00e9tendre. La coul\u00e9e verte est magnifiquement diversifi\u00e9e avec la<strong> richesse patrimoniale<\/strong> de la vall\u00e9e que ce soit aussi bien qu\u2019au niveau de la Faune que de la Flore. <\/p>\n\n\n\n<p>Vous pouvez y aller pour faire une <strong>petite marche d\u00e9tente le long du fleuve<\/strong> ou m\u00eame faire du v\u00e9lo. Vous pouvez \u00e9galement <strong>faire des activit\u00e9s nautiques<\/strong> sur le fleuve comme d\u00e9couvrir la Charente sur un <strong>bateau \u00e9lectrique<\/strong>, faire une croisi\u00e8re comment\u00e9e et pour les plus sportifs, vous pouvez faire du<strong> cano\u00eb kayak.<\/strong><\/p>\n\n\n\n<p><\/p>\n\n\n\n<h2><strong>Une soir\u00e9e tranquille<\/strong><\/h2>\n\n\n\n<figure class=\"wp-block-image size-large\"><img loading=\"lazy\" width=\"799\" height=\"534\" src=\"https:\/\/www.gites.net\/blog\/wp-content\/emp\/blogcasas\/2021\/09\/Nicolas-Vigier-FLICKR.jpg\" alt=\"\" class=\"wp-image-9894\" srcset=\"https:\/\/www.gites.net\/blog\/wp-content\/emp\/blogcasas\/2021\/09\/Nicolas-Vigier-FLICKR.jpg 799w, https:\/\/www.gites.net\/blog\/wp-content\/emp\/blogcasas\/2021\/09\/Nicolas-Vigier-FLICKR-300x201.jpg 300w, https:\/\/www.gites.net\/blog\/wp-content\/emp\/blogcasas\/2021\/09\/Nicolas-Vigier-FLICKR-768x513.jpg 768w, https:\/\/www.gites.net\/blog\/wp-content\/emp\/blogcasas\/2021\/09\/Nicolas-Vigier-FLICKR-320x213.jpg 320w\" sizes=\"(max-width: 799px) 100vw, 799px\" \/><\/figure>\n\n\n\n<p>Apr\u00e8s une journ\u00e9e plein de d\u00e9couverte et fatigante, se poser dans <strong>une petite terrasse de la ville<\/strong> tranquille ne vous fera pas de mal. Vous avez une <strong>multitude d\u2019endroits<\/strong> o\u00f9 vous pourrez aller afin de vous ressourcer et profiter du coucher calme du soleil. <\/p>\n\n\n\n<p>L\u2019un des bars les plus populaires que vous pouvez visiter c\u2019est<strong> Blues Rock Caf\u00e9<\/strong>, l\u2019ambiance y est chaleureuse et les serveurs aimables.<\/p>\n","protected":false},"excerpt":{"rendered":"<p>Angoul\u00eame est une commune la capitale du d\u00e9partement de Charente qui se trouve dans la nouvelle Aquitaine. C\u2019est une ville magnifique et artistique o\u00f9 les amoureux de l\u2019art trouveront leur compte. La bonne p\u00e9riode pour y aller est Janvier car&hellip; <br \/><a class=\"read-more-button\" href=\"https:\/\/www.gites.net\/blog\/une-visite-a-angouleme-ville-de-la-bande-dessinee\">Savoir plus<\/a><\/p>\n","protected":false},"author":10,"featured_media":9899,"comment_status":"open","ping_status":"open","sticky":false,"template":"","format":"standard","meta":[],"categories":[8],"tags":[138],"_links":{"self":[{"href":"https:\/\/www.gites.net\/blog\/wp-json\/wp\/v2\/posts\/9893"}],"collection":[{"href":"https:\/\/www.gites.net\/blog\/wp-json\/wp\/v2\/posts"}],"about":[{"href":"https:\/\/www.gites.net\/blog\/wp-json\/wp\/v2\/types\/post"}],"author":[{"embeddable":true,"href":"https:\/\/www.gites.net\/blog\/wp-json\/wp\/v2\/users\/10"}],"replies":[{"embeddable":true,"href":"https:\/\/www.gites.net\/blog\/wp-json\/wp\/v2\/comments?post=9893"}],"version-history":[{"count":2,"href":"https:\/\/www.gites.net\/blog\/wp-json\/wp\/v2\/posts\/9893\/revisions"}],"predecessor-version":[{"id":9901,"href":"https:\/\/www.gites.net\/blog\/wp-json\/wp\/v2\/posts\/9893\/revisions\/9901"}],"wp:featuredmedia":[{"embeddable":true,"href":"https:\/\/www.gites.net\/blog\/wp-json\/wp\/v2\/media\/9899"}],"wp:attachment":[{"href":"https:\/\/www.gites.net\/blog\/wp-json\/wp\/v2\/media?parent=9893"}],"wp:term":[{"taxonomy":"category","embeddable":true,"href":"https:\/\/www.gites.net\/blog\/wp-json\/wp\/v2\/categories?post=9893"},{"taxonomy":"post_tag","embeddable":true,"href":"https:\/\/www.gites.net\/blog\/wp-json\/wp\/v2\/tags?post=9893"}],"curies":[{"name":"wp","href":"https:\/\/api.w.org\/{rel}","templated":true}]}}