
{"id":9885,"date":"2021-09-16T10:00:00","date_gmt":"2021-09-16T10:00:00","guid":{"rendered":"https:\/\/www.gites.net\/blog\/?p=9885"},"modified":"2021-09-15T06:58:05","modified_gmt":"2021-09-15T06:58:05","slug":"sites-abandonnes-en-france","status":"publish","type":"post","link":"https:\/\/www.gites.net\/blog\/sites-abandonnes-en-france","title":{"rendered":"Sites abandonn\u00e9s en France"},"content":{"rendered":"\n<p>La France regorge de <strong>magnifiques endroits<\/strong> que vous pouvez visiter et vos savez d\u2019ailleurs qu\u2019il fait partie des pays qu\u2019on doit au moins visiter une fois dans notre vie. <\/p>\n\n\n\n<p>Certes qu\u2019elle est beaucoup plus connue pour ses monuments connus \u00e0 l\u2019internationale, ses villes et villages, ses montagnes pittoresques qui sont des destinations de vacances. Mais dans l\u2019article d\u2019aujourd\u2019hui, nous allons pr\u00e9senter <strong>quelque chose de diff\u00e9rent.<\/strong> <\/p>\n\n\n\n<p>Nous allons vous parler des<strong> sites abandonn\u00e9s <\/strong>que vous pouvez visiter dans le pays de la p\u00e2tisserie.<\/p>\n\n\n\n<p><\/p>\n\n\n\n<h2><strong>Ch\u00e2teau Mennechet<\/strong><\/h2>\n\n\n\n<figure class=\"wp-block-image size-large\"><img loading=\"lazy\" width=\"800\" height=\"530\" src=\"https:\/\/www.gites.net\/blog\/wp-content\/emp\/blogcasas\/2021\/09\/Patrick-FLICKR.jpg\" alt=\"\" class=\"wp-image-9890\" srcset=\"https:\/\/www.gites.net\/blog\/wp-content\/emp\/blogcasas\/2021\/09\/Patrick-FLICKR.jpg 800w, https:\/\/www.gites.net\/blog\/wp-content\/emp\/blogcasas\/2021\/09\/Patrick-FLICKR-300x199.jpg 300w, https:\/\/www.gites.net\/blog\/wp-content\/emp\/blogcasas\/2021\/09\/Patrick-FLICKR-768x509.jpg 768w, https:\/\/www.gites.net\/blog\/wp-content\/emp\/blogcasas\/2021\/09\/Patrick-FLICKR-320x213.jpg 320w\" sizes=\"(max-width: 800px) 100vw, 800px\" \/><\/figure>\n\n\n\n<p>Ce ch\u00e2teau datant du<strong> 19<sup>\u00e8me<\/sup> si\u00e8cle<\/strong> se trouve en <strong><a rel=\"noreferrer noopener\" href=\"https:\/\/www.gites.net\/gites\/oise\" target=\"_blank\">plein c\u0153ur de l\u2019Oise<\/a><\/strong>. Son nom lui vient de l\u2019artiste de <strong>Mennechet de Barival <\/strong>qui voulait voir ses \u0153uvres expos\u00e9es dans ce ch\u00e2teau mais malheureusement, il mourra avant que cela ne soit possible. <\/p>\n\n\n\n<p>Le ch\u00e2teau a subi les deux guerres mondiales et il n\u2019y survivra pas. Aujourd\u2019hui,<strong> il est en ruines<\/strong> et n\u2019a jamais \u00e9t\u00e9 restaur\u00e9. Allez y faire un tour et <strong>admirez le beau monument<\/strong> qu\u2019il aurait pu \u00eatre\u00a0!<\/p>\n\n\n\n<p><\/p>\n\n\n\n<h2><strong>Domaine des trois colonnes<\/strong><\/h2>\n\n\n\n<figure class=\"wp-block-image size-large\"><img loading=\"lazy\" width=\"800\" height=\"634\" src=\"https:\/\/www.gites.net\/blog\/wp-content\/emp\/blogcasas\/2021\/09\/Daniel-FLICKR.jpg\" alt=\"\" class=\"wp-image-9889\" srcset=\"https:\/\/www.gites.net\/blog\/wp-content\/emp\/blogcasas\/2021\/09\/Daniel-FLICKR.jpg 800w, https:\/\/www.gites.net\/blog\/wp-content\/emp\/blogcasas\/2021\/09\/Daniel-FLICKR-300x238.jpg 300w, https:\/\/www.gites.net\/blog\/wp-content\/emp\/blogcasas\/2021\/09\/Daniel-FLICKR-768x609.jpg 768w\" sizes=\"(max-width: 800px) 100vw, 800px\" \/><\/figure>\n\n\n\n<p>Il a \u00e9t\u00e9 <strong>construit au 20\u00e8me <\/strong>si\u00e8cle dan<strong>s l\u2019Essonne \u00e0 Anger Villiers<\/strong>. Ce domaine fait partie des plus beaux monuments de France. Il a \u00e9t\u00e9 construit dans un<strong> style Anglo-Normand <\/strong>et a r\u00e9sist\u00e9 aux \u00e9preuves du temps. <\/p>\n\n\n\n<p>Le tour du domaine peut \u00eatre boucl\u00e9 en <strong>10 minutes chrono<\/strong> \u00e9tant donn\u00e9 qu\u2019il n\u2019y a plus grand-chose \u00e0 voir. Avec ses <strong>50 hectares<\/strong> dont le public n\u2019a pas acc\u00e8s, la municipalit\u00e9 se la dispute pour un projet de r\u00e9novation de logements individuels.<\/p>\n\n\n\n<p><\/p>\n\n\n\n<h2><strong>\u00c9glise St Etienne-Le Vieux<\/strong><\/h2>\n\n\n\n<figure class=\"wp-block-image size-large\"><img loading=\"lazy\" width=\"800\" height=\"712\" src=\"https:\/\/www.gites.net\/blog\/wp-content\/emp\/blogcasas\/2021\/09\/Alejo-FLICKR.jpg\" alt=\"\" class=\"wp-image-9888\" srcset=\"https:\/\/www.gites.net\/blog\/wp-content\/emp\/blogcasas\/2021\/09\/Alejo-FLICKR.jpg 800w, https:\/\/www.gites.net\/blog\/wp-content\/emp\/blogcasas\/2021\/09\/Alejo-FLICKR-300x267.jpg 300w, https:\/\/www.gites.net\/blog\/wp-content\/emp\/blogcasas\/2021\/09\/Alejo-FLICKR-768x684.jpg 768w\" sizes=\"(max-width: 800px) 100vw, 800px\" \/><\/figure>\n\n\n\n<p>L\u2019\u00c9glise St Etienne est une \u00e9glise qui <strong><a rel=\"noreferrer noopener\" href=\"https:\/\/www.gites.net\/gites\/calvados\/caen\" data-type=\"URL\" data-id=\"https:\/\/www.gites.net\/gites\/calvados\/caen\" target=\"_blank\">se trouve \u00e0 Caen<\/a><\/strong> et a <strong>v\u00e9cu pendant 10 si\u00e8cle<\/strong>s avant d\u2019\u00eatre d\u00e9truit pendant la 2<sup>nde<\/sup> Guerre Mondiale. Elle a \u00e9t\u00e9 class\u00e9e <strong>monument historique <\/strong>depuis 1903 et sa construction est de style <strong>gothique<\/strong>. Aujour<\/p>\n\n\n\n<p>d\u2019hui, il ne reste plus rien de cet magnifique <strong>ancien lieu de culte<\/strong>. Elle est juste <strong>abandonn\u00e9e <\/strong>\u00e0 elle-m\u00eame et ne sera jamais r\u00e9nov\u00e9e.<\/p>\n\n\n\n<p><\/p>\n\n\n\n<h2><strong>Le Sanatorium Delirium<\/strong><\/h2>\n\n\n\n<figure class=\"wp-block-image size-large\"><img loading=\"lazy\" width=\"800\" height=\"600\" src=\"https:\/\/www.gites.net\/blog\/wp-content\/emp\/blogcasas\/2021\/09\/Taz-Taz-FLICKR.jpg\" alt=\"\" class=\"wp-image-9887\" srcset=\"https:\/\/www.gites.net\/blog\/wp-content\/emp\/blogcasas\/2021\/09\/Taz-Taz-FLICKR.jpg 800w, https:\/\/www.gites.net\/blog\/wp-content\/emp\/blogcasas\/2021\/09\/Taz-Taz-FLICKR-300x225.jpg 300w, https:\/\/www.gites.net\/blog\/wp-content\/emp\/blogcasas\/2021\/09\/Taz-Taz-FLICKR-768x576.jpg 768w, https:\/\/www.gites.net\/blog\/wp-content\/emp\/blogcasas\/2021\/09\/Taz-Taz-FLICKR-156x117.jpg 156w\" sizes=\"(max-width: 800px) 100vw, 800px\" \/><\/figure>\n\n\n\n<p><strong>Vieux Sanatorium<\/strong> abandonn\u00e9e au <strong>Nord de la France<\/strong>, en <strong><a rel=\"noreferrer noopener\" href=\"https:\/\/www.gites.net\/gites\/picardie\" data-type=\"URL\" data-id=\"https:\/\/www.gites.net\/gites\/picardie\" target=\"_blank\">Picardie<\/a><\/strong>. Le lieu est super grand avec <strong>plusieurs b\u00e2timents abandonn\u00e9s <\/strong>qui fait flipper tout de m\u00eame. Vous trouverez<strong> pas mal de photos <\/strong>de l\u2019int\u00e9rieur sur internet malgr\u00e9 le fait que l\u2019entr\u00e9e y soit interdite\u00a0! <\/p>\n\n\n\n<p>Lors de votre visite, vous entendrez des<strong> bruits bizarres <\/strong>sans toutes fois voir qui ce soit, ce sont des visages furtifs ou des <strong>bruits d\u2019enfants<\/strong>. D\u2019ailleurs, l\u2019endroit est r\u00e9put\u00e9 pour \u00eatre hant\u00e9. <\/p>\n\n\n\n<p>Alors, vous voulez<strong> une aventure pleine de rebondissements <\/strong>et d\u2019excitation, vous vous conseillons d\u2019y aller.<\/p>\n\n\n\n<p><\/p>\n\n\n\n<h2><strong>Le ch\u00e2teau de la Mothe-Chandeniers<\/strong><\/h2>\n\n\n\n<figure class=\"wp-block-image size-large\"><img loading=\"lazy\" width=\"800\" height=\"600\" src=\"https:\/\/www.gites.net\/blog\/wp-content\/emp\/blogcasas\/2021\/09\/Jean-michel-CELESTE-FLICKR.jpg\" alt=\"\" class=\"wp-image-9886\" srcset=\"https:\/\/www.gites.net\/blog\/wp-content\/emp\/blogcasas\/2021\/09\/Jean-michel-CELESTE-FLICKR.jpg 800w, https:\/\/www.gites.net\/blog\/wp-content\/emp\/blogcasas\/2021\/09\/Jean-michel-CELESTE-FLICKR-300x225.jpg 300w, https:\/\/www.gites.net\/blog\/wp-content\/emp\/blogcasas\/2021\/09\/Jean-michel-CELESTE-FLICKR-768x576.jpg 768w, https:\/\/www.gites.net\/blog\/wp-content\/emp\/blogcasas\/2021\/09\/Jean-michel-CELESTE-FLICKR-156x117.jpg 156w\" sizes=\"(max-width: 800px) 100vw, 800px\" \/><\/figure>\n\n\n\n<p>Ce ch\u00e2teau a \u00e9t\u00e9 <strong>construit au 13<sup>\u00e8me<\/sup> si\u00e8cle<\/strong> dans un style <strong>m\u00e9di\u00e9vale <\/strong>ensuite <strong>gothique <\/strong>est rempli d\u2019histoires et d\u2019anecdotes. <\/p>\n\n\n\n<p>Situ\u00e9 <strong>dans la vall\u00e9e la plus fameuse <\/strong>de France, ce ch\u00e2teau est \u00e0 la fois unique, myst\u00e9rieux et romantique. Il a subi un <strong>incendie en 1932<\/strong> qui l\u2019a mise en ruine. Il appartient aujourd\u2019hui \u00e0 de <strong>milliers de passionn\u00e9s<\/strong> enthousiastes venant du monde entier qui ont d\u00e9cid\u00e9s de faire des dons pour sa r\u00e9novation.<\/p>\n","protected":false},"excerpt":{"rendered":"<p>La France regorge de magnifiques endroits que vous pouvez visiter et vos savez d\u2019ailleurs qu\u2019il fait partie des pays qu\u2019on doit au moins visiter une fois dans notre vie. Certes qu\u2019elle est beaucoup plus connue pour ses monuments connus \u00e0&hellip; <br \/><a class=\"read-more-button\" href=\"https:\/\/www.gites.net\/blog\/sites-abandonnes-en-france\">Savoir plus<\/a><\/p>\n","protected":false},"author":10,"featured_media":9891,"comment_status":"open","ping_status":"open","sticky":false,"template":"","format":"standard","meta":[],"categories":[8],"tags":[137],"_links":{"self":[{"href":"https:\/\/www.gites.net\/blog\/wp-json\/wp\/v2\/posts\/9885"}],"collection":[{"href":"https:\/\/www.gites.net\/blog\/wp-json\/wp\/v2\/posts"}],"about":[{"href":"https:\/\/www.gites.net\/blog\/wp-json\/wp\/v2\/types\/post"}],"author":[{"embeddable":true,"href":"https:\/\/www.gites.net\/blog\/wp-json\/wp\/v2\/users\/10"}],"replies":[{"embeddable":true,"href":"https:\/\/www.gites.net\/blog\/wp-json\/wp\/v2\/comments?post=9885"}],"version-history":[{"count":1,"href":"https:\/\/www.gites.net\/blog\/wp-json\/wp\/v2\/posts\/9885\/revisions"}],"predecessor-version":[{"id":9892,"href":"https:\/\/www.gites.net\/blog\/wp-json\/wp\/v2\/posts\/9885\/revisions\/9892"}],"wp:featuredmedia":[{"embeddable":true,"href":"https:\/\/www.gites.net\/blog\/wp-json\/wp\/v2\/media\/9891"}],"wp:attachment":[{"href":"https:\/\/www.gites.net\/blog\/wp-json\/wp\/v2\/media?parent=9885"}],"wp:term":[{"taxonomy":"category","embeddable":true,"href":"https:\/\/www.gites.net\/blog\/wp-json\/wp\/v2\/categories?post=9885"},{"taxonomy":"post_tag","embeddable":true,"href":"https:\/\/www.gites.net\/blog\/wp-json\/wp\/v2\/tags?post=9885"}],"curies":[{"name":"wp","href":"https:\/\/api.w.org\/{rel}","templated":true}]}}