
{"id":9504,"date":"2021-05-18T12:18:15","date_gmt":"2021-05-18T12:18:15","guid":{"rendered":"https:\/\/www.gites.net\/blog\/?p=9504"},"modified":"2021-07-01T06:54:54","modified_gmt":"2021-07-01T06:54:54","slug":"les-festivals-les-plus-emblematiques-de-france","status":"publish","type":"post","link":"https:\/\/www.gites.net\/blog\/les-festivals-les-plus-emblematiques-de-france","title":{"rendered":"Les festivals les plus embl\u00e9matiques de France"},"content":{"rendered":"\n<p>Vous aimez les \u00e9v\u00e9nements festifs et conviviaux&nbsp;? Nous vous amenons en France o\u00f9 vous ne vous ennuierez pas d\u00fb \u00e0 ses innombrables festivals.<\/p>\n\n\n\n<p>Que vous viviez en France ou soyez juste de passage, participer aux festivals est un meilleur moyen de vous imbiber dans la culture fran\u00e7aise. Il existe tout au long de l\u2019ann\u00e9e une multitude de festivals auxquels vous pourrez assister.<\/p>\n\n\n\n<p>Que ce soit un festival ou un carnaval, vous trouverez un festival qui vous conviendrai. Alors, si vous recherchez une bonne dose de culture, continuez de lire cet article car nous vous pr\u00e9senterons quelques festivals auxquels vous pourrez assister lorsque vous \u00eates en France afin de vous impr\u00e9gner et de vous amuser.<\/p>\n\n\n\n<h1><strong>Festival de Cannes<\/strong><\/h1>\n\n\n\n<figure class=\"wp-block-image size-large\"><img loading=\"lazy\" width=\"800\" height=\"534\" src=\"https:\/\/www.gites.net\/blog\/wp-content\/emp\/blogcasas\/2021\/05\/bayerberg-FLICKR.jpg\" alt=\"\" class=\"wp-image-9510\" srcset=\"https:\/\/www.gites.net\/blog\/wp-content\/emp\/blogcasas\/2021\/05\/bayerberg-FLICKR.jpg 800w, https:\/\/www.gites.net\/blog\/wp-content\/emp\/blogcasas\/2021\/05\/bayerberg-FLICKR-300x200.jpg 300w, https:\/\/www.gites.net\/blog\/wp-content\/emp\/blogcasas\/2021\/05\/bayerberg-FLICKR-768x513.jpg 768w, https:\/\/www.gites.net\/blog\/wp-content\/emp\/blogcasas\/2021\/05\/bayerberg-FLICKR-320x213.jpg 320w\" sizes=\"(max-width: 800px) 100vw, 800px\" \/><\/figure>\n\n\n\n<p><strong>Cr\u00e9\u00e9e en 1946,<\/strong> le festival de Cannes est un<strong> festival international du film <\/strong>qui se tient toutes les ann\u00e9es <a rel=\"noreferrer noopener\" href=\"https:\/\/www.gites.net\/gites\/alpes-maritimes\/cannes\" target=\"_blank\"><strong>\u00e0 Cannes<\/strong><\/a> et qui <strong>pr\u00e9sente en avant-premi\u00e8re<\/strong> de toutes cat\u00e9gories en provenance du monde entier et o\u00f9 acteurs et r\u00e9alisateurs concourent pour la<strong> prestigieuse Palme d\u2019Or.<\/strong><\/p>\n\n\n\n<p>Il a \u00e9t\u00e9 <strong>cr\u00e9\u00e9 par un ministre fran\u00e7ais de l\u2019\u00e9ducation<\/strong> et des beaux-arts qui voulait instaurer en France un <strong>\u00e9v\u00e9nement culturel <\/strong>et le moins qu\u2019on puisse dire c\u2019est qu\u2019il a r\u00e9ussi car c\u2019est devenu l\u2019\u00e9v\u00e8nement le plus m\u00e9diatis\u00e9 avec <strong>plus de 30.000 professionnels <\/strong>du monde qui y participent.<\/p>\n\n\n\n<p>Pour les amateurs et amoureux du cin\u00e9ma, c\u2019est un <strong>festival \u00e0 ne pas manquer<\/strong> car il r\u00e9unit les plus<strong> grands acteurs et r\u00e9alisateurs<\/strong> mondial. Il est aujourd\u2019hui, le festival de cin\u00e9ma<strong> le plus m\u00e9diatis\u00e9 au monde <\/strong>et tous les ans Cannes attire autant de monde \u00e0 cause du festival mais aussi le beau temps et les<strong> lieux pittoresques \u00e0 visiter.<\/strong><\/p>\n\n\n\n<h1><strong>Carnaval de Nice<\/strong><\/h1>\n\n\n\n<figure class=\"wp-block-image size-large\"><img loading=\"lazy\" width=\"800\" height=\"537\" src=\"https:\/\/www.gites.net\/blog\/wp-content\/emp\/blogcasas\/2021\/05\/HrodebertRobertus-FLICKR.jpg\" alt=\"\" class=\"wp-image-9508\" srcset=\"https:\/\/www.gites.net\/blog\/wp-content\/emp\/blogcasas\/2021\/05\/HrodebertRobertus-FLICKR.jpg 800w, https:\/\/www.gites.net\/blog\/wp-content\/emp\/blogcasas\/2021\/05\/HrodebertRobertus-FLICKR-300x201.jpg 300w, https:\/\/www.gites.net\/blog\/wp-content\/emp\/blogcasas\/2021\/05\/HrodebertRobertus-FLICKR-768x516.jpg 768w\" sizes=\"(max-width: 800px) 100vw, 800px\" \/><\/figure>\n\n\n\n<p>Nous ne pouvons pas parler de festivals \u00e0 assister en France sans parler<strong> du c\u00e9l\u00e8bre Carnaval de Nice <\/strong>qui est consid\u00e9r\u00e9 comme<strong> l\u2019un des plus importants carnavals du monde.<\/strong> Il a lieu <strong>en F\u00e9vrier de chaque ann\u00e9e<\/strong> et il rivalise avec les carnavals du Br\u00e9sil, de Venise qui sont les plus grands carnavals du monde.<\/p>\n\n\n\n<p>\u00c9galement consid\u00e9r\u00e9 comme l\u2019\u00e9v\u00e8nement <strong>le plus important de la C\u00f4te d\u2019Azur<\/strong>, il accueille plus d\u2019un million de personnes venues du monde entier et qui emplissent les rues de Nice de jour comme de nuit venant s\u2019\u00e9merveiller devant les <strong>chars flamboyants<\/strong> et les parades \u00e9poustouflantes tout en vivant \u00e0 fond<strong> l\u2019atmosph\u00e8re chaleureuse<\/strong> du Carnival.<\/p>\n\n\n\n<p>Chaque ann\u00e9e, <strong>un th\u00e8me extraordinaire est choisi <\/strong>et les artistes se basent sur ce th\u00e8me pou<strong>r cr\u00e9er des chars et des figurines<\/strong> en vue du d\u00e9fil\u00e9 color\u00e9. Il y\u2019a <strong>plus de 1000 danseurs et musiciens <\/strong>venus du monde entier pour se produire durant ce magnifique carnaval. Vous pouvez \u00e9galement assister au<strong> lancer des fleurs au public<\/strong> sur la <strong>promenade des Anglais <\/strong>pour annoncer l\u2019arriv\u00e9e du printemps.<\/p>\n\n\n\n<h1><strong>F\u00eate de la musique<\/strong><\/h1>\n\n\n\n<figure class=\"wp-block-image size-large\"><img loading=\"lazy\" width=\"799\" height=\"533\" src=\"https:\/\/www.gites.net\/blog\/wp-content\/emp\/blogcasas\/2021\/05\/Pierre-Selim-FLICKR.jpg\" alt=\"\" class=\"wp-image-9507\" srcset=\"https:\/\/www.gites.net\/blog\/wp-content\/emp\/blogcasas\/2021\/05\/Pierre-Selim-FLICKR.jpg 799w, https:\/\/www.gites.net\/blog\/wp-content\/emp\/blogcasas\/2021\/05\/Pierre-Selim-FLICKR-300x200.jpg 300w, https:\/\/www.gites.net\/blog\/wp-content\/emp\/blogcasas\/2021\/05\/Pierre-Selim-FLICKR-768x512.jpg 768w, https:\/\/www.gites.net\/blog\/wp-content\/emp\/blogcasas\/2021\/05\/Pierre-Selim-FLICKR-320x213.jpg 320w\" sizes=\"(max-width: 799px) 100vw, 799px\" \/><\/figure>\n\n\n\n<p>C\u00e9l\u00e9br\u00e9<strong> le 21 Juin<\/strong> de chaque ann\u00e9e pour accueillir le <strong>d\u00e9but de la saison estivale<\/strong>, il est c\u00e9l\u00e9br\u00e9 dans une atmosph\u00e8re pleine de <strong>rythme et de notes de musique <\/strong>mettant en exergue la diversit\u00e9 et l\u2019\u00e9tendue des pratiques musicales en tous genres.<\/p>\n\n\n\n<p>Pendant le festival, <strong>les rues sont bond\u00e9es par de potentiels musiciens <\/strong>pour faire valoir leur talent. Vous avez \u00e9galement des milliers de musiciens qui se rassemblent dans les rues, les bars et les caf\u00e9s pour se donner en repr\u00e9sentation gratuitement.<\/p>\n\n\n\n<p>Quel que soit le<strong> style que vous recherchez<\/strong>, il est impossible de ne pas la trouver car la vari\u00e9t\u00e9 des artistes est incommensurable, vous aurez <strong>du rock au jazz <\/strong>en passant par le<strong> hip hop <\/strong>et m\u00eame de la <strong>musique \u00e9lectronique.<\/strong><\/p>\n\n\n\n<p>Durant cette journ\u00e9e, jouer de la musique \u00e0 l\u2019ext\u00e9rieur, et dans les espaces publics sont autoris\u00e9s car le festival vise \u00e0 familiariser les jeunes et les vieux aux expressions musicales. C<strong>eux qui savent jouer d\u2019un instrument sont les bienvenus.<\/strong><\/p>\n\n\n\n<h1><strong>Festival des vieilles charrues<\/strong><\/h1>\n\n\n\n<figure class=\"wp-block-image size-large\"><img loading=\"lazy\" width=\"800\" height=\"526\" src=\"https:\/\/www.gites.net\/blog\/wp-content\/emp\/blogcasas\/2021\/05\/CC-BY-Missbutterfly-FLICKR.jpg\" alt=\"\" class=\"wp-image-9506\" srcset=\"https:\/\/www.gites.net\/blog\/wp-content\/emp\/blogcasas\/2021\/05\/CC-BY-Missbutterfly-FLICKR.jpg 800w, https:\/\/www.gites.net\/blog\/wp-content\/emp\/blogcasas\/2021\/05\/CC-BY-Missbutterfly-FLICKR-300x197.jpg 300w, https:\/\/www.gites.net\/blog\/wp-content\/emp\/blogcasas\/2021\/05\/CC-BY-Missbutterfly-FLICKR-768x505.jpg 768w\" sizes=\"(max-width: 800px) 100vw, 800px\" \/><\/figure>\n\n\n\n<p>Cr\u00e9\u00e9e pour la <strong>premi\u00e8re fois en 1992 <\/strong>par un groupe d\u2019amis, le festival des vieilles charrues est devenu le plus grand festival de France, c\u2019est <strong>un incontournable du mois d\u2019\u00e9t\u00e9.<\/strong><\/p>\n\n\n\n<p>Il attire <strong>plus de 200 000 personnes<\/strong> chaque ann\u00e9e \u00e0 cause de ses <strong>nombreuses sc\u00e8nes et artistes <\/strong>qui s\u2019y produisent. Il a en<strong> tout 5 sc\u00e8nes, 80 artistes et plus de 200 000 spectateurs<\/strong>. Vous n\u2019aimeriez pas manquer \u00e7a&nbsp;!<\/p>\n\n\n\n<p>Prenant lieu <strong>au c\u0153ur de la campagne finist\u00e9rienne<\/strong>, le festival pr\u00e9sent chaque ann\u00e9e un programme qui fait vibrer les oreilles et il y\u2019en a <strong>pour tous les gouts et styles musicaux <\/strong>et pour toute g\u00e9n\u00e9ration confondue.<\/p>\n\n\n\n<p>Alors qu\u2019<strong>attendez-vous pour acheter vos billets<\/strong> et aller assister au plus grand festival de France o\u00f9 tous les artistes de renom se produisent&nbsp;!<\/p>\n\n\n\n<h1><strong>F\u00eate Nationale<\/strong><\/h1>\n\n\n\n<figure class=\"wp-block-image size-large\"><img loading=\"lazy\" width=\"800\" height=\"450\" src=\"https:\/\/www.gites.net\/blog\/wp-content\/emp\/blogcasas\/2021\/05\/Mustang-Joe-FLICKR.jpg\" alt=\"\" class=\"wp-image-9505\" srcset=\"https:\/\/www.gites.net\/blog\/wp-content\/emp\/blogcasas\/2021\/05\/Mustang-Joe-FLICKR.jpg 800w, https:\/\/www.gites.net\/blog\/wp-content\/emp\/blogcasas\/2021\/05\/Mustang-Joe-FLICKR-300x169.jpg 300w, https:\/\/www.gites.net\/blog\/wp-content\/emp\/blogcasas\/2021\/05\/Mustang-Joe-FLICKR-768x432.jpg 768w\" sizes=\"(max-width: 800px) 100vw, 800px\" \/><\/figure>\n\n\n\n<p>Nous ne pouvons terminer cet article sans parler du<strong> 14 Juillet, <\/strong>f\u00eate nationale que<strong> beaucoup de Fran\u00e7ais attendent <\/strong>et m\u00eame des touristes qui y participent. <strong>C\u00e9l\u00e9br\u00e9 dans tout le pays<\/strong>, le jour de la bastille est<strong> la plus grande et la plus importante f\u00eate<\/strong> du calendrier fran\u00e7ais.<\/p>\n\n\n\n<p>Les festivit\u00e9s sont organis\u00e9es sur tout l\u2019\u00e9tendue du territoire Fran\u00e7ais plus pr\u00e9cis\u00e9ment des manifestations et des f\u00eates de grande envergure. Mais le lieu o\u00f9 il faut \u00eatre c\u2019est Paris car les festivit\u00e9s commencent <strong>d\u00e8s la nuit du 13 Juillet<\/strong> avec des rues bond\u00e9es tout le monde un verre \u00e0 la main et mettant l\u2019ambiance.<\/p>\n\n\n\n<p>Mais<strong> pour avoir une meilleure <\/strong>vue et profiter d\u2019une bonne ambiance, nous vous proposons d\u2019aller aux jardins du Trocad\u00e9ro pour avoir une <strong>tr\u00e8s belle vue sur les magnifiques feux d\u2019artifice.<\/strong><\/p>\n","protected":false},"excerpt":{"rendered":"<p>Vous aimez les \u00e9v\u00e9nements festifs et conviviaux&nbsp;? Nous vous amenons en France o\u00f9 vous ne vous ennuierez pas d\u00fb \u00e0 ses innombrables festivals. Que vous viviez en France ou soyez juste de passage, participer aux festivals est un meilleur moyen&hellip; <br \/><a class=\"read-more-button\" href=\"https:\/\/www.gites.net\/blog\/les-festivals-les-plus-emblematiques-de-france\">Savoir plus<\/a><\/p>\n","protected":false},"author":10,"featured_media":9509,"comment_status":"open","ping_status":"open","sticky":false,"template":"","format":"standard","meta":[],"categories":[100],"tags":[108],"_links":{"self":[{"href":"https:\/\/www.gites.net\/blog\/wp-json\/wp\/v2\/posts\/9504"}],"collection":[{"href":"https:\/\/www.gites.net\/blog\/wp-json\/wp\/v2\/posts"}],"about":[{"href":"https:\/\/www.gites.net\/blog\/wp-json\/wp\/v2\/types\/post"}],"author":[{"embeddable":true,"href":"https:\/\/www.gites.net\/blog\/wp-json\/wp\/v2\/users\/10"}],"replies":[{"embeddable":true,"href":"https:\/\/www.gites.net\/blog\/wp-json\/wp\/v2\/comments?post=9504"}],"version-history":[{"count":2,"href":"https:\/\/www.gites.net\/blog\/wp-json\/wp\/v2\/posts\/9504\/revisions"}],"predecessor-version":[{"id":9512,"href":"https:\/\/www.gites.net\/blog\/wp-json\/wp\/v2\/posts\/9504\/revisions\/9512"}],"wp:featuredmedia":[{"embeddable":true,"href":"https:\/\/www.gites.net\/blog\/wp-json\/wp\/v2\/media\/9509"}],"wp:attachment":[{"href":"https:\/\/www.gites.net\/blog\/wp-json\/wp\/v2\/media?parent=9504"}],"wp:term":[{"taxonomy":"category","embeddable":true,"href":"https:\/\/www.gites.net\/blog\/wp-json\/wp\/v2\/categories?post=9504"},{"taxonomy":"post_tag","embeddable":true,"href":"https:\/\/www.gites.net\/blog\/wp-json\/wp\/v2\/tags?post=9504"}],"curies":[{"name":"wp","href":"https:\/\/api.w.org\/{rel}","templated":true}]}}