
{"id":9485,"date":"2021-05-11T11:15:54","date_gmt":"2021-05-11T11:15:54","guid":{"rendered":"https:\/\/www.gites.net\/blog\/?p=9485"},"modified":"2021-07-01T06:55:38","modified_gmt":"2021-07-01T06:55:38","slug":"les-forets-a-visiter-en-france","status":"publish","type":"post","link":"https:\/\/www.gites.net\/blog\/les-forets-a-visiter-en-france","title":{"rendered":"Les for\u00eats \u00e0 visiter en France"},"content":{"rendered":"\n<p><em>Vous avez besoin de <strong>prendre un grand bol d\u2019air frais seul<\/strong>, ou de profiter d\u2019une balade en famille dans les bois&nbsp;?<\/em><\/p>\n\n\n\n<p>Quoi de mieux que d\u2019aller<strong> vous balader en for\u00eat<\/strong> o\u00f9 vous pourrez vous <strong>impr\u00e9gner de l\u2019odeur des bois<\/strong> et observer la nature qui s\u2019offre \u00e0 vous par des arbres remarquables et des all\u00e9es majestueuses.<\/p>\n\n\n\n<p>Alors, venez-vous promener dans les bois en toute qui\u00e9tude et<strong> profitez du calme et de la s\u00e9r\u00e9nit\u00e9 des lieux.<\/strong><\/p>\n\n\n\n<p>Nous avons fait pour vous<strong> une s\u00e9lection des 5 meilleures for\u00eats \u00e0 visiter<\/strong>,<em> alors, suivez-nous&nbsp;!<\/em><\/p>\n\n\n\n<h1><strong>For\u00eat de Fontainebleau<\/strong><\/h1>\n\n\n\n<figure class=\"wp-block-image size-large\"><img loading=\"lazy\" width=\"799\" height=\"533\" src=\"https:\/\/www.gites.net\/blog\/wp-content\/emp\/blogcasas\/2021\/05\/David-Mapletoft-FLICKR.jpg\" alt=\"\" class=\"wp-image-9487\" srcset=\"https:\/\/www.gites.net\/blog\/wp-content\/emp\/blogcasas\/2021\/05\/David-Mapletoft-FLICKR.jpg 799w, https:\/\/www.gites.net\/blog\/wp-content\/emp\/blogcasas\/2021\/05\/David-Mapletoft-FLICKR-300x200.jpg 300w, https:\/\/www.gites.net\/blog\/wp-content\/emp\/blogcasas\/2021\/05\/David-Mapletoft-FLICKR-768x512.jpg 768w, https:\/\/www.gites.net\/blog\/wp-content\/emp\/blogcasas\/2021\/05\/David-Mapletoft-FLICKR-320x213.jpg 320w\" sizes=\"(max-width: 799px) 100vw, 799px\" \/><\/figure>\n\n\n\n<p>Ayant re\u00e7u une distinction de<strong> \u00ab&nbsp;for\u00eat d\u2019exception&nbsp;\u00bb <\/strong>par l\u2019ONF, la for\u00eat de Fontainebleau, situ\u00e9e <a href=\"https:\/\/www.gites.net\/gites\/ile-de-france\" target=\"_blank\" rel=\"noreferrer noopener\"><strong>au sud-est de Paris<\/strong><\/a> encercle la ville et le ch\u00e2teau royal de <strong>plus de 22 000 hectares de pins et de ch\u00eanes<\/strong>.<\/p>\n\n\n\n<p>C\u2019est un <strong>endroit de r\u00eave <\/strong>pour les <strong>amateurs d\u2019escalades<\/strong> car les rochers de gr\u00e8s feront leur plaisir. Ses sentiers permettent<strong> l\u2019acc\u00e8s aux gorges de Frachard <\/strong>qui est un<strong> site remarquable du massif.<\/strong><\/p>\n\n\n\n<p>Elle a \u00e9galement \u00e9t\u00e9 reconnu par <strong>l\u2019UNESCO <\/strong>comme une<strong> \u00ab&nbsp;R\u00e9serve de biosph\u00e8re&nbsp;\u00bb<\/strong> car elle constitue un pr\u00e9cieux r\u00e9servoir de<strong>&nbsp;biodiversit\u00e9.<\/strong><\/p>\n\n\n\n<p>Lieu de <strong>nombreuses activit\u00e9s \u00e0 effectuer en famille<\/strong> telles que le v\u00e9lo, la randonn\u00e9e ou le ramassage des champignons et des ch\u00e2taignes. Cette magnifique for\u00eat est un <strong>endroit pour se d\u00e9connecter<\/strong> du quotidien afin de se reconnecter au r\u00e9el dans le but de <strong>partager des moments pr\u00e9cieux <\/strong>avec ceux qui nous sont chers.<\/p>\n\n\n\n<h1><strong>For\u00eat de Compi\u00e8gne<\/strong><\/h1>\n\n\n\n<figure class=\"wp-block-image size-large\"><img loading=\"lazy\" width=\"800\" height=\"600\" src=\"https:\/\/www.gites.net\/blog\/wp-content\/emp\/blogcasas\/2021\/05\/sutterwi-FLICKR.jpg\" alt=\"\" class=\"wp-image-9488\" srcset=\"https:\/\/www.gites.net\/blog\/wp-content\/emp\/blogcasas\/2021\/05\/sutterwi-FLICKR.jpg 800w, https:\/\/www.gites.net\/blog\/wp-content\/emp\/blogcasas\/2021\/05\/sutterwi-FLICKR-300x225.jpg 300w, https:\/\/www.gites.net\/blog\/wp-content\/emp\/blogcasas\/2021\/05\/sutterwi-FLICKR-768x576.jpg 768w, https:\/\/www.gites.net\/blog\/wp-content\/emp\/blogcasas\/2021\/05\/sutterwi-FLICKR-156x117.jpg 156w\" sizes=\"(max-width: 800px) 100vw, 800px\" \/><\/figure>\n\n\n\n<p>Pour les<strong> amoureux de l\u2019histoire<\/strong>, cette for\u00eat vous plaira car , elle en regorge et vous fera voyager dans le temps. Elle abrite les plus vieux arbres de France <strong>dont un de 850 ans<\/strong>. C\u2019est le<strong> ch\u00eane de Saint Jean<\/strong>, plant\u00e9 sous le r\u00e8gne du <strong>Roi Saint Louis.<\/strong><\/p>\n\n\n\n<p>La for\u00eat a \u00e9t\u00e9 un <strong>terrain de chasse des rois de France<\/strong> mais \u00e9galement le lieu de la<strong> signature de l\u2019armistice du 11 Novembre 1918.<\/strong><\/p>\n\n\n\n<p>Compi\u00e8gne <strong>c\u2019est 1200Km de voies id\u00e9ales<\/strong> pour s\u2019\u00e9vader que ce soit \u00e0 pied, \u00e0 cheval ou \u00e0 v\u00e9lo.<\/p>\n\n\n\n<p>Situ\u00e9 <strong>dans l\u2019Oise \u00e0 moins d\u2019une heure de Paris, <\/strong>elle vous \u00e9tale ses innombrables histoires sous ses plus vieux arbres, ses magnifiques all\u00e9es pris\u00e9es par les <strong>promeneurs, les cavaliers et les cyclistes<\/strong>. L\u2019un de ses <strong>myst\u00e8res <\/strong>c\u2019est qu\u2019elle cache un pittoresque village forestier.<\/p>\n\n\n\n<p><em><strong>Alors, cette for\u00eat enchant\u00e9e et rempli d\u2019histoires n\u2019attends que vous&nbsp;!<\/strong><\/em><\/p>\n\n\n\n<h1><strong>For\u00eat domaniale de Grande Chartreuse<\/strong><\/h1>\n\n\n\n<figure class=\"wp-block-image size-large\"><img loading=\"lazy\" width=\"800\" height=\"600\" src=\"https:\/\/www.gites.net\/blog\/wp-content\/emp\/blogcasas\/2021\/05\/Damien-Boilley-FLICKR.jpg\" alt=\"\" class=\"wp-image-9490\" srcset=\"https:\/\/www.gites.net\/blog\/wp-content\/emp\/blogcasas\/2021\/05\/Damien-Boilley-FLICKR.jpg 800w, https:\/\/www.gites.net\/blog\/wp-content\/emp\/blogcasas\/2021\/05\/Damien-Boilley-FLICKR-300x225.jpg 300w, https:\/\/www.gites.net\/blog\/wp-content\/emp\/blogcasas\/2021\/05\/Damien-Boilley-FLICKR-768x576.jpg 768w, https:\/\/www.gites.net\/blog\/wp-content\/emp\/blogcasas\/2021\/05\/Damien-Boilley-FLICKR-156x117.jpg 156w\" sizes=\"(max-width: 800px) 100vw, 800px\" \/><\/figure>\n\n\n\n<p>Localis\u00e9<strong> en Is\u00e8re, la Grande Chartreuse<\/strong> est la<strong> plus grande for\u00eat domaniale des Alpes et de la Savoie&nbsp;! <\/strong>Elle est principalement compos\u00e9e de <strong>h\u00eatraies-sapini\u00e8res <\/strong>et domin\u00e9e par d&rsquo;imposantes falaises calcaires, cette for\u00eat est secr\u00e8te et majestueuse, elle est source de calme, de s\u00e9r\u00e9nit\u00e9 et encercle de vastes \u00e9tendues de <strong>campagne silencieuse<\/strong>.<\/p>\n\n\n\n<p>La for\u00eat domaniale qui <strong>auparavant appartenait \u00e0 l\u2019Ordre des chartreux<\/strong>, est devenue une <strong>propri\u00e9t\u00e9 de l\u2019\u00c9tat depuis 1972<\/strong> abritant toujours le monast\u00e8re qui a \u00e9t\u00e9 class\u00e9 monument historique.<\/p>\n\n\n\n<p>Marqu\u00e9es par d\u2019imposantes falaises, la for\u00eat vous offre des <strong>paysages de montagnes grandioses.<\/strong><\/p>\n\n\n\n<p>La balade au sein de cette for\u00eat enchanteresse sera <strong>un vrai r\u00e9gal pour les amoureux de la faune<\/strong> car en s\u2019y promenant, vous pouvez tomber sur de nombreuses esp\u00e8ces comme le cerf, le chat sauvage et m\u00eame<strong> l\u2019aigle royal.<\/strong><\/p>\n\n\n\n<h1><strong>For\u00eat des Landes<\/strong><\/h1>\n\n\n\n<figure class=\"wp-block-image size-large\"><img loading=\"lazy\" width=\"800\" height=\"450\" src=\"https:\/\/www.gites.net\/blog\/wp-content\/emp\/blogcasas\/2021\/05\/jacme31-FLICKR.jpg\" alt=\"\" class=\"wp-image-9491\" srcset=\"https:\/\/www.gites.net\/blog\/wp-content\/emp\/blogcasas\/2021\/05\/jacme31-FLICKR.jpg 800w, https:\/\/www.gites.net\/blog\/wp-content\/emp\/blogcasas\/2021\/05\/jacme31-FLICKR-300x169.jpg 300w, https:\/\/www.gites.net\/blog\/wp-content\/emp\/blogcasas\/2021\/05\/jacme31-FLICKR-768x432.jpg 768w\" sizes=\"(max-width: 800px) 100vw, 800px\" \/><\/figure>\n\n\n\n<p>Avec sa superficie de <strong>presqu\u2019un million d\u2019hectares, <\/strong>la for\u00eat des landes longe le <strong>long de l\u2019Oc\u00e9an Atlantique<\/strong> et est le <strong>plus grand massif forestier artificiel <\/strong>en Europe Occidentale.<\/p>\n\n\n\n<p>La for\u00eat landaise est avant tout un <strong>environnement d\u2019exception. <\/strong>C\u2019est un cadre id\u00e9al pour vos vacances en toute qui\u00e9tude favorable au l\u00e2cher-prise et au bien-\u00eatre.<\/p>\n\n\n\n<p>Elle<strong> regorge d\u00b4h\u00e9bergements au milieu du calme<\/strong> et de la nature&nbsp;: chambres d\u2019h\u00f4tes, h\u00f4tels, lodges dans le but de favoriser et de faciliter un s\u00e9jour au sein de cette magnifique for\u00eat afin de r<strong>espirer un nouvel air frais <\/strong>et vous d\u00e9connecter du monde r\u00e9el.<\/p>\n\n\n\n<p>Merveilleux<strong> terrain de jeux <\/strong>pour des vacances \u00e0 l\u2019air libre, que ce soit en familles ou avec des amis, l\u2019ennui ne sera pas au rendez-vous avec ses kilom\u00e8tres de <strong>sentiers et pistes cyclables <\/strong>pour vos balades que ce soit \u00e0 pied, \u00e0 v\u00e9lo ou sur le dos d\u2019un cheval.<\/p>\n\n\n\n<p>Sans oublier les points de fleuves et rivi\u00e8res pour vous ressourcer et qui vous m\u00e8neront <strong>vers des plages de sable fin aux eaux claires.<\/strong><\/p>\n\n\n\n<h1><strong>For\u00eat de Tron\u00e7ais<\/strong><\/h1>\n\n\n\n<figure class=\"wp-block-image size-large\"><img loading=\"lazy\" width=\"800\" height=\"535\" src=\"https:\/\/www.gites.net\/blog\/wp-content\/emp\/blogcasas\/2021\/05\/Jelle-Druyts-FLICKR.jpg\" alt=\"\" class=\"wp-image-9492\" srcset=\"https:\/\/www.gites.net\/blog\/wp-content\/emp\/blogcasas\/2021\/05\/Jelle-Druyts-FLICKR.jpg 800w, https:\/\/www.gites.net\/blog\/wp-content\/emp\/blogcasas\/2021\/05\/Jelle-Druyts-FLICKR-300x201.jpg 300w, https:\/\/www.gites.net\/blog\/wp-content\/emp\/blogcasas\/2021\/05\/Jelle-Druyts-FLICKR-768x514.jpg 768w, https:\/\/www.gites.net\/blog\/wp-content\/emp\/blogcasas\/2021\/05\/Jelle-Druyts-FLICKR-320x213.jpg 320w\" sizes=\"(max-width: 800px) 100vw, 800px\" \/><\/figure>\n\n\n\n<p>Des arbres d\u2019une grandeur nature <strong>datant des centaines d\u2019ann\u00e9es,<\/strong> des lacs, un h\u00e9ritage forestier \u00e9patant avec d\u2019innombrables activit\u00e9s \u00e0 effectuer<strong>, la for\u00eat de Tron\u00e7ais <\/strong>porte \u00e0 merveille son label. Elle a \u00e9t\u00e9 labellis\u00e9e <strong>\u00ab&nbsp;for\u00eat d\u2019exception&nbsp;\u00bb <\/strong>en 2018. Cette for\u00eat est r\u00e9put\u00e9e pour ses ch\u00eanes et est <strong>situ\u00e9e dans le Nord-Ouest de l\u2019allier.<\/strong><\/p>\n\n\n\n<p>Elle fait partie d\u2019une des plus jolies for\u00eats de ch\u00eanes d\u2019Europe s\u2019\u00e9tendant sur une<strong> superficie de 10500 hectares <\/strong>o\u00f9 vous pouvez vous promener tout au long de l\u2019ann\u00e9e, nager, ou tout simplement vous balader.<\/p>\n\n\n\n<p>Vous avez quelques \u00e9glises class\u00e9s <strong>monuments historiques<\/strong> ayant le m\u00e9rite d\u2019un petit d\u00e9tour lors de votre s\u00e9jour. Vous avez <strong>l\u2019\u00e9glise paroissiale Saint-Etienne d\u2019A\u00eenay-le-ch\u00e2teau,<\/strong> l\u2019imposante <strong>\u00e9glise Saint Martin de C\u00e9rilly<\/strong> et pleins d\u2019autres.<\/p>\n","protected":false},"excerpt":{"rendered":"<p>Vous avez besoin de prendre un grand bol d\u2019air frais seul, ou de profiter d\u2019une balade en famille dans les bois&nbsp;? Quoi de mieux que d\u2019aller vous balader en for\u00eat o\u00f9 vous pourrez vous impr\u00e9gner de l\u2019odeur des bois et&hellip; <br \/><a class=\"read-more-button\" href=\"https:\/\/www.gites.net\/blog\/les-forets-a-visiter-en-france\">Savoir plus<\/a><\/p>\n","protected":false},"author":10,"featured_media":9493,"comment_status":"open","ping_status":"open","sticky":false,"template":"","format":"standard","meta":[],"categories":[8],"tags":[111],"_links":{"self":[{"href":"https:\/\/www.gites.net\/blog\/wp-json\/wp\/v2\/posts\/9485"}],"collection":[{"href":"https:\/\/www.gites.net\/blog\/wp-json\/wp\/v2\/posts"}],"about":[{"href":"https:\/\/www.gites.net\/blog\/wp-json\/wp\/v2\/types\/post"}],"author":[{"embeddable":true,"href":"https:\/\/www.gites.net\/blog\/wp-json\/wp\/v2\/users\/10"}],"replies":[{"embeddable":true,"href":"https:\/\/www.gites.net\/blog\/wp-json\/wp\/v2\/comments?post=9485"}],"version-history":[{"count":3,"href":"https:\/\/www.gites.net\/blog\/wp-json\/wp\/v2\/posts\/9485\/revisions"}],"predecessor-version":[{"id":9494,"href":"https:\/\/www.gites.net\/blog\/wp-json\/wp\/v2\/posts\/9485\/revisions\/9494"}],"wp:featuredmedia":[{"embeddable":true,"href":"https:\/\/www.gites.net\/blog\/wp-json\/wp\/v2\/media\/9493"}],"wp:attachment":[{"href":"https:\/\/www.gites.net\/blog\/wp-json\/wp\/v2\/media?parent=9485"}],"wp:term":[{"taxonomy":"category","embeddable":true,"href":"https:\/\/www.gites.net\/blog\/wp-json\/wp\/v2\/categories?post=9485"},{"taxonomy":"post_tag","embeddable":true,"href":"https:\/\/www.gites.net\/blog\/wp-json\/wp\/v2\/tags?post=9485"}],"curies":[{"name":"wp","href":"https:\/\/api.w.org\/{rel}","templated":true}]}}