
{"id":9445,"date":"2021-11-11T16:07:58","date_gmt":"2021-11-11T16:07:58","guid":{"rendered":"https:\/\/www.gites.net\/blog\/?p=9445"},"modified":"2021-11-11T16:07:58","modified_gmt":"2021-11-11T16:07:58","slug":"les-meilleurs-sentiers-de-randonnee-en-france","status":"publish","type":"post","link":"https:\/\/www.gites.net\/blog\/les-meilleurs-sentiers-de-randonnee-en-france","title":{"rendered":"Les meilleurs sentiers de randonn\u00e9e en France"},"content":{"rendered":"\n<p>Hippocrate avait affirm\u00e9&nbsp;: <em><strong>\u00ab La marche est le meilleur rem\u00e8de pour l\u2019homme \u00bb,<\/strong><\/em> et il avait bien raison&nbsp;! Quoi de mieux pour s\u2019a\u00e9rer l\u2019esprit et<strong> se d\u00e9connecter du monde <\/strong>qu\u2019une belle randonn\u00e9e en pleine nature dans de lieux \u00e0 vous couper le souffle&nbsp;?<\/p>\n\n\n\n<p><strong>Pour vous impr\u00e9gner de ces beaux paysages<\/strong>, nous allons vous amener sur les plus beaux sentiers de randonn\u00e9e qu\u2019abrite <strong><a rel=\"noreferrer noopener\" href=\"https:\/\/www.gites.net\/\" target=\"_blank\">la France<\/a>.<\/strong><\/p>\n\n\n\n<p><em><strong>Suivez-nous&nbsp;!<\/strong><\/em><\/p>\n\n\n\n<h1><strong>MYTHIQUE RANDONNEE CORSE GR20<\/strong><\/h1>\n\n\n\n<figure class=\"wp-block-image size-large\"><img loading=\"lazy\" width=\"800\" height=\"600\" src=\"https:\/\/www.gites.net\/blog\/wp-content\/emp\/blogcasas\/2021\/04\/akunamatata-FLICKR2.jpg\" alt=\"\" class=\"wp-image-9451\" srcset=\"https:\/\/www.gites.net\/blog\/wp-content\/emp\/blogcasas\/2021\/04\/akunamatata-FLICKR2.jpg 800w, https:\/\/www.gites.net\/blog\/wp-content\/emp\/blogcasas\/2021\/04\/akunamatata-FLICKR2-300x225.jpg 300w, https:\/\/www.gites.net\/blog\/wp-content\/emp\/blogcasas\/2021\/04\/akunamatata-FLICKR2-768x576.jpg 768w, https:\/\/www.gites.net\/blog\/wp-content\/emp\/blogcasas\/2021\/04\/akunamatata-FLICKR2-156x117.jpg 156w\" sizes=\"(max-width: 800px) 100vw, 800px\" \/><\/figure>\n\n\n\n<p>Vous \u00eates un friand de l\u2019aventure et \u00eates toujours <em><strong>pr\u00eats \u00e0 r\u00e9v\u00e9ler de nouveaux d\u00e9fis&nbsp;?<\/strong><\/em> Nous avons pour vous la <a href=\"https:\/\/www.gites.net\/gites\/corse\" target=\"_blank\" rel=\"noreferrer noopener\"><strong>mythique randonn\u00e9e de Corse<\/strong><\/a>, consid\u00e9r\u00e9 comme l\u2019un des plus beaux sentiers du monde et nous pouvons affirmer qu\u2019il le m\u00e9rite.<\/p>\n\n\n\n<p>Elle est \u00e9galement r\u00e9put\u00e9e comme \u00e9tant <strong>l\u2019un des itin\u00e9raires les plus difficiles<\/strong> d\u2019Europe. Le <strong>GR20<\/strong> vous fera voyager \u00e0 travers les plus beaux paysages de Corse.<\/p>\n\n\n\n<p>La distance est de<strong> 176 Km<\/strong> pour un <strong>d\u00e9part de Calenzana au Nord <\/strong>et une arriv\u00e9e<strong> \u00e0 Conca au Sud<\/strong>. La meilleure p\u00e9riode pour la parcourir est de<strong> Mi-Juin \u00e0 Fin-Septembre<\/strong>. Le niveau de difficult\u00e9 est difficile.<\/p>\n\n\n\n<p>A chaque \u00e9tape de la randonn\u00e9e, vous trouverez <strong>un endroit pour vous reposer<\/strong> et vous loger et vous pourrez ainsi profiter des magnifiques couchers de soleil qui vous coupera le souffle&nbsp;<\/p>\n\n\n\n<p>Soyez courageux, venez relever ce d\u00e9fi et vivez une aventure que <em><strong>vous n\u2019\u00eates pas pr\u00e8s d\u2019oublier&nbsp;!<\/strong><\/em><\/p>\n\n\n\n<h1><strong>TOUR DU MONT BLANC<\/strong><\/h1>\n\n\n\n<figure class=\"wp-block-image size-large\"><img loading=\"lazy\" width=\"799\" height=\"533\" src=\"https:\/\/www.gites.net\/blog\/wp-content\/emp\/blogcasas\/2021\/04\/Guilhem-Vellut-FLICKR-2.jpg\" alt=\"\" class=\"wp-image-9450\" srcset=\"https:\/\/www.gites.net\/blog\/wp-content\/emp\/blogcasas\/2021\/04\/Guilhem-Vellut-FLICKR-2.jpg 799w, https:\/\/www.gites.net\/blog\/wp-content\/emp\/blogcasas\/2021\/04\/Guilhem-Vellut-FLICKR-2-300x200.jpg 300w, https:\/\/www.gites.net\/blog\/wp-content\/emp\/blogcasas\/2021\/04\/Guilhem-Vellut-FLICKR-2-768x512.jpg 768w, https:\/\/www.gites.net\/blog\/wp-content\/emp\/blogcasas\/2021\/04\/Guilhem-Vellut-FLICKR-2-320x213.jpg 320w\" sizes=\"(max-width: 799px) 100vw, 799px\" \/><\/figure>\n\n\n\n<p>C\u2019est celle qui vous fera<strong> d\u00e9couvrir le toit de l\u2019Europe<\/strong> sous tous les angles. Le <strong>Tour du Mont Blanc ou TMB <\/strong>pour les intimes est un magnifique sentier d\u2019une <strong>distance de 170 Km<\/strong> pour un <strong>d\u00e9part de Les Houches <\/strong>et une <strong>arriv\u00e9e \u00e0 Les Houches<\/strong>. La meilleure p\u00e9riode pour la parcourir est <strong>Mi-Juin \u00e0 Fin Septembre<\/strong>. Le niveau de <strong>difficult\u00e9 est moyen.<\/strong><\/p>\n\n\n\n<p>Ce magnifique sentier tourne autour de <strong>l\u2019un des plus beaux massifs montagneux<\/strong> au monde \u00e0 travers trois pays qui sont&nbsp;: la France, l\u2019Italie et la Suisse<\/p>\n\n\n\n<p>Pour vous lancer dans cette belle aventure, vous vous devez d\u00b4\u00eatre en forme afin de parcourir les plus beaux <strong>panoramas des qu\u2019offre les Alpes<\/strong> qui vous laisseront bouche b\u00e9e.<\/p>\n\n\n\n<p>La r\u00e9serve naturelle des contamines,<strong> le Val V\u00e9ny, le Valais Suisse<\/strong>, la r\u00e9serve naturelle des Aiguilles, tous ces lieux vous laisseront tout simplement eblouis.<\/p>\n\n\n\n<p><em><strong>Profitez-en&nbsp;!<\/strong><\/em><\/p>\n\n\n\n<h1><strong>TOUR DU QUEYRAS<\/strong><\/h1>\n\n\n\n<figure class=\"wp-block-image size-large\"><img loading=\"lazy\" width=\"800\" height=\"600\" src=\"https:\/\/www.gites.net\/blog\/wp-content\/emp\/blogcasas\/2021\/04\/akunamatata-FLICKR.jpg\" alt=\"\" class=\"wp-image-9449\" srcset=\"https:\/\/www.gites.net\/blog\/wp-content\/emp\/blogcasas\/2021\/04\/akunamatata-FLICKR.jpg 800w, https:\/\/www.gites.net\/blog\/wp-content\/emp\/blogcasas\/2021\/04\/akunamatata-FLICKR-300x225.jpg 300w, https:\/\/www.gites.net\/blog\/wp-content\/emp\/blogcasas\/2021\/04\/akunamatata-FLICKR-768x576.jpg 768w, https:\/\/www.gites.net\/blog\/wp-content\/emp\/blogcasas\/2021\/04\/akunamatata-FLICKR-156x117.jpg 156w\" sizes=\"(max-width: 800px) 100vw, 800px\" \/><\/figure>\n\n\n\n<p><em><strong>Amoureux de la randonn\u00e9e, bienvenue dans votre paradis !<\/strong><\/em> Le<strong> Tour de Queyras <\/strong>traverse des paysages d\u2019une extr\u00eame beaut\u00e9 en <strong>plein c\u0153ur des Hautes-Alpes<\/strong> ce qui fait la joie des randonneurs.<\/p>\n\n\n\n<p>Ses sentiers alpins sont reconnus pour \u00eatre parfaitement entretenus et \u00e7a lui vaut donc d\u2019\u00eatre parmi <strong>les plus accessibles de France.<\/strong> Son parc r\u00e9gional renferme des paysages \u00e0 vous couper le souffle. Avec <strong>ses 128 Km <\/strong>\u00e0 son compteur , le<strong> tour du Queyras (GR 58)<\/strong> est un des sentiers les plus r\u00e9put\u00e9s et les plus fr\u00e9quent\u00e9s des Alpes. Elle a un <strong>itin\u00e9raire en boucle <\/strong>pour un <strong>d\u00e9part \u00e0 Ceillac et une arriv\u00e9e \u00e0 Ceillac. <\/strong>Le niveau de <strong>difficult\u00e9 est moyen.<\/strong><\/p>\n\n\n\n<p>Lors de votre randonn\u00e9e au Queyras, vous croiserez tr\u00e8s certainement des <strong>esp\u00e8ces animales prot\u00e9g\u00e9es <\/strong>comme des chamois, des aigles et des marmottes. Le <strong>paysage culturel <\/strong>ne se laisse \u00e9galement pas faire, vous croiserez en chemin des montagnes typiques ayant en leur sein les plus beaux <strong>chalets d\u2019alpage fran\u00e7ais.<\/strong><\/p>\n\n\n\n<h1><strong>LE JURA<\/strong><\/h1>\n\n\n\n<figure class=\"wp-block-image size-large\"><img loading=\"lazy\" width=\"799\" height=\"533\" src=\"https:\/\/www.gites.net\/blog\/wp-content\/emp\/blogcasas\/2021\/04\/Guilhem-Vellut-FLICKR.jpg\" alt=\"\" class=\"wp-image-9448\" srcset=\"https:\/\/www.gites.net\/blog\/wp-content\/emp\/blogcasas\/2021\/04\/Guilhem-Vellut-FLICKR.jpg 799w, https:\/\/www.gites.net\/blog\/wp-content\/emp\/blogcasas\/2021\/04\/Guilhem-Vellut-FLICKR-300x200.jpg 300w, https:\/\/www.gites.net\/blog\/wp-content\/emp\/blogcasas\/2021\/04\/Guilhem-Vellut-FLICKR-768x512.jpg 768w, https:\/\/www.gites.net\/blog\/wp-content\/emp\/blogcasas\/2021\/04\/Guilhem-Vellut-FLICKR-320x213.jpg 320w\" sizes=\"(max-width: 799px) 100vw, 799px\" \/><\/figure>\n\n\n\n<p>Connu pour \u00eatre une destination de choix <strong>pour les amoureux de la nature<\/strong> et les randonneurs. Le Jura est un territoire qui abrite <strong>d\u2019innombrables sentiers de randonn\u00e9e<\/strong> qui vous permettent de d\u00e9couvrir la richesse que renferme ce territoire situ\u00e9 \u00e0 la <strong>fronti\u00e8re de la Suisse.<\/strong><\/p>\n\n\n\n<p>Que vous soyez \u00e0 v\u00e9lo, \u00e0 la marche, sur le dos d\u2019un cheval ou le ski de fond, vous trouverez votre sentier dans le Jura. Elle a une <strong>distance de 388 Km<\/strong> avec une itin\u00e9raire lin\u00e9aire pour un<strong> d\u00e9part de Montb\u00e9liard (Mandeur) <\/strong>et <strong>l\u2019arriv\u00e9e \u00e0 Culoz.<\/strong> Nous vous conseillons de partir en randonn\u00e9e en plein hiver, vous ne serez pas d\u00e9\u00e7us&nbsp;!<\/p>\n\n\n\n<p>Nous vous proposons quelques <strong>randonn\u00e9es \u00e0 faire dans le Jura&nbsp;:<\/strong><\/p>\n\n\n\n<ul><li>En <strong>famille<\/strong>, vous pouvez parcourir les cascades du H\u00e9risson<\/li><li>Le <strong>Cr\u00eat de la Neige<\/strong> qui est<strong> le plus haut sommet du Jura,<\/strong> va vous permettre de profiter d\u2019une vue imprenable sur les alpes.<\/li><li>Le <strong>Sentier du Cr\u00eat de Chalam<\/strong> vous emm\u00e8nera aux sommets afin que vous puissiez profiter du magnifique panorama \u00e0 <strong>360 degr\u00e9s<\/strong><\/li><\/ul>\n\n\n\n<h1><strong>LA GRANDE TRAVERSEE DES PYRENNEES<\/strong><\/h1>\n\n\n\n<figure class=\"wp-block-image size-large\"><img loading=\"lazy\" width=\"800\" height=\"600\" src=\"https:\/\/www.gites.net\/blog\/wp-content\/emp\/blogcasas\/2021\/04\/sebastien-Delcoigne-FLICKR.jpg\" alt=\"\" class=\"wp-image-9447\" srcset=\"https:\/\/www.gites.net\/blog\/wp-content\/emp\/blogcasas\/2021\/04\/sebastien-Delcoigne-FLICKR.jpg 800w, https:\/\/www.gites.net\/blog\/wp-content\/emp\/blogcasas\/2021\/04\/sebastien-Delcoigne-FLICKR-300x225.jpg 300w, https:\/\/www.gites.net\/blog\/wp-content\/emp\/blogcasas\/2021\/04\/sebastien-Delcoigne-FLICKR-768x576.jpg 768w, https:\/\/www.gites.net\/blog\/wp-content\/emp\/blogcasas\/2021\/04\/sebastien-Delcoigne-FLICKR-156x117.jpg 156w\" sizes=\"(max-width: 800px) 100vw, 800px\" \/><\/figure>\n\n\n\n<p>Offrant probablement <strong>la plus grande diversit\u00e9 des paysages <\/strong>en France, des terres oc\u00e9aniques du <strong>Pays Basque<\/strong> au massif des Alb\u00e8res situ\u00e9 sur la c\u00f4te m\u00e9diterran\u00e9enne, la grande<strong> travers\u00e9e des Pyr\u00e9n\u00e9es<\/strong> va vous permettre de parcourir <strong>900 Km de sentier<\/strong>.<\/p>\n\n\n\n<p>Elle a un itin\u00e9raire lin\u00e9aire, pour un <strong>d\u00e9part de Hendaye (Atlantique) <\/strong>et une<strong> arriv\u00e9e \u00e0 Banyuls (M\u00e9diterran\u00e9e)<\/strong>. La meilleure p\u00e9riode pour la parcourir est <strong>de Juillet \u00e0 Octobre.<\/strong> Son niveau de difficult\u00e9 passe de difficile \u00e0 moyen d\u00e9pendant de l\u00e0 o\u00f9 vous vous trouvez.<\/p>\n\n\n\n<p>Nous vous conseillons de partir \u00e0 la d\u00e9couverte de <strong>la richesse naturelle du parc naturel des Pyr\u00e9n\u00e9es<\/strong>, de <strong>la r\u00e9serve de naturelle N\u00e9ouvielle<\/strong> et pleins d\u2019autres encore&nbsp;!<\/p>\n\n\n\n<p>Nous ne pouvons pas terminer sans vous parler de <strong>la randonn\u00e9e embl\u00e9matique des Pyr\u00e9n\u00e9es<\/strong> qui est le <strong>Tour du Pic du Midi d\u2019Ossau<\/strong> reconnaissable entre tous de par sa silhouette en forme de dents.<\/p>\n\n\n\n<p><\/p>\n","protected":false},"excerpt":{"rendered":"<p>Hippocrate avait affirm\u00e9&nbsp;: \u00ab La marche est le meilleur rem\u00e8de pour l\u2019homme \u00bb, et il avait bien raison&nbsp;! Quoi de mieux pour s\u2019a\u00e9rer l\u2019esprit et se d\u00e9connecter du monde qu\u2019une belle randonn\u00e9e en pleine nature dans de lieux \u00e0 vous&hellip; <br \/><a class=\"read-more-button\" href=\"https:\/\/www.gites.net\/blog\/les-meilleurs-sentiers-de-randonnee-en-france\">Savoir plus<\/a><\/p>\n","protected":false},"author":10,"featured_media":9452,"comment_status":"open","ping_status":"open","sticky":false,"template":"","format":"standard","meta":[],"categories":[8],"tags":[106],"_links":{"self":[{"href":"https:\/\/www.gites.net\/blog\/wp-json\/wp\/v2\/posts\/9445"}],"collection":[{"href":"https:\/\/www.gites.net\/blog\/wp-json\/wp\/v2\/posts"}],"about":[{"href":"https:\/\/www.gites.net\/blog\/wp-json\/wp\/v2\/types\/post"}],"author":[{"embeddable":true,"href":"https:\/\/www.gites.net\/blog\/wp-json\/wp\/v2\/users\/10"}],"replies":[{"embeddable":true,"href":"https:\/\/www.gites.net\/blog\/wp-json\/wp\/v2\/comments?post=9445"}],"version-history":[{"count":4,"href":"https:\/\/www.gites.net\/blog\/wp-json\/wp\/v2\/posts\/9445\/revisions"}],"predecessor-version":[{"id":9996,"href":"https:\/\/www.gites.net\/blog\/wp-json\/wp\/v2\/posts\/9445\/revisions\/9996"}],"wp:featuredmedia":[{"embeddable":true,"href":"https:\/\/www.gites.net\/blog\/wp-json\/wp\/v2\/media\/9452"}],"wp:attachment":[{"href":"https:\/\/www.gites.net\/blog\/wp-json\/wp\/v2\/media?parent=9445"}],"wp:term":[{"taxonomy":"category","embeddable":true,"href":"https:\/\/www.gites.net\/blog\/wp-json\/wp\/v2\/categories?post=9445"},{"taxonomy":"post_tag","embeddable":true,"href":"https:\/\/www.gites.net\/blog\/wp-json\/wp\/v2\/tags?post=9445"}],"curies":[{"name":"wp","href":"https:\/\/api.w.org\/{rel}","templated":true}]}}