
{"id":9422,"date":"2021-11-02T14:35:59","date_gmt":"2021-11-02T14:35:59","guid":{"rendered":"https:\/\/www.gites.net\/blog\/?p=9422"},"modified":"2021-11-02T14:35:59","modified_gmt":"2021-11-02T14:35:59","slug":"les-plus-belles-iles-de-la-cote-francaise","status":"publish","type":"post","link":"https:\/\/www.gites.net\/blog\/les-plus-belles-iles-de-la-cote-francaise","title":{"rendered":"Les plus belles \u00eeles de la c\u00f4te fran\u00e7aise"},"content":{"rendered":"\n<p>Combien de fois l\u2019id\u00e9e de vous \u00e9chapper et de v<strong>ivre dans une \u00eele d\u00e9serte comme Robinson Crusoe<\/strong>, vous a travers\u00e9 l\u2019esprit&nbsp;? Vous vivriez tout nu, dans u<strong>ne cabane dans les arbres<\/strong>, et vous vous nourririez de poisson et de coco. <\/p>\n\n\n\n<p>D\u2019accord, ce <strong>n\u2019est peut-\u00eatre pas le r\u00eave<\/strong> de tout le monde, mais vous avez s\u00fbrement d\u00e9j\u00e0 r\u00eav\u00e9 de passer quelques jours de d\u00e9tente dans<strong> une \u00eele paradisiaque<\/strong> comme les<strong> Fidji ou les Maldives.<\/strong> Bien que <strong>la Polyn\u00e9sie&nbsp;fran\u00e7aise<\/strong> n\u2019est pas vraiment accessible, en plus, nous avons \u00e0 port\u00e9e de main de nombreuses<strong> \u00eeles toutes aussi magnifiques <\/strong>qui n\u2019ont rien \u00e0 envier \u00e0 celles de Gr\u00e8ce, Tha\u00eflande ou les Cara\u00efbes. Pr\u00eats&nbsp;?<em><strong> En route&nbsp;!<\/strong><\/em><\/p>\n\n\n\n<h1><strong>Porquerolles<\/strong><\/h1>\n\n\n\n<figure class=\"wp-block-image size-large\"><img loading=\"lazy\" width=\"800\" height=\"529\" src=\"https:\/\/www.gites.net\/blog\/wp-content\/emp\/blogcasas\/2021\/04\/Allan-Day-FLICKR.jpg\" alt=\"\" class=\"wp-image-9425\" srcset=\"https:\/\/www.gites.net\/blog\/wp-content\/emp\/blogcasas\/2021\/04\/Allan-Day-FLICKR.jpg 800w, https:\/\/www.gites.net\/blog\/wp-content\/emp\/blogcasas\/2021\/04\/Allan-Day-FLICKR-300x198.jpg 300w, https:\/\/www.gites.net\/blog\/wp-content\/emp\/blogcasas\/2021\/04\/Allan-Day-FLICKR-768x508.jpg 768w, https:\/\/www.gites.net\/blog\/wp-content\/emp\/blogcasas\/2021\/04\/Allan-Day-FLICKR-320x213.jpg 320w\" sizes=\"(max-width: 800px) 100vw, 800px\" \/><\/figure>\n\n\n\n<p>Faisant partie de<strong> l\u2019archipel des \u00eeles d\u2019Hy\u00e8res, <\/strong>elle appartient au <a href=\"https:\/\/www.gites.net\/gites\/var\" target=\"_blank\" rel=\"noreferrer noopener\"><strong>d\u00e9partement de Var<\/strong><\/a>, en<strong> Provence-Alpes-C\u00f4te-d\u2019Azur. <\/strong>Ce bout de paradis naturel qui a<strong> seulement 200 habitants<\/strong>, poss\u00e8de une des plus belles plages de France&nbsp;:<strong> la Plage Notre Dame, <\/strong>le petit joyau de l\u2019\u00eele. <\/p>\n\n\n\n<p>Une <strong>plage, de 800 m de sable blanc<\/strong> et d\u2019eaux cristallines \u00e0 perte de vue, cach\u00e9e derri\u00e8re une for\u00eat et seulement <strong>accessible \u00e0 pied ou \u00e0 v\u00e9lo.<\/strong><\/p>\n\n\n\n<h1><strong>Corse<\/strong><\/h1>\n\n\n\n<figure class=\"wp-block-image size-large\"><img loading=\"lazy\" width=\"800\" height=\"600\" src=\"https:\/\/www.gites.net\/blog\/wp-content\/emp\/blogcasas\/2021\/04\/Maman-Voyage-FLICKR.jpg\" alt=\"\" class=\"wp-image-9426\" srcset=\"https:\/\/www.gites.net\/blog\/wp-content\/emp\/blogcasas\/2021\/04\/Maman-Voyage-FLICKR.jpg 800w, https:\/\/www.gites.net\/blog\/wp-content\/emp\/blogcasas\/2021\/04\/Maman-Voyage-FLICKR-300x225.jpg 300w, https:\/\/www.gites.net\/blog\/wp-content\/emp\/blogcasas\/2021\/04\/Maman-Voyage-FLICKR-768x576.jpg 768w, https:\/\/www.gites.net\/blog\/wp-content\/emp\/blogcasas\/2021\/04\/Maman-Voyage-FLICKR-156x117.jpg 156w\" sizes=\"(max-width: 800px) 100vw, 800px\" \/><\/figure>\n\n\n\n<p>Cette \u00eele n\u2019a pas vraiment besoin de description, il suffit de vous dire qu\u2019elle <strong>est connue <\/strong>sous le nom d\u2019<strong><em>\u00ab&nbsp;\u00cele de Beaut\u00e9&nbsp;\u00bb<\/em><\/strong>. La r\u00e9gion de Corse est<strong> la quatri\u00e8me plus grande \u00cele de la Mer M\u00e9diterran\u00e9e<\/strong>, principalement c\u00e9l\u00e8bre pour ses <strong>plages de Porto-Vecchio <\/strong>ou ses magnifiques <strong>Calanques de Piana.<\/strong> <\/p>\n\n\n\n<p>Elle abrite entre ses<strong> paysages montagneux,<\/strong> une des randonn\u00e9es les plus dures d\u2019Europe, le GR20&nbsp;: <em><strong>\u00ab Fra li Monti \u00bb<\/strong><\/em>.<\/p>\n\n\n\n<h1><strong>Belle-\u00cele-en-Mer<\/strong><\/h1>\n\n\n\n<figure class=\"wp-block-image size-large\"><img loading=\"lazy\" width=\"800\" height=\"531\" src=\"https:\/\/www.gites.net\/blog\/wp-content\/emp\/blogcasas\/2021\/04\/Sylvain-Naudin-FLICKR.jpg\" alt=\"\" class=\"wp-image-9427\" srcset=\"https:\/\/www.gites.net\/blog\/wp-content\/emp\/blogcasas\/2021\/04\/Sylvain-Naudin-FLICKR.jpg 800w, https:\/\/www.gites.net\/blog\/wp-content\/emp\/blogcasas\/2021\/04\/Sylvain-Naudin-FLICKR-300x199.jpg 300w, https:\/\/www.gites.net\/blog\/wp-content\/emp\/blogcasas\/2021\/04\/Sylvain-Naudin-FLICKR-768x510.jpg 768w, https:\/\/www.gites.net\/blog\/wp-content\/emp\/blogcasas\/2021\/04\/Sylvain-Naudin-FLICKR-320x213.jpg 320w\" sizes=\"(max-width: 800px) 100vw, 800px\" \/><\/figure>\n\n\n\n<p>Situ\u00e9e au<strong> c\u0153ur du golfe de Gascogne<\/strong>, \u00e0 seulement quelques km de la Bretagne, <strong>Belle-\u00cele-en-Mer,<\/strong> plus connue comme<strong><em> \u00ab&nbsp;Belle-\u00cele&nbsp;\u00bb<\/em><\/strong> est c\u00e9l\u00e8bre pour ses <strong>paysages sauvages de falaises<\/strong> et ses nombreux menhirs. <\/p>\n\n\n\n<p>Divers artistes ont \u00e9t\u00e9 s\u00e9duits par cette \u00eele, entre eux Claude Monet, qui a <strong>voulu immortaliser la beaut\u00e9 <\/strong>de son paysage dans divers tableaux, comme celui nomm\u00e9 <em><strong>\u00ab&nbsp;Les Aiguilles de Port-Coton&nbsp;\u00bb.<\/strong><\/em><\/p>\n\n\n\n<h1><strong>\u00cele Sainte-Marguerite<\/strong><\/h1>\n\n\n\n<figure class=\"wp-block-image size-large\"><img loading=\"lazy\" width=\"799\" height=\"533\" src=\"https:\/\/www.gites.net\/blog\/wp-content\/emp\/blogcasas\/2021\/04\/Anthony-Fino-FLICKR.jpg\" alt=\"\" class=\"wp-image-9428\" srcset=\"https:\/\/www.gites.net\/blog\/wp-content\/emp\/blogcasas\/2021\/04\/Anthony-Fino-FLICKR.jpg 799w, https:\/\/www.gites.net\/blog\/wp-content\/emp\/blogcasas\/2021\/04\/Anthony-Fino-FLICKR-300x200.jpg 300w, https:\/\/www.gites.net\/blog\/wp-content\/emp\/blogcasas\/2021\/04\/Anthony-Fino-FLICKR-768x512.jpg 768w, https:\/\/www.gites.net\/blog\/wp-content\/emp\/blogcasas\/2021\/04\/Anthony-Fino-FLICKR-320x213.jpg 320w\" sizes=\"(max-width: 799px) 100vw, 799px\" \/><\/figure>\n\n\n\n<p>Pour notre prochaine destination, nous devrons <strong>prendre un bateau \u00e0 Cannes<\/strong> et faire un petit <strong>voyage de 15 minutes. <\/strong>Nous arriverons donc \u00e0<strong> la plus grande des \u00eeles L\u00e9rins<\/strong>, class\u00e9e R\u00e9serve Naturelle gr\u00e2ce \u00e0 son<strong> exceptionnel patrimoine naturel<\/strong>, que vous pourrez d\u00e9couvrir \u00e0 travers ses sentiers balis\u00e9s. <\/p>\n\n\n\n<p>Il s\u2019agit aussi d\u2019une <strong>terre pleine d\u2019histoire,<\/strong> recueilli dans le <strong>Fort royal de l&rsquo;\u00eele Sainte-Marguerite<\/strong> et son <strong>Mus\u00e9e de la Mer.<\/strong><\/p>\n\n\n\n<h1><strong>\u00cele-de-Sein<\/strong><\/h1>\n\n\n\n<figure class=\"wp-block-image size-large\"><img loading=\"lazy\" width=\"800\" height=\"531\" src=\"https:\/\/www.gites.net\/blog\/wp-content\/emp\/blogcasas\/2021\/04\/Andre-Bradin-FLICKR.jpg\" alt=\"\" class=\"wp-image-9429\" srcset=\"https:\/\/www.gites.net\/blog\/wp-content\/emp\/blogcasas\/2021\/04\/Andre-Bradin-FLICKR.jpg 800w, https:\/\/www.gites.net\/blog\/wp-content\/emp\/blogcasas\/2021\/04\/Andre-Bradin-FLICKR-300x199.jpg 300w, https:\/\/www.gites.net\/blog\/wp-content\/emp\/blogcasas\/2021\/04\/Andre-Bradin-FLICKR-768x510.jpg 768w, https:\/\/www.gites.net\/blog\/wp-content\/emp\/blogcasas\/2021\/04\/Andre-Bradin-FLICKR-320x213.jpg 320w\" sizes=\"(max-width: 800px) 100vw, 800px\" \/><\/figure>\n\n\n\n<p>\u00c0 seulement <strong>6 km de la&nbsp;Pointe du Raz<\/strong>, cette insolite \u00eele en forme de \u00ab&nbsp;S&nbsp;\u00bb appartient au <a rel=\"noreferrer noopener\" href=\"https:\/\/www.gites.net\/gites\/finistere\" target=\"_blank\"><strong>d\u00e9partement de Finist\u00e8re<\/strong><\/a>, en Bretagne. Vous pourrez d\u00e9couvrir ses charmes en vous baladant entres ses <strong>charmantes maisons color\u00e9es <\/strong>et le port de Sein, labellis\u00e9 \u00ab<strong> port d\u2019int\u00e9r\u00eat patrimonial \u00bb<\/strong> depuis 2013. <\/p>\n\n\n\n<p>C\u2019est en plus, la destination id\u00e9ale pour des vacances de ressourcement, car toute l\u2019\u00eele est <strong>accessible sans voiture.<\/strong><\/p>\n\n\n\n<h1><strong>\u00celes du Frioul<\/strong><\/h1>\n\n\n\n<figure class=\"wp-block-image size-large\"><img loading=\"lazy\" width=\"799\" height=\"533\" src=\"https:\/\/www.gites.net\/blog\/wp-content\/emp\/blogcasas\/2021\/04\/Jeanne-Menjoulet-FLICKR.jpg\" alt=\"\" class=\"wp-image-9430\" srcset=\"https:\/\/www.gites.net\/blog\/wp-content\/emp\/blogcasas\/2021\/04\/Jeanne-Menjoulet-FLICKR.jpg 799w, https:\/\/www.gites.net\/blog\/wp-content\/emp\/blogcasas\/2021\/04\/Jeanne-Menjoulet-FLICKR-300x200.jpg 300w, https:\/\/www.gites.net\/blog\/wp-content\/emp\/blogcasas\/2021\/04\/Jeanne-Menjoulet-FLICKR-768x512.jpg 768w, https:\/\/www.gites.net\/blog\/wp-content\/emp\/blogcasas\/2021\/04\/Jeanne-Menjoulet-FLICKR-320x213.jpg 320w\" sizes=\"(max-width: 799px) 100vw, 799px\" \/><\/figure>\n\n\n\n<p><strong>L\u2019\u00cele d&rsquo;If, l\u2019\u00celot Tiboulen, l\u2019\u00cele Pom\u00e8gues<\/strong> et<strong> l\u2019\u00cele Ratonneau <\/strong>compose<strong> l\u2019archipel du Frioul<\/strong>, celle de Pom\u00e8gues et celle de Ratonneau, \u00e9tant la plus fr\u00e9quent\u00e9e, son<strong>t reli\u00e9es par la Digue Berry.<\/strong> Elles sont c\u00e9l\u00e8bres par son caract\u00e8re sauvage, ses magnifiques paysages naturels et<strong> ses criques et calanques<\/strong>. <\/p>\n\n\n\n<p>Dans l\u2019\u00cele d&rsquo;If, vous pourrez visiter le Ch\u00e2teau d\u2019If, connu gr\u00e2ce au roman d\u2019Alexandre Dumas, le <strong>Comte de Monte-Cristo.<\/strong><\/p>\n\n\n\n<h1><strong>\u00cele-de-Br\u00e9hat<\/strong><\/h1>\n\n\n\n<figure class=\"wp-block-image size-large\"><img loading=\"lazy\" width=\"800\" height=\"530\" src=\"https:\/\/www.gites.net\/blog\/wp-content\/emp\/blogcasas\/2021\/04\/Jean-Christophe-Blanquart-FLICKR.jpg\" alt=\"\" class=\"wp-image-9431\" srcset=\"https:\/\/www.gites.net\/blog\/wp-content\/emp\/blogcasas\/2021\/04\/Jean-Christophe-Blanquart-FLICKR.jpg 800w, https:\/\/www.gites.net\/blog\/wp-content\/emp\/blogcasas\/2021\/04\/Jean-Christophe-Blanquart-FLICKR-300x199.jpg 300w, https:\/\/www.gites.net\/blog\/wp-content\/emp\/blogcasas\/2021\/04\/Jean-Christophe-Blanquart-FLICKR-768x509.jpg 768w, https:\/\/www.gites.net\/blog\/wp-content\/emp\/blogcasas\/2021\/04\/Jean-Christophe-Blanquart-FLICKR-320x213.jpg 320w\" sizes=\"(max-width: 800px) 100vw, 800px\" \/><\/figure>\n\n\n\n<p>Connue comme<strong><em> \u00ab&nbsp;L\u2019ile aux fleurs&nbsp;\u00bb<\/em><\/strong> gr\u00e2ce \u00e0 la symbolique agapanthe<strong>, l\u2019\u00cele-de-Br\u00e9hat<\/strong> est la <strong>plus c\u00e9l\u00e8bre \u00eele des C\u00f4tes-d&rsquo;Armor.<\/strong> Ce petit joyau de la <strong>Bretagne du Nord<\/strong> se caract\u00e9rise aussi par son magnifique paysage rocheux de granit rose qui contraste avec ses eaux turquoise. <\/p>\n\n\n\n<p>Ne manquez pas de visiter ses sites les plus importants,<strong> le Moulin \u00e0 mar\u00e9e du Birlot<\/strong> ou l\u2019embl\u00e9matique <strong>Croix Saint-Michel de la chapelle.<\/strong><\/p>\n\n\n\n<h1><strong>Ouessant<\/strong><\/h1>\n\n\n\n<figure class=\"wp-block-image size-large\"><img loading=\"lazy\" width=\"799\" height=\"533\" src=\"https:\/\/www.gites.net\/blog\/wp-content\/emp\/blogcasas\/2021\/04\/dyonis-FLICKR.jpg\" alt=\"\" class=\"wp-image-9432\" srcset=\"https:\/\/www.gites.net\/blog\/wp-content\/emp\/blogcasas\/2021\/04\/dyonis-FLICKR.jpg 799w, https:\/\/www.gites.net\/blog\/wp-content\/emp\/blogcasas\/2021\/04\/dyonis-FLICKR-300x200.jpg 300w, https:\/\/www.gites.net\/blog\/wp-content\/emp\/blogcasas\/2021\/04\/dyonis-FLICKR-768x512.jpg 768w, https:\/\/www.gites.net\/blog\/wp-content\/emp\/blogcasas\/2021\/04\/dyonis-FLICKR-320x213.jpg 320w\" sizes=\"(max-width: 799px) 100vw, 799px\" \/><\/figure>\n\n\n\n<p><em><strong>\u00ab&nbsp;Qui voit Ouessant voit son sang&nbsp;\u00bb<\/strong><\/em>, voici le fameux dicton qui fait r\u00e9f\u00e9rence \u00e0 la <strong>nature sauvage <\/strong>de notre \u00eele. Elle est connue, surtout des marins, pour \u00eatre situ\u00e9e dans<strong> l\u2019une des mers les plus dangereuses d\u2019Europe,<\/strong> pour ses vents forts et ses <strong>violentes temp\u00eates<\/strong>. <\/p>\n\n\n\n<p>Mais soyez calmes, car cela n\u2019emp\u00eache pas que ce soit aussi une<strong> \u00eele d\u2019une beaut\u00e9 incroyable<\/strong>, d\u2019ailleurs commun\u00e9ment comme&nbsp;<strong><em>\u00ab&nbsp;l\u2019autre \u00eele de beaut\u00e9&nbsp;\u00bb.<\/em><\/strong><\/p>\n","protected":false},"excerpt":{"rendered":"<p>Combien de fois l\u2019id\u00e9e de vous \u00e9chapper et de vivre dans une \u00eele d\u00e9serte comme Robinson Crusoe, vous a travers\u00e9 l\u2019esprit&nbsp;? Vous vivriez tout nu, dans une cabane dans les arbres, et vous vous nourririez de poisson et de coco.&hellip; <br \/><a class=\"read-more-button\" href=\"https:\/\/www.gites.net\/blog\/les-plus-belles-iles-de-la-cote-francaise\">Savoir plus<\/a><\/p>\n","protected":false},"author":6,"featured_media":9434,"comment_status":"open","ping_status":"open","sticky":false,"template":"","format":"standard","meta":[],"categories":[100],"tags":[106],"_links":{"self":[{"href":"https:\/\/www.gites.net\/blog\/wp-json\/wp\/v2\/posts\/9422"}],"collection":[{"href":"https:\/\/www.gites.net\/blog\/wp-json\/wp\/v2\/posts"}],"about":[{"href":"https:\/\/www.gites.net\/blog\/wp-json\/wp\/v2\/types\/post"}],"author":[{"embeddable":true,"href":"https:\/\/www.gites.net\/blog\/wp-json\/wp\/v2\/users\/6"}],"replies":[{"embeddable":true,"href":"https:\/\/www.gites.net\/blog\/wp-json\/wp\/v2\/comments?post=9422"}],"version-history":[{"count":4,"href":"https:\/\/www.gites.net\/blog\/wp-json\/wp\/v2\/posts\/9422\/revisions"}],"predecessor-version":[{"id":9994,"href":"https:\/\/www.gites.net\/blog\/wp-json\/wp\/v2\/posts\/9422\/revisions\/9994"}],"wp:featuredmedia":[{"embeddable":true,"href":"https:\/\/www.gites.net\/blog\/wp-json\/wp\/v2\/media\/9434"}],"wp:attachment":[{"href":"https:\/\/www.gites.net\/blog\/wp-json\/wp\/v2\/media?parent=9422"}],"wp:term":[{"taxonomy":"category","embeddable":true,"href":"https:\/\/www.gites.net\/blog\/wp-json\/wp\/v2\/categories?post=9422"},{"taxonomy":"post_tag","embeddable":true,"href":"https:\/\/www.gites.net\/blog\/wp-json\/wp\/v2\/tags?post=9422"}],"curies":[{"name":"wp","href":"https:\/\/api.w.org\/{rel}","templated":true}]}}