
{"id":9349,"date":"2021-03-30T13:04:10","date_gmt":"2021-03-30T13:04:10","guid":{"rendered":"https:\/\/www.gites.net\/blog\/?p=9349"},"modified":"2021-03-30T13:06:03","modified_gmt":"2021-03-30T13:06:03","slug":"6-musees-incontournables-de-paris","status":"publish","type":"post","link":"https:\/\/www.gites.net\/blog\/6-musees-incontournables-de-paris","title":{"rendered":"6 mus\u00e9es incontournables de Paris"},"content":{"rendered":"<p><span lang=\"fr-FR\"><strong>Depuis le XX\u00e8me si\u00e8cle<\/strong>, la <strong><a href=\"https:\/\/www.gites.net\/gites\/paris\">capitale de France<\/a><\/strong> a accueillit un<strong> tr\u00e8s grand nombre d\u2019artistes<\/strong> qui se sont sentis inspir\u00e9s par cette ville. Gr\u00e2ce a cela, <strong>beaucoup des \u0153uvres<\/strong> les plus importantes d\u2019artistes connus mondialement <strong>se trouvent aujourd\u2019hui entres les murs de ses mus\u00e9es<\/strong>. <\/span><\/p>\n<p><span lang=\"fr-FR\">Paris est sans doute<strong> une des villes qui en abrite le plus<\/strong>, elle compte avec<strong> plus de 200 mus\u00e9es<\/strong> et pr\u00e8s de 1000 galeries d\u2019art. <\/span><\/p>\n<p><span lang=\"fr-FR\">Evidement, les visiter tous, c\u2019est une tache difficile, ou du moins une tache qui prendrai assez de temps. C\u2019est pourquoi <strong>nous avons choisi ses 6 mus\u00e9es incontournables<\/strong>,<em> ceux \u00e0 ne manquer sous aucun pr\u00e9texte\u00a0!<\/em><\/span><\/p>\n<h2><strong><span lang=\"fr-FR\">Mus\u00e9e du Louvre<\/span><\/strong><\/h2>\n<div id=\"attachment_9355\" style=\"width: 810px\" class=\"wp-caption aligncenter\"><img aria-describedby=\"caption-attachment-9355\" loading=\"lazy\" class=\"size-full wp-image-9355\" src=\"https:\/\/www.gites.net\/blog\/wp-content\/emp\/blogcasas\/2021\/03\/David-Stanley-FLICKR.jpg\" alt=\"David Stanley-FLICKR\" width=\"800\" height=\"600\" srcset=\"https:\/\/www.gites.net\/blog\/wp-content\/emp\/blogcasas\/2021\/03\/David-Stanley-FLICKR.jpg 800w, https:\/\/www.gites.net\/blog\/wp-content\/emp\/blogcasas\/2021\/03\/David-Stanley-FLICKR-300x225.jpg 300w, https:\/\/www.gites.net\/blog\/wp-content\/emp\/blogcasas\/2021\/03\/David-Stanley-FLICKR-768x576.jpg 768w, https:\/\/www.gites.net\/blog\/wp-content\/emp\/blogcasas\/2021\/03\/David-Stanley-FLICKR-156x117.jpg 156w\" sizes=\"(max-width: 800px) 100vw, 800px\" \/><p id=\"caption-attachment-9355\" class=\"wp-caption-text\">David Stanley-FLICKR<\/p><\/div>\n<p><span lang=\"fr-FR\">Le premier sur la liste<strong> ne pouvait pas \u00eatre autre que celui-ci,<\/strong> LE <strong>mus\u00e9e de Paris par excellence<\/strong>. Il est, non seulement<strong> connu dans le monde entier<\/strong>, mais il s\u2019av\u00e8re aussi d\u2019\u00eatre le mus\u00e9e<strong> le plus visit\u00e9,<\/strong> avec plus de 10 millions de visiteurs par an. <\/span><\/p>\n<p><span lang=\"fr-FR\">Il s\u2019agit d\u2019un nombre exorbitant de personnes, mais soyez tranquilles car il est tellement grand que vous n\u2019aurez pas<strong> l\u2019occasion de tous les voir.<\/strong> Il y a plus<strong> 14 km de couloirs \u00e0 parcourir et 403 salles \u00e0 voir<\/strong>, vous aurez donc besoin de plusieurs jours si vous voulez toutes les voir. <\/span><\/p>\n<p><span lang=\"fr-FR\">Il abrite <strong>une infinit\u00e9 d\u2019\u0153uvres d\u2019art entre ses murs,<\/strong> la plus importante et plus visit\u00e9e \u00e9tant La Joconde, ou Portrait de <strong>Mona Lisa de Leonard de Vinci,<\/strong> suivie de la<strong> Venus de Milo<\/strong> d\u2019Alexandros d&rsquo;Antioche.<\/span><\/p>\n<h2><strong><span lang=\"fr-FR\">Mus\u00e9e d&rsquo;Orsay<\/span><\/strong><\/h2>\n<div id=\"attachment_9354\" style=\"width: 809px\" class=\"wp-caption aligncenter\"><img aria-describedby=\"caption-attachment-9354\" loading=\"lazy\" class=\"size-full wp-image-9354\" src=\"https:\/\/www.gites.net\/blog\/wp-content\/emp\/blogcasas\/2021\/03\/Shadowgate-FLICKR.jpg\" alt=\"Shadowgate-FLICKR\" width=\"799\" height=\"533\" srcset=\"https:\/\/www.gites.net\/blog\/wp-content\/emp\/blogcasas\/2021\/03\/Shadowgate-FLICKR.jpg 799w, https:\/\/www.gites.net\/blog\/wp-content\/emp\/blogcasas\/2021\/03\/Shadowgate-FLICKR-300x200.jpg 300w, https:\/\/www.gites.net\/blog\/wp-content\/emp\/blogcasas\/2021\/03\/Shadowgate-FLICKR-768x512.jpg 768w, https:\/\/www.gites.net\/blog\/wp-content\/emp\/blogcasas\/2021\/03\/Shadowgate-FLICKR-320x213.jpg 320w\" sizes=\"(max-width: 799px) 100vw, 799px\" \/><p id=\"caption-attachment-9354\" class=\"wp-caption-text\">Shadowgate-FLICKR<\/p><\/div>\n<p><span lang=\"fr-FR\">Situ\u00e9<strong> sur la rive gauche de la Seine<\/strong>, en face du<strong> jardin des Tuileries<\/strong> et am\u00e9nag\u00e9 sur l&rsquo;ancienne gare d\u2019Orsay, dont il ne conserve que le hall et la c\u00e9l\u00e8bre horloge, il fut construit \u00e0<strong> l\u2019origine en 1898<\/strong> pour l&rsquo;exposition universelle de 1900. <\/span><\/p>\n<p><span lang=\"fr-FR\">La gare est<strong> r\u00e9am\u00e9nag\u00e9e et ouverte comme mus\u00e9e<\/strong> en 1986 et depuis, il offre la possibilit\u00e9 de voir la plus grande collection <strong>d\u2019\u0153uvres impressionnistes et postimpressionistes<\/strong> du monde. <\/span><\/p>\n<p><span lang=\"fr-FR\">Il compte avec pr\u00e8s de <strong>1100 peintures de grands artistes<\/strong> comme Claude Monet, Vincent van Gogh ou Paul C\u00e9zanne et <strong>plus de 3000 autres \u0153uvres d\u2019art de la peinture,<\/strong> de la <strong>sculpture<\/strong>, de la <strong>photographie<\/strong> et une grande diversit\u00e9 de chefs-d\u2019\u0153uvre du XIX\u00e8me et XX\u00e8me si\u00e8cle. <\/span><\/p>\n<h2><strong><span lang=\"fr-FR\">Mus\u00e9e de l&rsquo;Orangerie<\/span><\/strong><\/h2>\n<div id=\"attachment_9353\" style=\"width: 810px\" class=\"wp-caption aligncenter\"><img aria-describedby=\"caption-attachment-9353\" loading=\"lazy\" class=\"size-full wp-image-9353\" src=\"https:\/\/www.gites.net\/blog\/wp-content\/emp\/blogcasas\/2021\/03\/David-Merrett-FLICKR.jpg\" alt=\"David Merrett-FLICKR\" width=\"800\" height=\"531\" srcset=\"https:\/\/www.gites.net\/blog\/wp-content\/emp\/blogcasas\/2021\/03\/David-Merrett-FLICKR.jpg 800w, https:\/\/www.gites.net\/blog\/wp-content\/emp\/blogcasas\/2021\/03\/David-Merrett-FLICKR-300x199.jpg 300w, https:\/\/www.gites.net\/blog\/wp-content\/emp\/blogcasas\/2021\/03\/David-Merrett-FLICKR-768x510.jpg 768w, https:\/\/www.gites.net\/blog\/wp-content\/emp\/blogcasas\/2021\/03\/David-Merrett-FLICKR-320x213.jpg 320w\" sizes=\"(max-width: 800px) 100vw, 800px\" \/><p id=\"caption-attachment-9353\" class=\"wp-caption-text\">David Merrett-FLICKR<\/p><\/div>\n<p><span lang=\"fr-FR\">Juste \u00e0 deux pas, au <strong>c\u0153ur du\u00a0<\/strong><\/span><strong><span lang=\"fr-FR\">Jardin des Tuileries<\/span><\/strong><span lang=\"fr-FR\">, nous trouvons le\u00a0<\/span><strong><span lang=\"fr-FR\">mus\u00e9e de l\u2019Orangerie<\/span><\/strong><span lang=\"fr-FR\"><strong>.<\/strong> Celui-ci tenant son nom de l\u2019ancienne orangerie,<strong> construite en 1852<\/strong> pour prot\u00e9ger les oranges du jardin en hiver. <\/span><\/p>\n<p><span lang=\"fr-FR\">Aujourd\u2019hui, il s\u2019agit <strong>d\u2019un des mus\u00e9es plus importants<\/strong> de la capitale, o\u00f9 vous pourrez voir diverses \u0153uvres de c\u00e9l\u00e8bres peintres impressionnistes. Entre elles, vous trouverez des peintures telles que <strong><em>\u00ab\u00a0Le d\u00e9jeuner sur l\u2019herbe\u00a0\u00bb<\/em><\/strong> de C\u00e9zanne, <strong><em>\u00ab\u00a0Nymph\u00e9as\u00a0\u00bb<\/em><\/strong> de Monet\u00a0ou diverses autres de Picasso, Modigliani, Renoir, Matisse, Sisley et une longue liste. <\/span><\/p>\n<p><span lang=\"fr-FR\">Mais, contrairement \u00e0 ses voisins, ce mus\u00e9e, bien qu\u2019il accueille <strong>une grande collection \u00e0 contempler,<\/strong> cela ne vous prendra pas autant de temps.<\/span><\/p>\n<h2><strong><span lang=\"fr-FR\">Centre Pompidou<\/span><\/strong><\/h2>\n<div id=\"attachment_9352\" style=\"width: 810px\" class=\"wp-caption aligncenter\"><img aria-describedby=\"caption-attachment-9352\" loading=\"lazy\" class=\"size-full wp-image-9352\" src=\"https:\/\/www.gites.net\/blog\/wp-content\/emp\/blogcasas\/2021\/03\/Rache-P.-FLICKR.jpg\" alt=\"Rache P.-FLICKR\" width=\"800\" height=\"600\" srcset=\"https:\/\/www.gites.net\/blog\/wp-content\/emp\/blogcasas\/2021\/03\/Rache-P.-FLICKR.jpg 800w, https:\/\/www.gites.net\/blog\/wp-content\/emp\/blogcasas\/2021\/03\/Rache-P.-FLICKR-300x225.jpg 300w, https:\/\/www.gites.net\/blog\/wp-content\/emp\/blogcasas\/2021\/03\/Rache-P.-FLICKR-768x576.jpg 768w, https:\/\/www.gites.net\/blog\/wp-content\/emp\/blogcasas\/2021\/03\/Rache-P.-FLICKR-156x117.jpg 156w\" sizes=\"(max-width: 800px) 100vw, 800px\" \/><p id=\"caption-attachment-9352\" class=\"wp-caption-text\">Rache P.-FLICKR<\/p><\/div>\n<p><span lang=\"fr-FR\"><strong>Longeons le Seine<\/strong> jusqu\u2019au quartier Saint-Merri, o\u00f9 se trouve<strong> le mus\u00e9e national d\u2019art et de culture<\/strong> Georges-Pompidou, plus connu sous le nom de <strong>Centre Pompidou<\/strong>. <\/span><\/p>\n<p><span lang=\"fr-FR\">Celui-ci pourrait \u00eatre consid\u00e9r\u00e9 comme<strong> une \u0153uvre d\u2019art en lui-m\u00eame<\/strong>, car sa<strong> structure ext\u00e9rieure<\/strong> est on ne peut plus curieuse et originale. Il est compos\u00e9 de<strong> tuyaux visibles<\/strong> et autres \u00e9l\u00e9ments fonctionnels en acier et une <strong>multitude de couleurs,<\/strong> raison pour laquelle il fut baptis\u00e9 comme<strong><em> \u00ab\u00a0Notre-Dame de la Tuyauterie\u00a0\u00bb<\/em><\/strong>. <\/span><\/p>\n<p><span lang=\"fr-FR\">\u00c0 l\u2019int\u00e9rieur, vous pourrez profiter de <strong>sa collection permanente d\u00e9di\u00e9e \u00e0 l&rsquo;art moderne,<\/strong> ainsi que plusieurs expositions temporaires et m\u00eame des <strong>salles de cin\u00e9ma,<\/strong> de spectacles et une biblioth\u00e8que publique d\u2019information. <\/span><\/p>\n<h2><strong><span lang=\"fr-FR\">Fondation Louis Vuitton<\/span><\/strong><\/h2>\n<div id=\"attachment_9351\" style=\"width: 809px\" class=\"wp-caption aligncenter\"><img aria-describedby=\"caption-attachment-9351\" loading=\"lazy\" class=\"size-full wp-image-9351\" src=\"https:\/\/www.gites.net\/blog\/wp-content\/emp\/blogcasas\/2021\/03\/Ninara-FLICKR.jpg\" alt=\"Ninara-FLICKR\" width=\"799\" height=\"534\" srcset=\"https:\/\/www.gites.net\/blog\/wp-content\/emp\/blogcasas\/2021\/03\/Ninara-FLICKR.jpg 799w, https:\/\/www.gites.net\/blog\/wp-content\/emp\/blogcasas\/2021\/03\/Ninara-FLICKR-300x201.jpg 300w, https:\/\/www.gites.net\/blog\/wp-content\/emp\/blogcasas\/2021\/03\/Ninara-FLICKR-768x513.jpg 768w, https:\/\/www.gites.net\/blog\/wp-content\/emp\/blogcasas\/2021\/03\/Ninara-FLICKR-320x213.jpg 320w\" sizes=\"(max-width: 799px) 100vw, 799px\" \/><p id=\"caption-attachment-9351\" class=\"wp-caption-text\">Ninara-FLICKR<\/p><\/div>\n<p><span lang=\"fr-FR\">Voici un autre b\u00e2timent qui pourrait<strong> lui-m\u00eame \u00eatre consid\u00e9r\u00e9 comme une \u0153uvre d\u2019art,<\/strong> l\u2019incroyable construction en verre en forme de voilier d\u2019environ<strong> 46 m de haut,<\/strong> fut con\u00e7u par <strong>l&rsquo;architecte Frank Gehry.<\/strong> <\/span><\/p>\n<p><span lang=\"fr-FR\">Cette fondation, un organisme<strong> sans but lucratif<\/strong> qui a <strong>ouvert ses portes en octobre 2014<\/strong>, a comme objectif de promouvoir la cr\u00e9ation artistique moderne et contemporaine. Pour cela, elle pr\u00e9sente des <strong>expositions<\/strong>, temporaires et permanentes, dont l\u2019exposition <strong><em>\u00ab\u00a0Parcours architectural\u00a0\u00bb<\/em><\/strong> qui vous d\u00e9voile les secrets du processus de cr\u00e9ation du b\u00e2timent. <\/span><\/p>\n<p><span lang=\"fr-FR\">Le mus\u00e9e accorde aussi une valeur \u00e0 <strong>d\u2019autres disciplines artistiques<\/strong> comme la musique, gr\u00e2ce \u00e0 son auditorium, o\u00f9 se r\u00e9alisent des concerts de tous les types.<\/span><\/p>\n<h2><strong><span lang=\"fr-FR\">Mus\u00e9e du quai Branly &#8211; Jacques Chirac<\/span><\/strong><\/h2>\n<div id=\"attachment_9350\" style=\"width: 810px\" class=\"wp-caption aligncenter\"><img aria-describedby=\"caption-attachment-9350\" loading=\"lazy\" class=\"size-full wp-image-9350\" src=\"https:\/\/www.gites.net\/blog\/wp-content\/emp\/blogcasas\/2021\/03\/Timothy-Brown-FLICKR.jpg\" alt=\"Timothy Brown-FLICKR\" width=\"800\" height=\"600\" srcset=\"https:\/\/www.gites.net\/blog\/wp-content\/emp\/blogcasas\/2021\/03\/Timothy-Brown-FLICKR.jpg 800w, https:\/\/www.gites.net\/blog\/wp-content\/emp\/blogcasas\/2021\/03\/Timothy-Brown-FLICKR-300x225.jpg 300w, https:\/\/www.gites.net\/blog\/wp-content\/emp\/blogcasas\/2021\/03\/Timothy-Brown-FLICKR-768x576.jpg 768w, https:\/\/www.gites.net\/blog\/wp-content\/emp\/blogcasas\/2021\/03\/Timothy-Brown-FLICKR-156x117.jpg 156w\" sizes=\"(max-width: 800px) 100vw, 800px\" \/><p id=\"caption-attachment-9350\" class=\"wp-caption-text\">Timothy Brown-FLICKR<\/p><\/div>\n<p><span lang=\"fr-FR\">Rendez-vous <strong>37 Quai Branly.<\/strong> Notre dernier mus\u00e9e, qui adopte aujourd\u2019hui<strong> le nom de sa localisation et du pr\u00e9sident<\/strong> qui l\u2019avait con\u00e7u, fut d\u2019abord connu sous les noms<strong><em> \u00ab\u00a0Mus\u00e9e des arts premiers\u00a0\u00bb<\/em> <\/strong>et <strong><em>\u00ab\u00a0Mus\u00e9e des arts et civilisations d&rsquo;Afrique, d&rsquo;Asie, d&rsquo;Oc\u00e9anie et des Am\u00e9riques\u00a0\u00bb<\/em><\/strong>. <\/span><\/p>\n<p><span lang=\"fr-FR\">Il s\u2019agit d\u2019un <strong>mus\u00e9e ethnologique<\/strong> avec des repr\u00e9sentations de <strong>cultures primitives<\/strong> qui dispose d\u2019un parcours unique qui vous conduira \u00e0 travers les <strong>diff\u00e9rentes cultures non occidentales.<\/strong> <\/span><\/p>\n<p><span lang=\"fr-FR\">Sa collection abrite<strong> plus de 300 000 objets<\/strong> qui proviennent du <strong>Mus\u00e9e de l&rsquo;Homme et du Palais de la Porte Dor\u00e9e.<\/strong> Chaque ann\u00e9e ont lieu<strong> 10 expositions<\/strong> o\u00f9 vous pourrez en conna\u00eetre un peu plus et profiter de l\u2019art, l\u2019histoire et l\u2019anthropologie des cultures. <\/span><\/p>\n<p><strong><em><span lang=\"fr-FR\">Vous \u00eates pr\u00eats \u00e0 vous impr\u00e9gner de connaissances et de culture\u00a0?<\/span><\/em><\/strong><\/p>\n","protected":false},"excerpt":{"rendered":"<p>Depuis le XX\u00e8me si\u00e8cle, la capitale de France a accueillit un tr\u00e8s grand nombre d\u2019artistes qui se sont sentis inspir\u00e9s par cette ville. Gr\u00e2ce a cela, beaucoup des \u0153uvres les plus importantes d\u2019artistes connus mondialement se trouvent aujourd\u2019hui entres les&hellip; <br \/><a class=\"read-more-button\" href=\"https:\/\/www.gites.net\/blog\/6-musees-incontournables-de-paris\">Savoir plus<\/a><\/p>\n","protected":false},"author":8,"featured_media":9356,"comment_status":"open","ping_status":"open","sticky":false,"template":"","format":"standard","meta":[],"categories":[8],"tags":[],"_links":{"self":[{"href":"https:\/\/www.gites.net\/blog\/wp-json\/wp\/v2\/posts\/9349"}],"collection":[{"href":"https:\/\/www.gites.net\/blog\/wp-json\/wp\/v2\/posts"}],"about":[{"href":"https:\/\/www.gites.net\/blog\/wp-json\/wp\/v2\/types\/post"}],"author":[{"embeddable":true,"href":"https:\/\/www.gites.net\/blog\/wp-json\/wp\/v2\/users\/8"}],"replies":[{"embeddable":true,"href":"https:\/\/www.gites.net\/blog\/wp-json\/wp\/v2\/comments?post=9349"}],"version-history":[{"count":1,"href":"https:\/\/www.gites.net\/blog\/wp-json\/wp\/v2\/posts\/9349\/revisions"}],"predecessor-version":[{"id":9357,"href":"https:\/\/www.gites.net\/blog\/wp-json\/wp\/v2\/posts\/9349\/revisions\/9357"}],"wp:featuredmedia":[{"embeddable":true,"href":"https:\/\/www.gites.net\/blog\/wp-json\/wp\/v2\/media\/9356"}],"wp:attachment":[{"href":"https:\/\/www.gites.net\/blog\/wp-json\/wp\/v2\/media?parent=9349"}],"wp:term":[{"taxonomy":"category","embeddable":true,"href":"https:\/\/www.gites.net\/blog\/wp-json\/wp\/v2\/categories?post=9349"},{"taxonomy":"post_tag","embeddable":true,"href":"https:\/\/www.gites.net\/blog\/wp-json\/wp\/v2\/tags?post=9349"}],"curies":[{"name":"wp","href":"https:\/\/api.w.org\/{rel}","templated":true}]}}