
{"id":9334,"date":"2021-03-23T14:19:39","date_gmt":"2021-03-23T14:19:39","guid":{"rendered":"https:\/\/www.gites.net\/blog\/?p=9334"},"modified":"2021-03-23T14:20:05","modified_gmt":"2021-03-23T14:20:05","slug":"les-incontournables-de-normandie","status":"publish","type":"post","link":"https:\/\/www.gites.net\/blog\/les-incontournables-de-normandie","title":{"rendered":"Les incontournables de Normandie"},"content":{"rendered":"<p><span lang=\"fr-FR\">Situ\u00e9e au <strong>nord-ouest de la France,<\/strong> la Normandie est <strong><a href=\"https:\/\/www.gites.net\/gites\/basse-normandie\">la deuxi\u00e8me r\u00e9gion fran\u00e7aise la plus visit\u00e9e<\/a><\/strong>, <strong><em>impressionnant, non\u00a0?<\/em> <\/strong>Bien que voyant toute la<strong> richesse de ses paysages<\/strong>, son patrimoine et son histoire, c\u2019est tout \u00e0 fait compr\u00e9hensible. <\/span><\/p>\n<p><span lang=\"fr-FR\">Elle re\u00e7oit <strong>pr\u00e8s de 7 millions de touristes<\/strong> chaque ann\u00e9e, la plupart d\u2019entre eux sont fran\u00e7ais, mais une grande partie sont des \u00e9trangers. <strong><em>Mais qu\u2019est-ce qu\u2019ils visitent tous\u00a0?<\/em><\/strong> <\/span><\/p>\n<p><span lang=\"fr-FR\">Quels sont les attractions qui attirent autant de personnes\u00a0? Qu\u2019est-ce qui fait que la Normandie soit tellement c\u00e9l\u00e8bre\u00a0? <\/span><\/p>\n<p><span lang=\"fr-FR\"><strong><em>Voici exactement ce que nous allons d\u00e9couvrir tout de suite\u00a0!<\/em><\/strong><\/span><\/p>\n<h2><strong><span lang=\"fr-FR\">Le d\u00e9barquement de Normandie<\/span><\/strong><\/h2>\n<div id=\"attachment_9337\" style=\"width: 810px\" class=\"wp-caption aligncenter\"><img aria-describedby=\"caption-attachment-9337\" loading=\"lazy\" class=\"size-full wp-image-9337\" src=\"https:\/\/www.gites.net\/blog\/wp-content\/emp\/blogcasas\/2021\/03\/isamiga76-FLICKR.jpg\" alt=\"isamiga76-FLICKR\" width=\"800\" height=\"412\" srcset=\"https:\/\/www.gites.net\/blog\/wp-content\/emp\/blogcasas\/2021\/03\/isamiga76-FLICKR.jpg 800w, https:\/\/www.gites.net\/blog\/wp-content\/emp\/blogcasas\/2021\/03\/isamiga76-FLICKR-300x155.jpg 300w, https:\/\/www.gites.net\/blog\/wp-content\/emp\/blogcasas\/2021\/03\/isamiga76-FLICKR-768x396.jpg 768w\" sizes=\"(max-width: 800px) 100vw, 800px\" \/><p id=\"caption-attachment-9337\" class=\"wp-caption-text\">isamiga76-FLICKR<\/p><\/div>\n<p><span lang=\"fr-FR\">Un des faits historiques les plus importants qui ont marqu\u00e9 cette r\u00e9gion <strong>date du 6 juin 1944<\/strong>, pendant la <strong>Seconde Guerre mondiale.<\/strong> Le <strong>d\u00e9barquement des Alli\u00e9s<\/strong> sur 5 plages normandes, a suppos\u00e9 la lib\u00e9ration de la France de l\u2019occupation allemande, mais aussi pr\u00e8s de 30.000 pertes, dont pr\u00eat de 3 000 rien qu\u2019a <\/span><strong><span lang=\"fr-FR\">Omaha Beach. <\/span><\/strong><\/p>\n<p><span lang=\"fr-FR\">C\u2019est pour cette raison qu\u2019il y existe aujourd\u2019hui un <strong>c\u00e9l\u00e8bre cimeti\u00e8re<\/strong><\/span><span lang=\"fr-FR\"><strong> en m\u00e9moire des Alli\u00e9s<\/strong> qui se sont scarifi\u00e9s. Le cimeti\u00e8re am\u00e9ricain de <strong>Colleville-sur-Mer<\/strong> est un site touristique <strong>visit\u00e9<\/strong> par <strong>pr\u00e8s de 2 millions de personnes<\/strong> par an, qui viennent rendre hommage aux presque 10000 soldats am\u00e9ricains qui se trouvent sous les c\u00e9l\u00e8bres croix blanches en marbre. <\/span><\/p>\n<h2><strong><span lang=\"fr-FR\">Le Mont Saint-Michel<\/span><\/strong><\/h2>\n<div id=\"attachment_9338\" style=\"width: 810px\" class=\"wp-caption aligncenter\"><img aria-describedby=\"caption-attachment-9338\" loading=\"lazy\" class=\"size-full wp-image-9338\" src=\"https:\/\/www.gites.net\/blog\/wp-content\/emp\/blogcasas\/2021\/03\/Dan-Dickinson-FLICKR.jpg\" alt=\"Dan Dickinson-FLICKR\" width=\"800\" height=\"600\" srcset=\"https:\/\/www.gites.net\/blog\/wp-content\/emp\/blogcasas\/2021\/03\/Dan-Dickinson-FLICKR.jpg 800w, https:\/\/www.gites.net\/blog\/wp-content\/emp\/blogcasas\/2021\/03\/Dan-Dickinson-FLICKR-300x225.jpg 300w, https:\/\/www.gites.net\/blog\/wp-content\/emp\/blogcasas\/2021\/03\/Dan-Dickinson-FLICKR-768x576.jpg 768w, https:\/\/www.gites.net\/blog\/wp-content\/emp\/blogcasas\/2021\/03\/Dan-Dickinson-FLICKR-156x117.jpg 156w\" sizes=\"(max-width: 800px) 100vw, 800px\" \/><p id=\"caption-attachment-9338\" class=\"wp-caption-text\">Dan Dickinson-FLICKR<\/p><\/div>\n<p><span lang=\"fr-FR\">Consid\u00e9r\u00e9 <\/span><span lang=\"fr-FR\">comme une <strong><em>\u00ab\u00a0Merveille du monde occidentale\u00a0\u00bb<\/em><\/strong> et le <strong>deuxi\u00e8me monument de France<\/strong> le plus visit\u00e9 apr\u00e8s la Tour Eiffel, le Mont Saint-Michel re\u00e7oit pr\u00e8s de<strong> 3 millions de visiteurs chaque ann\u00e9e.<\/strong> <\/span><\/p>\n<p><span lang=\"fr-FR\">En plus de sa splendeur architecturale et sa statue de l&rsquo;archange<strong> situ\u00e9e \u00e0 156 m\u00e8tres au-dessus du niveau<\/strong> de la mer, il est c\u00e9l\u00e8bre par<strong> ses mar\u00e9es<\/strong>. Celles-ci lui donnent une caract\u00e9ristique tr\u00e8s particuli\u00e8re, car lors des mar\u00e9es basses, vous trouverez un rocher reli\u00e9 au continent et lors des mar\u00e9es d&rsquo;\u00e9quinoxe,<strong> il redevient une \u00eele.<\/strong> <\/span><\/p>\n<p><span lang=\"fr-FR\">Il s\u2019agit aussi d\u2019un important <strong>lieu de <\/strong><\/span><span lang=\"fr-FR\"><strong>p\u00e8lerinage religieux<\/strong> et vous pourrez y conna\u00eetre toute son histoire, secrets et l\u00e9gendes en visitant ses <strong>4 mus\u00e9es. <\/strong><\/span><\/p>\n<h2><strong><span lang=\"fr-FR\">Le littoral normand\u00a0: plages et falaises<\/span><\/strong><\/h2>\n<div id=\"attachment_9339\" style=\"width: 809px\" class=\"wp-caption aligncenter\"><img aria-describedby=\"caption-attachment-9339\" loading=\"lazy\" class=\"size-full wp-image-9339\" src=\"https:\/\/www.gites.net\/blog\/wp-content\/emp\/blogcasas\/2021\/03\/Nicolas-Torquet-FLICKR.jpg\" alt=\"Nicolas Torquet-FLICKR\" width=\"799\" height=\"533\" srcset=\"https:\/\/www.gites.net\/blog\/wp-content\/emp\/blogcasas\/2021\/03\/Nicolas-Torquet-FLICKR.jpg 799w, https:\/\/www.gites.net\/blog\/wp-content\/emp\/blogcasas\/2021\/03\/Nicolas-Torquet-FLICKR-300x200.jpg 300w, https:\/\/www.gites.net\/blog\/wp-content\/emp\/blogcasas\/2021\/03\/Nicolas-Torquet-FLICKR-768x512.jpg 768w, https:\/\/www.gites.net\/blog\/wp-content\/emp\/blogcasas\/2021\/03\/Nicolas-Torquet-FLICKR-320x213.jpg 320w\" sizes=\"(max-width: 799px) 100vw, 799px\" \/><p id=\"caption-attachment-9339\" class=\"wp-caption-text\">Nicolas Torquet-FLICKR<\/p><\/div>\n<p><span lang=\"fr-FR\">La France abrite un <strong>tr\u00e8s grand nombre de plages<\/strong> magnifiques et la c\u00f4te normande poss\u00e8de sans doute beaucoup de <strong>petits bijoux<\/strong> qu\u2019il faut ajouter dans la liste. <\/span><\/p>\n<p><span lang=\"fr-FR\">Mais certaines de ses plages ont<strong> une particularit\u00e9 suppl\u00e9mentaire<\/strong> qui fait qu\u2019elles soient encore plus impressionnantes,<strong> les falaises<\/strong>. La<strong> valleuse d\u2019Antifer,<\/strong> les falaises de l<strong>a c\u00f4te d&rsquo;<\/strong><\/span><span lang=\"fr-FR\"><strong>Alb\u00e2tre<\/strong> ou les c\u00e9l\u00e8bres <\/span><span lang=\"fr-FR\"><strong>falaises d\u2019\u00c9tretat s<\/strong>ont des sites \u00e0 ne pas rater si vous voulez profiter d\u2019un paysage naturel \u00e9poustouflant et des imprenables vues que vous aurez depuis le sommet. <\/span><\/p>\n<p><span lang=\"fr-FR\">Ces derni\u00e8res, celles d\u2019\u00c9tretat, \u00e9tant d\u2019une <strong>telle beaut\u00e9 que des peintres<\/strong> comme Claude <strong>Monet<\/strong> ou Gustave Courbet n\u2019ont pas pu \u00e9viter des les transformer en des<strong> peintures c\u00e9l\u00e8bres<\/strong> dans le monde entier.<\/span><\/p>\n<h2><strong> <span lang=\"fr-FR\">La cuisine normande<\/span><\/strong><\/h2>\n<div id=\"attachment_9340\" style=\"width: 810px\" class=\"wp-caption aligncenter\"><img aria-describedby=\"caption-attachment-9340\" loading=\"lazy\" class=\"size-full wp-image-9340\" src=\"https:\/\/www.gites.net\/blog\/wp-content\/emp\/blogcasas\/2021\/03\/Rebecca-Siegel-FLICKR.jpg\" alt=\"Rebecca Siegel-FLICKR\" width=\"800\" height=\"600\" srcset=\"https:\/\/www.gites.net\/blog\/wp-content\/emp\/blogcasas\/2021\/03\/Rebecca-Siegel-FLICKR.jpg 800w, https:\/\/www.gites.net\/blog\/wp-content\/emp\/blogcasas\/2021\/03\/Rebecca-Siegel-FLICKR-300x225.jpg 300w, https:\/\/www.gites.net\/blog\/wp-content\/emp\/blogcasas\/2021\/03\/Rebecca-Siegel-FLICKR-768x576.jpg 768w, https:\/\/www.gites.net\/blog\/wp-content\/emp\/blogcasas\/2021\/03\/Rebecca-Siegel-FLICKR-156x117.jpg 156w\" sizes=\"(max-width: 800px) 100vw, 800px\" \/><p id=\"caption-attachment-9340\" class=\"wp-caption-text\">Rebecca Siegel-FLICKR<\/p><\/div>\n<p lang=\"fr-FR\"><span lang=\"fr-FR\">Il ne faut bien s\u00fbr pas oublier d<strong>\u2019un des plus grands attraits<\/strong> de notre r\u00e9gion\u00a0: la<strong> cuisine normande,<\/strong> douce, g\u00e9n\u00e9reuse et absolument d\u00e9licieuse. <\/span><\/p>\n<p lang=\"fr-FR\"><span lang=\"fr-FR\">Elle se b\u00e9n\u00e9ficie par sa <strong>position g\u00e9ographique<\/strong> et les produits que cela lui fournit, produits agricoles, de la mer, du terroir et produits laitiers. Gr\u00e2ce \u00e0 eux, <strong>les plats que vous pourrez y d\u00e9guster<\/strong> sont de tr\u00e8s haute qualit\u00e9, tout en restant des plats r\u00e9confortants d\u2019avant, de ceux qui se profitent en famille. <\/span><\/p>\n<p lang=\"fr-FR\"><span lang=\"fr-FR\">Les <strong>plus incontournables<\/strong> \u00e9tant sans doute, le <strong>camembert<\/strong>, les <strong>moules<\/strong>, les escalopes, la <strong>teurgoule<\/strong> et la c\u00e9l\u00e8bre <strong>omelette de la m\u00e8re Poulard<\/strong>. <\/span><\/p>\n<p lang=\"fr-FR\"><span lang=\"fr-FR\">Mais si vous \u00eates plut\u00f4t accros aux sucreries, alors la<strong> confiture de lait<\/strong> ou le cidre sont les produits que vous <strong>devez gouter absolument. <\/strong><\/span><\/p>\n","protected":false},"excerpt":{"rendered":"<p>Situ\u00e9e au nord-ouest de la France, la Normandie est la deuxi\u00e8me r\u00e9gion fran\u00e7aise la plus visit\u00e9e, impressionnant, non\u00a0? Bien que voyant toute la richesse de ses paysages, son patrimoine et son histoire, c\u2019est tout \u00e0 fait compr\u00e9hensible. Elle re\u00e7oit pr\u00e8s&hellip; <br \/><a class=\"read-more-button\" href=\"https:\/\/www.gites.net\/blog\/les-incontournables-de-normandie\">Savoir plus<\/a><\/p>\n","protected":false},"author":8,"featured_media":9336,"comment_status":"open","ping_status":"open","sticky":false,"template":"","format":"standard","meta":[],"categories":[100],"tags":[110],"_links":{"self":[{"href":"https:\/\/www.gites.net\/blog\/wp-json\/wp\/v2\/posts\/9334"}],"collection":[{"href":"https:\/\/www.gites.net\/blog\/wp-json\/wp\/v2\/posts"}],"about":[{"href":"https:\/\/www.gites.net\/blog\/wp-json\/wp\/v2\/types\/post"}],"author":[{"embeddable":true,"href":"https:\/\/www.gites.net\/blog\/wp-json\/wp\/v2\/users\/8"}],"replies":[{"embeddable":true,"href":"https:\/\/www.gites.net\/blog\/wp-json\/wp\/v2\/comments?post=9334"}],"version-history":[{"count":2,"href":"https:\/\/www.gites.net\/blog\/wp-json\/wp\/v2\/posts\/9334\/revisions"}],"predecessor-version":[{"id":9341,"href":"https:\/\/www.gites.net\/blog\/wp-json\/wp\/v2\/posts\/9334\/revisions\/9341"}],"wp:featuredmedia":[{"embeddable":true,"href":"https:\/\/www.gites.net\/blog\/wp-json\/wp\/v2\/media\/9336"}],"wp:attachment":[{"href":"https:\/\/www.gites.net\/blog\/wp-json\/wp\/v2\/media?parent=9334"}],"wp:term":[{"taxonomy":"category","embeddable":true,"href":"https:\/\/www.gites.net\/blog\/wp-json\/wp\/v2\/categories?post=9334"},{"taxonomy":"post_tag","embeddable":true,"href":"https:\/\/www.gites.net\/blog\/wp-json\/wp\/v2\/tags?post=9334"}],"curies":[{"name":"wp","href":"https:\/\/api.w.org\/{rel}","templated":true}]}}