
{"id":9312,"date":"2021-03-11T15:06:20","date_gmt":"2021-03-11T15:06:20","guid":{"rendered":"https:\/\/www.gites.net\/blog\/?p=9312"},"modified":"2021-03-11T15:06:28","modified_gmt":"2021-03-11T15:06:28","slug":"provence-alpes-cote-dazur-3-destinations-en-1","status":"publish","type":"post","link":"https:\/\/www.gites.net\/blog\/provence-alpes-cote-dazur-3-destinations-en-1","title":{"rendered":"Provence-Alpes-C\u00f4te-d\u2019Azur, 3 destinations en 1"},"content":{"rendered":"<p><span lang=\"fr-FR\">Alpes-de-Haute-Provence, Hautes-Alpes, Alpes-Maritimes, Bouches-du-Rh\u00f4ne, Var ou Vaucluse, vous avez choisi de passer vos jours de cong\u00e9s <strong><a href=\"https:\/\/www.gites.net\/gites\/provence-alpes-cote-dazur\">en Provence-Alpes-C\u00f4te d&rsquo;Azur<\/a><\/strong>. Nous vous <strong>souhaitons donc la bienvenue \u00e0 cette r\u00e9gion<\/strong> du sud-est de la France, une des <strong>destinations de vacances les plus populaires<\/strong> et l\u2019une des plus choisies par les voyageurs. <\/span><\/p>\n<p><span lang=\"fr-FR\">Cela est peut-\u00eatre \u00e0 cause de <strong>son climat<\/strong> ou par le fait qu\u2019elle offre<strong> 3 destinations de vacances en 1<\/strong>, gr\u00e2ce \u00e0 la <strong>diversit\u00e9 de ses paysages<\/strong> et \u00e0 la vari\u00e9t\u00e9, qui attire tous les types de voyageurs. <\/span><\/p>\n<p><span lang=\"fr-FR\">D\u00e9couvrons ensemble les <strong>diff\u00e9rentes possibilit\u00e9s qu\u2019elle a \u00e0 nous offrir. <\/strong><\/span><\/p>\n<h2><strong><span lang=\"fr-FR\">Provence, terre de charmes<\/span><\/strong><\/h2>\n<div id=\"attachment_9316\" style=\"width: 810px\" class=\"wp-caption aligncenter\"><img aria-describedby=\"caption-attachment-9316\" loading=\"lazy\" class=\"size-full wp-image-9316\" src=\"https:\/\/www.gites.net\/blog\/wp-content\/emp\/blogcasas\/2021\/03\/x1klima-FLICKR.jpg\" alt=\"x1klima-FLICKR\" width=\"800\" height=\"534\" srcset=\"https:\/\/www.gites.net\/blog\/wp-content\/emp\/blogcasas\/2021\/03\/x1klima-FLICKR.jpg 800w, https:\/\/www.gites.net\/blog\/wp-content\/emp\/blogcasas\/2021\/03\/x1klima-FLICKR-300x200.jpg 300w, https:\/\/www.gites.net\/blog\/wp-content\/emp\/blogcasas\/2021\/03\/x1klima-FLICKR-768x513.jpg 768w, https:\/\/www.gites.net\/blog\/wp-content\/emp\/blogcasas\/2021\/03\/x1klima-FLICKR-320x213.jpg 320w\" sizes=\"(max-width: 800px) 100vw, 800px\" \/><p id=\"caption-attachment-9316\" class=\"wp-caption-text\">x1klima-FLICKR<\/p><\/div>\n<p><span lang=\"fr-FR\">Quand nous <strong>pensons \u00e0 la Provence<\/strong>, des mots tels que\u00a0ressourcement, <strong>nature, plaisir, village, beaut\u00e9, soleil<\/strong>\u2026\u00a0 nous viennent automatiquement \u00e0 l\u2019esprit. En r\u00e9sum\u00e9e,<strong> tous les ingr\u00e9dients n\u00e9cessaires<\/strong> pour passer des vacances id\u00e9ales. <\/span><\/p>\n<p><span lang=\"fr-FR\">En effet, la Provence est<strong> une partie de la r\u00e9gion tr\u00e8s caract\u00e9ris\u00e9e<\/strong> par la <strong>beaut\u00e9 de ses paysages<\/strong> naturels et ses villages de charme. Ce n\u2019est pas pour rien qu\u2019elle est consid\u00e9r\u00e9e comme la <strong><em>\u00ab\u00a0terre des artistes\u00a0\u00bb<\/em><\/strong>, car ses magnifiques <strong>paysages ont inspir\u00e9s<\/strong> une infinit\u00e9 des plus belles peintures de <strong>Paul C\u00e9zanne ou Vincent van Gogh<\/strong>, parmi tant d\u2019autres peintres. <\/span><\/p>\n<p><span lang=\"fr-FR\">Certaines peintures <strong>repr\u00e9sentent les c\u00e9l\u00e8bres villages perch\u00e9s<\/strong> ou villages de charmes de la r\u00e9gion, comme le <strong>Luberon ou Les Baux-de-Provence<\/strong>. <\/span><\/p>\n<p><span lang=\"fr-FR\">Une autre raison pour adorer la Provence sont ses paysages naturels, principalement <strong>les vastes champs de lavandes<\/strong> en Haute-Provence, les<strong> Gorges du Verdon<\/strong> et les magnifiques calanques o\u00f9 pouvoir profiter d\u2019une agr\u00e9able baignade et de<strong> diverses activit\u00e9s nautiques. <\/strong><\/span><\/p>\n<h2><strong><span lang=\"fr-FR\">Alpes, pour les amateurs de montagne<\/span><\/strong><\/h2>\n<div id=\"attachment_9315\" style=\"width: 810px\" class=\"wp-caption aligncenter\"><img aria-describedby=\"caption-attachment-9315\" loading=\"lazy\" class=\"size-full wp-image-9315\" src=\"https:\/\/www.gites.net\/blog\/wp-content\/emp\/blogcasas\/2021\/03\/Willtron-FLICKR.jpg\" alt=\"Willtron-FLICKR\" width=\"800\" height=\"600\" srcset=\"https:\/\/www.gites.net\/blog\/wp-content\/emp\/blogcasas\/2021\/03\/Willtron-FLICKR.jpg 800w, https:\/\/www.gites.net\/blog\/wp-content\/emp\/blogcasas\/2021\/03\/Willtron-FLICKR-300x225.jpg 300w, https:\/\/www.gites.net\/blog\/wp-content\/emp\/blogcasas\/2021\/03\/Willtron-FLICKR-768x576.jpg 768w, https:\/\/www.gites.net\/blog\/wp-content\/emp\/blogcasas\/2021\/03\/Willtron-FLICKR-156x117.jpg 156w\" sizes=\"(max-width: 800px) 100vw, 800px\" \/><p id=\"caption-attachment-9315\" class=\"wp-caption-text\">Willtron-FLICKR<\/p><\/div>\n<p><span lang=\"fr-FR\">En plus des magnifiques paysages que nous venons de mentionner, il est important de souligner<strong> la diversit\u00e9 de ses paysages<\/strong> naturels et des <strong>diff\u00e9rentes possibilit\u00e9s<\/strong> qu\u2019ils nous offrent. <\/span><\/p>\n<p><span lang=\"fr-FR\">M\u00eame s\u2019il est tr\u00e8s ressour\u00e7ant<\/span> <span lang=\"fr-FR\">de les contempler, ils existent <strong>d\u2019autres mani\u00e8res de profiter de la nature<\/strong>. Dans ce cas, nous nous r\u00e9f\u00e9rons \u00e0 des <strong>paysages naturels un peu diff\u00e9rents<\/strong> des pr\u00e9c\u00e9dents et destin\u00e9s \u00e0 un autre type de touriste, les amateurs de <strong>montagne<\/strong>. <\/span><\/p>\n<p><span lang=\"fr-FR\"><strong>La r\u00e9gion des Alpes<\/strong> est un vrai paradis pour les randonneurs car elle abrite une infinit\u00e9 de sentiers de randonn\u00e9es qui se trouvent r\u00e9partis dans<strong> ses 9\u00a0Parcs naturels r\u00e9gionaux<\/strong>. Sinon, une autre fa\u00e7on de profiter d\u2019une randonn\u00e9e un peu diff\u00e9rente est de le <strong>faire \u00e0 cheval dans le Parc naturel r\u00e9gional de Camargue.<\/strong> <\/span><\/p>\n<p><span lang=\"fr-FR\">Mais, les randonn\u00e9es ne sont pas les seules activit\u00e9s de plein air \u00e0 faire dans les montagnes des Alpes, vous pouvez aussi profiter des <strong>pr\u00e9f\u00e9r\u00e9es des plus aventuriers<\/strong>, les <strong>sports d\u2019hiver.<\/strong> Notre r\u00e9gion compte avec plus de <strong>60 domaines skiables,<\/strong> dont pr\u00e8s de<strong> 2.500 km de pistes<\/strong> o\u00f9 il est possible de pratiquer toutes les formes de ski imaginables.<\/span><\/p>\n<h2><strong><span lang=\"fr-FR\">C\u00f4te d\u2019Azur, tourisme de luxe<\/span><\/strong><\/h2>\n<div id=\"attachment_9314\" style=\"width: 809px\" class=\"wp-caption aligncenter\"><img aria-describedby=\"caption-attachment-9314\" loading=\"lazy\" class=\"size-full wp-image-9314\" src=\"https:\/\/www.gites.net\/blog\/wp-content\/emp\/blogcasas\/2021\/03\/Alessandro-Prada-FLICKR.jpg\" alt=\"Alessandro Prada-FLICKR\" width=\"799\" height=\"533\" srcset=\"https:\/\/www.gites.net\/blog\/wp-content\/emp\/blogcasas\/2021\/03\/Alessandro-Prada-FLICKR.jpg 799w, https:\/\/www.gites.net\/blog\/wp-content\/emp\/blogcasas\/2021\/03\/Alessandro-Prada-FLICKR-300x200.jpg 300w, https:\/\/www.gites.net\/blog\/wp-content\/emp\/blogcasas\/2021\/03\/Alessandro-Prada-FLICKR-768x512.jpg 768w, https:\/\/www.gites.net\/blog\/wp-content\/emp\/blogcasas\/2021\/03\/Alessandro-Prada-FLICKR-320x213.jpg 320w\" sizes=\"(max-width: 799px) 100vw, 799px\" \/><p id=\"caption-attachment-9314\" class=\"wp-caption-text\">Alessandro Prada-FLICKR<\/p><\/div>\n<p><span lang=\"fr-FR\"><strong>La C\u00f4te d\u2019Azur,<\/strong> aussi connue comme<strong><em> la Riviera fran\u00e7aise,<\/em><\/strong> avec <strong>1000 km de littoral,<\/strong> comprend certaines de <strong>plages<\/strong> consid\u00e9r\u00e9es les plus belles de France, et nous oserions m\u00eame dire du monde. <\/span><\/p>\n<p><span lang=\"fr-FR\">C\u2019est le cas, par exemple de<strong> la Plage de Pampelonne<\/strong> ou de la<strong> Plage de la C\u00f4te des Basques.<\/strong> Il s\u2019agit bel et bien d\u2019une des c\u00f4tes les plus c\u00e9l\u00e8bres dans le monde gr\u00e2ce \u00e0 ses magnifiques <strong>paysages de plages kilom\u00e9triques<\/strong>, de sable blanc et <strong>d\u2019eaux cristallines<\/strong>. <\/span><\/p>\n<p><span lang=\"fr-FR\">Mais la C\u00f4te d\u2019Azur n\u2019est pas seulement connue pour ses belles plages, c\u2019est<strong> aussi une r\u00e9gion tr\u00e8s associ\u00e9e au tourisme de luxe<\/strong> et aux c\u00e9l\u00e9brit\u00e9s, surtout en ce qui concerne<strong> le monde du cin\u00e9ma<\/strong>. Ce n\u2019est pas un secret que les <strong>c\u00e9l\u00e9brit\u00e9s choisissent le sud de la France<\/strong> pour passer leurs vacances, <strong>Saint-Tropez<\/strong> et la Plage de l\u2019Escalet, <strong>Nice<\/strong> et la Promenade des Anglais ou <strong>Cannes<\/strong> et La Croisette sont quelques-unes des localit\u00e9s les plus choisies. Bien que<strong>, Cannes est principalement connue pour son festival<\/strong> de cin\u00e9ma, il s\u2019agit d\u2019ailleurs du festival avec la c\u00e9r\u00e9monie d\u2019ouverture les plus m\u00e9diatis\u00e9s du monde. <\/span><\/p>\n<p><span lang=\"fr-FR\">En conclusion, peu importe le but de votre voyage, la r\u00e9gion de<strong> Provence-Alpes-C\u00f4te-d\u2019Azur<\/strong> a toutes les chances de<strong><em> vous faire passer des vacances inoubliables\u00a0! <\/em><\/strong><\/span><\/p>\n","protected":false},"excerpt":{"rendered":"<p>Alpes-de-Haute-Provence, Hautes-Alpes, Alpes-Maritimes, Bouches-du-Rh\u00f4ne, Var ou Vaucluse, vous avez choisi de passer vos jours de cong\u00e9s en Provence-Alpes-C\u00f4te d&rsquo;Azur. Nous vous souhaitons donc la bienvenue \u00e0 cette r\u00e9gion du sud-est de la France, une des destinations de vacances les plus&hellip; <br \/><a class=\"read-more-button\" href=\"https:\/\/www.gites.net\/blog\/provence-alpes-cote-dazur-3-destinations-en-1\">Savoir plus<\/a><\/p>\n","protected":false},"author":8,"featured_media":9317,"comment_status":"open","ping_status":"open","sticky":false,"template":"","format":"standard","meta":[],"categories":[100],"tags":[108],"_links":{"self":[{"href":"https:\/\/www.gites.net\/blog\/wp-json\/wp\/v2\/posts\/9312"}],"collection":[{"href":"https:\/\/www.gites.net\/blog\/wp-json\/wp\/v2\/posts"}],"about":[{"href":"https:\/\/www.gites.net\/blog\/wp-json\/wp\/v2\/types\/post"}],"author":[{"embeddable":true,"href":"https:\/\/www.gites.net\/blog\/wp-json\/wp\/v2\/users\/8"}],"replies":[{"embeddable":true,"href":"https:\/\/www.gites.net\/blog\/wp-json\/wp\/v2\/comments?post=9312"}],"version-history":[{"count":2,"href":"https:\/\/www.gites.net\/blog\/wp-json\/wp\/v2\/posts\/9312\/revisions"}],"predecessor-version":[{"id":9318,"href":"https:\/\/www.gites.net\/blog\/wp-json\/wp\/v2\/posts\/9312\/revisions\/9318"}],"wp:featuredmedia":[{"embeddable":true,"href":"https:\/\/www.gites.net\/blog\/wp-json\/wp\/v2\/media\/9317"}],"wp:attachment":[{"href":"https:\/\/www.gites.net\/blog\/wp-json\/wp\/v2\/media?parent=9312"}],"wp:term":[{"taxonomy":"category","embeddable":true,"href":"https:\/\/www.gites.net\/blog\/wp-json\/wp\/v2\/categories?post=9312"},{"taxonomy":"post_tag","embeddable":true,"href":"https:\/\/www.gites.net\/blog\/wp-json\/wp\/v2\/tags?post=9312"}],"curies":[{"name":"wp","href":"https:\/\/api.w.org\/{rel}","templated":true}]}}