
{"id":9291,"date":"2021-12-09T16:23:29","date_gmt":"2021-12-09T16:23:29","guid":{"rendered":"https:\/\/www.gites.net\/blog\/?p=9291"},"modified":"2021-12-09T16:23:29","modified_gmt":"2021-12-09T16:23:29","slug":"votre-sejour-dans-le-grand-est","status":"publish","type":"post","link":"https:\/\/www.gites.net\/blog\/votre-sejour-dans-le-grand-est","title":{"rendered":"Votre s\u00e9jour dans le Grand Est"},"content":{"rendered":"<p><span lang=\"fr-FR\">Bienvenue \u00e0<strong> vos vacances dans le Grand Est<\/strong>, une r\u00e9gion qui nait de la <strong><a href=\"https:\/\/www.gites.net\/gites\/alsace\">fusion de l\u2019Alsace<\/a><\/strong>, la Lorraine et la Champagne-Ardenne, frontali\u00e8re avec la Belgique, le Luxembourg, l\u2019Allemagne et la Suisse. <\/span><\/p>\n<p><span lang=\"fr-FR\"><strong>Toutes ces influences<\/strong> font d\u2019elle une r\u00e9gion avec une<strong> grande richesse culturelle<\/strong> et qui est donc id\u00e9ale pour un s\u00e9jour plein de charme et de surprises. <\/span><\/p>\n<p><em><strong><span lang=\"fr-FR\">Vous \u00eates pr\u00eats ?<\/span><\/strong><\/em><\/p>\n<h2><strong><span lang=\"fr-FR\">Sp\u00e9cialit\u00e9s de la r\u00e9gion<\/span><\/strong><\/h2>\n<div id=\"attachment_9299\" style=\"width: 809px\" class=\"wp-caption aligncenter\"><img aria-describedby=\"caption-attachment-9299\" loading=\"lazy\" class=\"size-full wp-image-9299\" src=\"https:\/\/www.gites.net\/blog\/wp-content\/emp\/blogcasas\/2021\/03\/lulu-cooks-FLICKR.jpg\" alt=\"lulu cooks-FLICKR\" width=\"799\" height=\"533\" srcset=\"https:\/\/www.gites.net\/blog\/wp-content\/emp\/blogcasas\/2021\/03\/lulu-cooks-FLICKR.jpg 799w, https:\/\/www.gites.net\/blog\/wp-content\/emp\/blogcasas\/2021\/03\/lulu-cooks-FLICKR-300x200.jpg 300w, https:\/\/www.gites.net\/blog\/wp-content\/emp\/blogcasas\/2021\/03\/lulu-cooks-FLICKR-768x512.jpg 768w, https:\/\/www.gites.net\/blog\/wp-content\/emp\/blogcasas\/2021\/03\/lulu-cooks-FLICKR-320x213.jpg 320w\" sizes=\"(max-width: 799px) 100vw, 799px\" \/><p id=\"caption-attachment-9299\" class=\"wp-caption-text\">lulu cooks-FLICKR<\/p><\/div>\n<p><span lang=\"fr-FR\">Nous allons cette fois-ci commencer par<strong> gouter les sp\u00e9cialit\u00e9s<\/strong> de la r\u00e9gion pour avoir toute l\u2019\u00e9nergie dont vous aurez besoin pour visiter chaque recoin. <\/span><\/p>\n<p><span lang=\"fr-FR\">Nous vous proposons de r\u00e9aliser tout d\u2019abord la<strong> route des vins d\u2019Alsace,<\/strong> une route de <strong>170 km<\/strong> qui vous permettra de <strong>conna\u00eetre<\/strong> une grande partie de la r\u00e9gion et une de ses sp\u00e9cialit\u00e9s plus c\u00e9l\u00e8bres : <strong>les Grand Crus<\/strong>. Bien s\u00fbr, il faut aussi<strong> souligner la boisson par excellence<\/strong>, celle qui porte le nom d\u2019une autre partie de la r\u00e9gion: <strong>le Champagne. <\/strong><\/span><\/p>\n<p><span lang=\"fr-FR\">Pour accompagner le tout, commandons les <strong>plats principaux,<\/strong> ici au menu du jour nous trouverons la <strong>flammekueche<\/strong>, le<strong> boudin noir<\/strong> de Nancy, le baeckeoffe, la bouneschlupp ou la choucroute. Des assiettes dont les produits locaux sont les protagonistes et que vous n\u2019oublierez pas. Si vous pr\u00e9f\u00e9rez<strong> les plats sucr\u00e9s<\/strong>, ne manquez pas de gouter les<strong> fruits de la r\u00e9gion<\/strong> et les d\u00e9licieuses <strong>tartes<\/strong> qui en sont pr\u00e9par\u00e9es.<\/span><\/p>\n<h2><strong><span lang=\"fr-FR\">Les plus belles villes du Grand Est<\/span><\/strong><\/h2>\n<div id=\"attachment_9300\" style=\"width: 810px\" class=\"wp-caption aligncenter\"><img aria-describedby=\"caption-attachment-9300\" loading=\"lazy\" class=\"size-full wp-image-9300\" src=\"https:\/\/www.gites.net\/blog\/wp-content\/emp\/blogcasas\/2021\/03\/rykerstribe-FLICKR.jpg\" alt=\"rykerstribe-FLICKR\" width=\"800\" height=\"450\" srcset=\"https:\/\/www.gites.net\/blog\/wp-content\/emp\/blogcasas\/2021\/03\/rykerstribe-FLICKR.jpg 800w, https:\/\/www.gites.net\/blog\/wp-content\/emp\/blogcasas\/2021\/03\/rykerstribe-FLICKR-300x169.jpg 300w, https:\/\/www.gites.net\/blog\/wp-content\/emp\/blogcasas\/2021\/03\/rykerstribe-FLICKR-768x432.jpg 768w\" sizes=\"(max-width: 800px) 100vw, 800px\" \/><p id=\"caption-attachment-9300\" class=\"wp-caption-text\">rykerstribe-FLICKR<\/p><\/div>\n<p><span lang=\"fr-FR\">Notre<strong> r\u00e9gion du Nord-Est de la France<\/strong> est compos\u00e9 de plus de<strong> 5.000 villes et villages<\/strong> et il serait impossible de toutes les visiter en un seul voyage, c\u2019est pour \u00e7a que<strong> nous avons choisi les plus belles<\/strong> et incontournables, celles que vous devez absolument visiter. <\/span><\/p>\n<p><span lang=\"fr-FR\">Tout d\u2019abord Strasbourg, la<strong> capitale et ville la plus peupl\u00e9e<\/strong> dont la<strong> Vieille ville,<\/strong> aussi connue comme<strong><em> \u00ab Grande-\u00cele \u00bb<\/em><\/strong> est d\u00e9clar\u00e9<strong> patrimoine mondial par l\u2019Unesco<\/strong> depuis 1988. La <strong>ville de Reims<\/strong> et ses incroyables monuments : la<strong> Cath\u00e9drale Notre-Dame<\/strong> de Reims, le Palais du Tau, la<strong> Basilique Saint-R\u00e9mi<\/strong> et son mus\u00e9e. <\/span><\/p>\n<p><span lang=\"fr-FR\">Et des <strong>villages un peu moins peupl\u00e9e<\/strong>, tout aussi magnifiques et qui sont tous deux c\u00e9l\u00e8bres pour <strong>avoir inspir\u00e9<\/strong> le village du film d\u2019animation <strong><em>\u00ab La Belle et la B\u00eate \u00bb<\/em><\/strong>. <strong>Riquewihr<\/strong>, faisant partie de l&rsquo;association \u00ab Les Plus Beaux Villages de France \u00bb qui vous charmera avec ses<strong> pittoresques maisons color\u00e9es<\/strong> et <strong>Colmar<\/strong> avec sa \u00ab Petite Venise \u00bb.<\/span><\/p>\n<h2><strong><span lang=\"fr-FR\">La r\u00e9gion de No\u00ebl<\/span><\/strong><\/h2>\n<div id=\"attachment_9301\" style=\"width: 810px\" class=\"wp-caption aligncenter\"><img aria-describedby=\"caption-attachment-9301\" loading=\"lazy\" class=\"size-full wp-image-9301\" src=\"https:\/\/www.gites.net\/blog\/wp-content\/emp\/blogcasas\/2021\/03\/Julien-Chatelain-FLICKR-1.jpg\" alt=\"Julien Chatelain-FLICKR\" width=\"800\" height=\"533\" srcset=\"https:\/\/www.gites.net\/blog\/wp-content\/emp\/blogcasas\/2021\/03\/Julien-Chatelain-FLICKR-1.jpg 800w, https:\/\/www.gites.net\/blog\/wp-content\/emp\/blogcasas\/2021\/03\/Julien-Chatelain-FLICKR-1-300x200.jpg 300w, https:\/\/www.gites.net\/blog\/wp-content\/emp\/blogcasas\/2021\/03\/Julien-Chatelain-FLICKR-1-768x512.jpg 768w, https:\/\/www.gites.net\/blog\/wp-content\/emp\/blogcasas\/2021\/03\/Julien-Chatelain-FLICKR-1-320x213.jpg 320w\" sizes=\"(max-width: 800px) 100vw, 800px\" \/><p id=\"caption-attachment-9301\" class=\"wp-caption-text\">Julien Chatelain-FLICKR<\/p><\/div>\n<p><span lang=\"fr-FR\"><em>Et, oui<\/em> ! Vous avez choisi la destination<strong> parfaite pour vos vacances de No\u00ebl,<\/strong> vous croirez avoir atterris en plein dans <strong><em>\u00ab Home Alone \u00bb<\/em><\/strong>. Quel que soit le d\u00e9partement o\u00f9 vous s\u00e9journez, vous aurez s\u00fbrement \u00e0 proximit\u00e9 un march\u00e9, car c\u2019est ici que r\u00e9side <strong>la vraie magie de No\u00ebl. <\/strong><\/span><\/p>\n<p><span lang=\"fr-FR\">Les plus <strong>beaux villages du Grand Est<\/strong> se remplissent de<strong> lumi\u00e8res multicolores<\/strong>, de d\u00e9corations, de stands d\u2019artisanat et d\u2019animations qui vous envelopperont dans une ambiance de r\u00eave. Et pour les<strong> amoureux des traditions,<\/strong> ici la<strong> Saint Nicolas se f\u00eate<\/strong> dans toute sa splendeur <strong>pendant la nuit du 5 d\u00e9cembre<\/strong> et la<strong> journ\u00e9e du 6 d\u00e9cembre. <\/strong><\/span><\/p>\n<p><span lang=\"fr-FR\">Pendant ce jour de f\u00eate, un d\u00e9fil\u00e9 <strong>met en sc\u00e8ne la l\u00e9gende,<\/strong> qui raconte que <strong>Saint Nicolas sauvent trois enfants<\/strong> du p\u00e8re Fouettard. Ce personnage attachant distribue des friandises aux enfants sages tandis que le m\u00e9chant boucher distribue de<strong>s coups de fouets<\/strong>, ou du<strong> charbon et des oignons aux enfants<\/strong> pas sages. <\/span><\/p>\n<h2><strong><span lang=\"fr-FR\">S\u00e9jour de d\u00e9tente et ressourcement<\/span><\/strong><\/h2>\n<div id=\"attachment_9302\" style=\"width: 810px\" class=\"wp-caption aligncenter\"><img aria-describedby=\"caption-attachment-9302\" loading=\"lazy\" class=\"size-full wp-image-9302\" src=\"https:\/\/www.gites.net\/blog\/wp-content\/emp\/blogcasas\/2021\/03\/Copeau-FLICKR.jpg\" alt=\"Copeau-FLICKR\" width=\"800\" height=\"533\" srcset=\"https:\/\/www.gites.net\/blog\/wp-content\/emp\/blogcasas\/2021\/03\/Copeau-FLICKR.jpg 800w, https:\/\/www.gites.net\/blog\/wp-content\/emp\/blogcasas\/2021\/03\/Copeau-FLICKR-300x200.jpg 300w, https:\/\/www.gites.net\/blog\/wp-content\/emp\/blogcasas\/2021\/03\/Copeau-FLICKR-768x512.jpg 768w, https:\/\/www.gites.net\/blog\/wp-content\/emp\/blogcasas\/2021\/03\/Copeau-FLICKR-320x213.jpg 320w\" sizes=\"(max-width: 800px) 100vw, 800px\" \/><p id=\"caption-attachment-9302\" class=\"wp-caption-text\">Copeau-FLICKR<\/p><\/div>\n<p><span lang=\"fr-FR\">M\u00eame si le Grand-Est nous offre <strong>une infinit\u00e9 de possibilit\u00e9s de visites \u00e0 faires,<\/strong> vous avez peut-\u00eatre juste envie de <strong>passer vos jours de cong\u00e9s \u00e0 vous d\u00e9tendre,<\/strong> et bien cette r\u00e9gion est \u00e9galement parfaite pour \u00e7a. Elle nous offre aussi une grande diversit\u00e9 de <strong>paysages naturels<\/strong>, dont <strong>7 parcs naturels r\u00e9gionaux<\/strong> o\u00f9 la faune et la flore sont prot\u00e9g\u00e9es et o\u00f9 vous pourrez profiter d\u2019un s\u00e9jour de ressourcement ou d\u2019une<strong> journ\u00e9e de randonn\u00e9e<\/strong> pour vous connecter \u00e0 la paix de la nature. <\/span><\/p>\n<p><span lang=\"fr-FR\">Bien que nous savons que tout le monde n\u2019aime pas les randonn\u00e9es, la r\u00e9gion vous donne<strong> une autre option<\/strong> qui, nous sommes s\u00fbr, plaira \u00e0 tous.<strong> Le thermalisme<\/strong> est une des <strong>raisons principales du tourisme<\/strong> dans le Grand-Est, qui compte avec ni plus ni moins que <strong>8 stations thermales<\/strong> qui accueillent chaque ann\u00e9e <strong>plus de 40.000 curistes. <\/strong><\/span><\/p>\n<p><span lang=\"fr-FR\">Une journ\u00e9e \u00e0 prendre soin de vous en <strong>profitant d\u2019un massage ou d\u2019une s\u00e9ance de spa,<\/strong> c\u2019est aussi une mani\u00e8re parfaite de mettre fin \u00e0 notre <strong>voyage \u00e0 travers le Grand-Est, non ?<\/strong><\/span><\/p>\n","protected":false},"excerpt":{"rendered":"<p>Bienvenue \u00e0 vos vacances dans le Grand Est, une r\u00e9gion qui nait de la fusion de l\u2019Alsace, la Lorraine et la Champagne-Ardenne, frontali\u00e8re avec la Belgique, le Luxembourg, l\u2019Allemagne et la Suisse. Toutes ces influences font d\u2019elle une r\u00e9gion avec&hellip; <br \/><a class=\"read-more-button\" href=\"https:\/\/www.gites.net\/blog\/votre-sejour-dans-le-grand-est\">Savoir plus<\/a><\/p>\n","protected":false},"author":8,"featured_media":9296,"comment_status":"open","ping_status":"open","sticky":false,"template":"","format":"standard","meta":[],"categories":[8],"tags":[107],"_links":{"self":[{"href":"https:\/\/www.gites.net\/blog\/wp-json\/wp\/v2\/posts\/9291"}],"collection":[{"href":"https:\/\/www.gites.net\/blog\/wp-json\/wp\/v2\/posts"}],"about":[{"href":"https:\/\/www.gites.net\/blog\/wp-json\/wp\/v2\/types\/post"}],"author":[{"embeddable":true,"href":"https:\/\/www.gites.net\/blog\/wp-json\/wp\/v2\/users\/8"}],"replies":[{"embeddable":true,"href":"https:\/\/www.gites.net\/blog\/wp-json\/wp\/v2\/comments?post=9291"}],"version-history":[{"count":6,"href":"https:\/\/www.gites.net\/blog\/wp-json\/wp\/v2\/posts\/9291\/revisions"}],"predecessor-version":[{"id":10021,"href":"https:\/\/www.gites.net\/blog\/wp-json\/wp\/v2\/posts\/9291\/revisions\/10021"}],"wp:featuredmedia":[{"embeddable":true,"href":"https:\/\/www.gites.net\/blog\/wp-json\/wp\/v2\/media\/9296"}],"wp:attachment":[{"href":"https:\/\/www.gites.net\/blog\/wp-json\/wp\/v2\/media?parent=9291"}],"wp:term":[{"taxonomy":"category","embeddable":true,"href":"https:\/\/www.gites.net\/blog\/wp-json\/wp\/v2\/categories?post=9291"},{"taxonomy":"post_tag","embeddable":true,"href":"https:\/\/www.gites.net\/blog\/wp-json\/wp\/v2\/tags?post=9291"}],"curies":[{"name":"wp","href":"https:\/\/api.w.org\/{rel}","templated":true}]}}