
{"id":9276,"date":"2021-03-02T08:48:38","date_gmt":"2021-03-02T08:48:38","guid":{"rendered":"https:\/\/www.gites.net\/blog\/?p=9276"},"modified":"2021-03-02T08:48:47","modified_gmt":"2021-03-02T08:48:47","slug":"10-choses-indispensables-a-mettre-dans-la-valise","status":"publish","type":"post","link":"https:\/\/www.gites.net\/blog\/10-choses-indispensables-a-mettre-dans-la-valise","title":{"rendered":"10 choses indispensables \u00e0 mettre dans la valise"},"content":{"rendered":"<p><span lang=\"fr-FR\"><strong>Vous adorez voyager<\/strong> mais vous d\u00e9testez le moment de<strong> pr\u00e9parer votre valise<\/strong>? Nous vous comprenons. <\/span><\/p>\n<p><span lang=\"fr-FR\">\u00c0 quel point c\u2019est frustrant d\u2019arriver \u00e0 votre destination de vacances et de r\u00e9aliser que<strong><em> vous avez oubli\u00e9 quelque chose?<\/em> <\/strong>Vraiment emb\u00eatant, n\u2019est-ce pas? Pour que<strong> cela ne vous arrive plus jamais<\/strong>, nous avons cr\u00e9\u00e9 une<strong> liste des choses essentielles,<\/strong> celles qui ne peuvent absolument pas manquer dans votre valise. <\/span><\/p>\n<h2><strong><span lang=\"fr-FR\">Papiers et documents personnels<\/span><\/strong><\/h2>\n<div id=\"attachment_9280\" style=\"width: 809px\" class=\"wp-caption aligncenter\"><img aria-describedby=\"caption-attachment-9280\" loading=\"lazy\" class=\"size-full wp-image-9280\" src=\"https:\/\/www.gites.net\/blog\/wp-content\/emp\/blogcasas\/2021\/03\/Julien-Chatelain-FLICKR.jpg\" alt=\"Julien Chatelain-FLICKR\" width=\"799\" height=\"533\" srcset=\"https:\/\/www.gites.net\/blog\/wp-content\/emp\/blogcasas\/2021\/03\/Julien-Chatelain-FLICKR.jpg 799w, https:\/\/www.gites.net\/blog\/wp-content\/emp\/blogcasas\/2021\/03\/Julien-Chatelain-FLICKR-300x200.jpg 300w, https:\/\/www.gites.net\/blog\/wp-content\/emp\/blogcasas\/2021\/03\/Julien-Chatelain-FLICKR-768x512.jpg 768w, https:\/\/www.gites.net\/blog\/wp-content\/emp\/blogcasas\/2021\/03\/Julien-Chatelain-FLICKR-320x213.jpg 320w\" sizes=\"(max-width: 799px) 100vw, 799px\" \/><p id=\"caption-attachment-9280\" class=\"wp-caption-text\">Julien Chatelain-FLICKR<\/p><\/div>\n<p><span lang=\"fr-FR\">La premi\u00e8re et la plus importante, peu importe o\u00f9 vous voyagez, vous avez toujours besoin de<strong> votre pi\u00e8ce d\u2019identit\u00e9, ou passeport<\/strong> si vous voyagez en dehors de l\u2019Union europ\u00e9enne. <\/span><\/p>\n<p><span lang=\"fr-FR\"><strong>Le permis de conduire<\/strong> est aussi important si vous voyagez en voiture ou si vous en louez une. Si vous \u00eates du genre \u00e0 remplir une valise avec des cadeaux pour vos bien-aim\u00e9s, n\u2019oublier pas <strong>votre carte de cr\u00e9dite<\/strong>. Et au cas o\u00f9, votre carte vitale, parce que vous<strong> ne savez jamais ce qui peut arriver!<\/strong><\/span><\/p>\n<h2><strong><span lang=\"fr-FR\">V\u00eatements chauds<\/span><\/strong><\/h2>\n<div id=\"attachment_9284\" style=\"width: 810px\" class=\"wp-caption aligncenter\"><img aria-describedby=\"caption-attachment-9284\" loading=\"lazy\" class=\"size-full wp-image-9284\" src=\"https:\/\/www.gites.net\/blog\/wp-content\/emp\/blogcasas\/2021\/03\/Eleazar-FLICKR.jpg\" alt=\"Eleazar-FLICKR\" width=\"800\" height=\"600\" srcset=\"https:\/\/www.gites.net\/blog\/wp-content\/emp\/blogcasas\/2021\/03\/Eleazar-FLICKR.jpg 800w, https:\/\/www.gites.net\/blog\/wp-content\/emp\/blogcasas\/2021\/03\/Eleazar-FLICKR-300x225.jpg 300w, https:\/\/www.gites.net\/blog\/wp-content\/emp\/blogcasas\/2021\/03\/Eleazar-FLICKR-768x576.jpg 768w, https:\/\/www.gites.net\/blog\/wp-content\/emp\/blogcasas\/2021\/03\/Eleazar-FLICKR-156x117.jpg 156w\" sizes=\"(max-width: 800px) 100vw, 800px\" \/><p id=\"caption-attachment-9284\" class=\"wp-caption-text\">Eleazar-FLICKR<\/p><\/div>\n<p><span lang=\"fr-FR\">Nous ne savons ni la date ni la <strong><a href=\"https:\/\/www.gites.net\/\">destination de votre voyage<\/a><\/strong>, donc \u00e9videment pr\u00e9parez des <strong>v\u00eatements qui correspondent au temps<\/strong> pr\u00e9vu. <\/span><\/p>\n<p><span lang=\"fr-FR\">Mais, il est toujours important de mettre dans la valise un<strong> manteau, une veste, un pull <\/strong>ou <strong>un imperm\u00e9able,<\/strong> parce qu\u2019on ne sait jamais quand est-ce qu\u2019il peut pleuvoir ou quand les temp\u00e9ratures peuvent baisser. Cela <strong>peut \u00eatre tr\u00e8s utile<\/strong> surtout si vous aimez vous promener ou sortir d\u00eener le soir.<\/span><\/p>\n<h2><strong><span lang=\"fr-FR\">Chaussures confortables<\/span><\/strong><\/h2>\n<div id=\"attachment_9283\" style=\"width: 810px\" class=\"wp-caption aligncenter\"><img aria-describedby=\"caption-attachment-9283\" loading=\"lazy\" class=\"size-full wp-image-9283\" src=\"https:\/\/www.gites.net\/blog\/wp-content\/emp\/blogcasas\/2021\/03\/Alfredo-Pe\u00f1a-FLICKR.jpg\" alt=\"Alfredo Pe\u00f1a-FLICKR\" width=\"800\" height=\"600\" srcset=\"https:\/\/www.gites.net\/blog\/wp-content\/emp\/blogcasas\/2021\/03\/Alfredo-Pe\u00f1a-FLICKR.jpg 800w, https:\/\/www.gites.net\/blog\/wp-content\/emp\/blogcasas\/2021\/03\/Alfredo-Pe\u00f1a-FLICKR-300x225.jpg 300w, https:\/\/www.gites.net\/blog\/wp-content\/emp\/blogcasas\/2021\/03\/Alfredo-Pe\u00f1a-FLICKR-768x576.jpg 768w, https:\/\/www.gites.net\/blog\/wp-content\/emp\/blogcasas\/2021\/03\/Alfredo-Pe\u00f1a-FLICKR-156x117.jpg 156w\" sizes=\"(max-width: 800px) 100vw, 800px\" \/><p id=\"caption-attachment-9283\" class=\"wp-caption-text\">Alfredo Pe\u00f1a-FLICKR<\/p><\/div>\n<p><span lang=\"fr-FR\">Si vous \u00eates un <strong>passionn\u00e9 de la nature et des randonn\u00e9es,<\/strong> vos chaussures de trekking ne manquent probablement jamais dans votre valise. <\/span><\/p>\n<p><span lang=\"fr-FR\">Mais m\u00eame si vous ne l\u2019\u00eates pas et que vous n\u2019avez aucune intention de faire de<strong> longues promenades,<\/strong> nous vous recommandons quand m\u00eame de prendre des<strong> chaussures confortables<\/strong>. Pour la simple raison qu\u2019en visitant un <strong>nouvel endroit,<\/strong> vous allez marcher pendant un bon moment et <strong>nous ne voulons pas que vos pieds souffrent. <\/strong><\/span><\/p>\n<h2><strong><span lang=\"fr-FR\">Trousse de toilette<\/span><\/strong><\/h2>\n<div id=\"attachment_9282\" style=\"width: 810px\" class=\"wp-caption aligncenter\"><img aria-describedby=\"caption-attachment-9282\" loading=\"lazy\" class=\"size-full wp-image-9282\" src=\"https:\/\/www.gites.net\/blog\/wp-content\/emp\/blogcasas\/2021\/03\/Los-viajes-del-Cangrejo-FLICKR.jpg\" alt=\"Los viajes del Cangrejo-FLICKR\" width=\"800\" height=\"600\" srcset=\"https:\/\/www.gites.net\/blog\/wp-content\/emp\/blogcasas\/2021\/03\/Los-viajes-del-Cangrejo-FLICKR.jpg 800w, https:\/\/www.gites.net\/blog\/wp-content\/emp\/blogcasas\/2021\/03\/Los-viajes-del-Cangrejo-FLICKR-300x225.jpg 300w, https:\/\/www.gites.net\/blog\/wp-content\/emp\/blogcasas\/2021\/03\/Los-viajes-del-Cangrejo-FLICKR-768x576.jpg 768w, https:\/\/www.gites.net\/blog\/wp-content\/emp\/blogcasas\/2021\/03\/Los-viajes-del-Cangrejo-FLICKR-156x117.jpg 156w\" sizes=\"(max-width: 800px) 100vw, 800px\" \/><p id=\"caption-attachment-9282\" class=\"wp-caption-text\">Los viajes del Cangrejo-FLICKR<\/p><\/div>\n<p><span lang=\"fr-FR\">Cela peut sembler un peu \u00e9vident, mais<em> qui n\u2019a jamais oubli\u00e9 sa <strong>brosse \u00e0 dents<\/strong> ou son dentifrice ?<\/em> Donc pour s\u2019assurer que cela ne vous arrive pas, <strong>nous vous le rappelons!<\/strong> <\/span><\/p>\n<p><span lang=\"fr-FR\">N\u2019oubliez pas non plus<strong> le gel douche<\/strong> et le <strong>shampooing<\/strong>, au cas o\u00f9 il n\u2019y en aurait pas dans l\u2019h\u00e9bergement que vous avez choisi. Et si vous \u00eates un peu pr\u00e9tentieux, n\u2019oubliez pa<strong>s vos cr\u00e8mes et produits de beaut\u00e9,<\/strong> ainsi que votre parfum pr\u00e9f\u00e9r\u00e9 pour \u00eatre toujours parfait.<\/span><\/p>\n<h2><strong><span lang=\"fr-FR\">Trousse de secours<\/span><\/strong><\/h2>\n<div id=\"attachment_9281\" style=\"width: 809px\" class=\"wp-caption aligncenter\"><img aria-describedby=\"caption-attachment-9281\" loading=\"lazy\" class=\"size-full wp-image-9281\" src=\"https:\/\/www.gites.net\/blog\/wp-content\/emp\/blogcasas\/2021\/03\/Felix-E.-Guerrero-FLICKR.jpg\" alt=\"Felix E. Guerrero-FLICKR\" width=\"799\" height=\"533\" srcset=\"https:\/\/www.gites.net\/blog\/wp-content\/emp\/blogcasas\/2021\/03\/Felix-E.-Guerrero-FLICKR.jpg 799w, https:\/\/www.gites.net\/blog\/wp-content\/emp\/blogcasas\/2021\/03\/Felix-E.-Guerrero-FLICKR-300x200.jpg 300w, https:\/\/www.gites.net\/blog\/wp-content\/emp\/blogcasas\/2021\/03\/Felix-E.-Guerrero-FLICKR-768x512.jpg 768w, https:\/\/www.gites.net\/blog\/wp-content\/emp\/blogcasas\/2021\/03\/Felix-E.-Guerrero-FLICKR-320x213.jpg 320w\" sizes=\"(max-width: 799px) 100vw, 799px\" \/><p id=\"caption-attachment-9281\" class=\"wp-caption-text\">Felix E. Guerrero-FLICKR<\/p><\/div>\n<p><span lang=\"fr-FR\">Voici quelque chose que <strong>beaucoup de gens oublient<\/strong> souvent et qui est tr\u00e8s important, surtout si vous voyagez avec des <strong>enfants<\/strong>. <\/span><\/p>\n<p><span lang=\"fr-FR\">Un enfant ne serait pas un enfant s\u2019il ne tombait pas en jouant, il est <strong>donc n\u00e9cessaire d\u2019avoir de quoi le gu\u00e9rir<\/strong>. Bien s\u00fbr, si vous prenez r\u00e9guli\u00e8rement des <strong>m\u00e9dicaments<\/strong>, ne les oubliez pas, ainsi que quelque chose pour le mal de t\u00eate ou tout autre inconfort que vous pourriez avoir, pour que rien ne puisse ruiner vos vacances.<\/span><\/p>\n<h2><strong><span lang=\"fr-FR\">Protection solaire<\/span><\/strong><\/h2>\n<div id=\"attachment_9285\" style=\"width: 810px\" class=\"wp-caption aligncenter\"><img aria-describedby=\"caption-attachment-9285\" loading=\"lazy\" class=\"size-full wp-image-9285\" src=\"https:\/\/www.gites.net\/blog\/wp-content\/emp\/blogcasas\/2021\/03\/L.C.-N\u00f8ttaasen-FLICKR.jpg\" alt=\"L.C. N\u00f8ttaasen-FLICKR\" width=\"800\" height=\"531\" srcset=\"https:\/\/www.gites.net\/blog\/wp-content\/emp\/blogcasas\/2021\/03\/L.C.-N\u00f8ttaasen-FLICKR.jpg 800w, https:\/\/www.gites.net\/blog\/wp-content\/emp\/blogcasas\/2021\/03\/L.C.-N\u00f8ttaasen-FLICKR-300x199.jpg 300w, https:\/\/www.gites.net\/blog\/wp-content\/emp\/blogcasas\/2021\/03\/L.C.-N\u00f8ttaasen-FLICKR-768x510.jpg 768w, https:\/\/www.gites.net\/blog\/wp-content\/emp\/blogcasas\/2021\/03\/L.C.-N\u00f8ttaasen-FLICKR-320x213.jpg 320w\" sizes=\"(max-width: 800px) 100vw, 800px\" \/><p id=\"caption-attachment-9285\" class=\"wp-caption-text\">L.C. N\u00f8ttaasen-FLICKR<\/p><\/div>\n<p><span lang=\"fr-FR\"><strong>Il est tr\u00e8s fr\u00e9quent<\/strong> de penser qu\u2019il est seulement n\u00e9cessaire de mettre de<strong> la cr\u00e8me solaire<\/strong> en \u00e9t\u00e9, mais c\u2019est totalement faux! <\/span><\/p>\n<p><span lang=\"fr-FR\">Le <strong>soleil est nuisible pendant toute l\u2019ann\u00e9e<\/strong> et surtout, m\u00eame si vous ne le croyez pas,<strong> en hiver!<\/strong> Portez donc dans votre trousse de toilette une cr\u00e8me solaire et<strong> des lunettes de soleil,<\/strong> pour prendre soin de votre peau et de vos yeux.<strong><em> Ils vous en seront reconnaissants\u00a0!<\/em><\/strong><\/span><\/p>\n<h2><strong><span lang=\"fr-FR\">Gel <\/span><span lang=\"fr-FR\">hydro-alcoolique<\/span> <span lang=\"fr-FR\">et masques<\/span><\/strong><\/h2>\n<div id=\"attachment_9286\" style=\"width: 810px\" class=\"wp-caption aligncenter\"><img aria-describedby=\"caption-attachment-9286\" loading=\"lazy\" class=\"size-full wp-image-9286\" src=\"https:\/\/www.gites.net\/blog\/wp-content\/emp\/blogcasas\/2021\/03\/Adrian-Widak-FLICKR.jpg\" alt=\"Adrian Widak-FLICKR\" width=\"800\" height=\"600\" srcset=\"https:\/\/www.gites.net\/blog\/wp-content\/emp\/blogcasas\/2021\/03\/Adrian-Widak-FLICKR.jpg 800w, https:\/\/www.gites.net\/blog\/wp-content\/emp\/blogcasas\/2021\/03\/Adrian-Widak-FLICKR-300x225.jpg 300w, https:\/\/www.gites.net\/blog\/wp-content\/emp\/blogcasas\/2021\/03\/Adrian-Widak-FLICKR-768x576.jpg 768w, https:\/\/www.gites.net\/blog\/wp-content\/emp\/blogcasas\/2021\/03\/Adrian-Widak-FLICKR-156x117.jpg 156w\" sizes=\"(max-width: 800px) 100vw, 800px\" \/><p id=\"caption-attachment-9286\" class=\"wp-caption-text\">Adrian Widak-FLICKR<\/p><\/div>\n<p><span lang=\"fr-FR\">Esp\u00e9rons que si vous lisez ce blog dans quelques ann\u00e9es, il ne sera plus n\u00e9cessaire de porter quoi que ce soit de cela sur vous! Malheureusement<strong> aujourd\u2019hui, il est indispensable<\/strong> d\u2019avoir sur vous du<strong> gel hydro-alcoolique<\/strong> et un ou plusieurs <strong>masques<\/strong>. <\/span><\/p>\n<p><span lang=\"fr-FR\">Vous \u00e9viterez ainsi <strong>d\u2019avoir \u00e0 faire un voyage \u00e0 la pharmacie<\/strong> ou \u00e0 n\u2019importe quel supermarch\u00e9 pour avoir \u00e0 en acheter d\u2019autres en cas de rupture ou de perte du votre.<\/span><\/p>\n<h2><strong><span lang=\"fr-FR\">T\u00e9l\u00e9phone portable ou appareil photo<\/span><\/strong><\/h2>\n<div id=\"attachment_9287\" style=\"width: 810px\" class=\"wp-caption aligncenter\"><img aria-describedby=\"caption-attachment-9287\" loading=\"lazy\" class=\"size-full wp-image-9287\" src=\"https:\/\/www.gites.net\/blog\/wp-content\/emp\/blogcasas\/2021\/03\/Marquis-Houghton-FLICKR.jpg\" alt=\"Marquis Houghton-FLICKR\" width=\"800\" height=\"585\" srcset=\"https:\/\/www.gites.net\/blog\/wp-content\/emp\/blogcasas\/2021\/03\/Marquis-Houghton-FLICKR.jpg 800w, https:\/\/www.gites.net\/blog\/wp-content\/emp\/blogcasas\/2021\/03\/Marquis-Houghton-FLICKR-300x219.jpg 300w, https:\/\/www.gites.net\/blog\/wp-content\/emp\/blogcasas\/2021\/03\/Marquis-Houghton-FLICKR-768x562.jpg 768w\" sizes=\"(max-width: 800px) 100vw, 800px\" \/><p id=\"caption-attachment-9287\" class=\"wp-caption-text\">Marquis Houghton-FLICKR<\/p><\/div>\n<p><span lang=\"fr-FR\">Aujourd\u2019hui, tout le monde porte sur lui son <strong>t\u00e9l\u00e9phone portable,<\/strong> en plus c\u2019est l\u2019outil parfait pour<strong> prendre des photos<\/strong> des endroits que vous visitez et comme \u00e7a avoir des <strong>souvenirs des bons moments<\/strong> que vous v\u00e9cus.<\/span><\/p>\n<p><span lang=\"fr-FR\"> Mais si vous aimez vraiment la photographie ou vous voulez simplement faire de jolies photos ou vid\u00e9os pour mettre sur instagram,<strong> prenez un appareil photo<\/strong> et capturez vos plus<strong> beaux moments \u00e0 travers l\u2019objectif.<\/strong> <\/span><\/p>\n<p><span lang=\"fr-FR\">Une fois \u00e0 la maison, vous pourrez les <strong>revivre autant de fois<\/strong> que vous voudrez.<\/span><\/p>\n<h2><strong><span lang=\"fr-FR\">Chargeurs et adaptateurs<\/span><\/strong><\/h2>\n<div id=\"attachment_9288\" style=\"width: 810px\" class=\"wp-caption aligncenter\"><img aria-describedby=\"caption-attachment-9288\" loading=\"lazy\" class=\"size-full wp-image-9288\" src=\"https:\/\/www.gites.net\/blog\/wp-content\/emp\/blogcasas\/2021\/03\/jlggb-FLICKR.jpg\" alt=\"jlggb-FLICKR\" width=\"800\" height=\"600\" srcset=\"https:\/\/www.gites.net\/blog\/wp-content\/emp\/blogcasas\/2021\/03\/jlggb-FLICKR.jpg 800w, https:\/\/www.gites.net\/blog\/wp-content\/emp\/blogcasas\/2021\/03\/jlggb-FLICKR-300x225.jpg 300w, https:\/\/www.gites.net\/blog\/wp-content\/emp\/blogcasas\/2021\/03\/jlggb-FLICKR-768x576.jpg 768w, https:\/\/www.gites.net\/blog\/wp-content\/emp\/blogcasas\/2021\/03\/jlggb-FLICKR-156x117.jpg 156w\" sizes=\"(max-width: 800px) 100vw, 800px\" \/><p id=\"caption-attachment-9288\" class=\"wp-caption-text\">jlggb-FLICKR<\/p><\/div>\n<p><span lang=\"fr-FR\">Comme nous l\u2019avons d\u00e9j\u00e0 mentionn\u00e9,<strong> tout le monde porte son t\u00e9l\u00e9phone<\/strong> sur lui, il vous est m\u00eame probablement impossible de vivre sans lui. <\/span><\/p>\n<p><span lang=\"fr-FR\">Mais il est tout <strong>aussi important de ne pas oublier le chargeur,<\/strong> non seulement pour le portable, mais aussi pour votre <strong>ordinateur<\/strong>, appareil photo ou<strong> tout autre appareil \u00e9lectronique<\/strong> que vous pourrez porter sur vous.<\/span><\/p>\n<p><span lang=\"fr-FR\"> Et si vous <strong>voyagez \u00e0 l\u2019ext\u00e9rieur,<\/strong> nous vous conseillons d\u2019emmener<strong> un adaptateur,<\/strong> car vous en aurez tr\u00e8s probablement besoin. Si vous n\u2019en avez pas d\u00e9j\u00e0 un<strong>, approchez-vous du magasin le plus proche,<\/strong> vous l\u2019utiliserez surement un jour!<\/span><\/p>\n<h2><strong><span lang=\"fr-FR\">Argent en esp\u00e8ces<\/span><\/strong><\/h2>\n<div id=\"attachment_9289\" style=\"width: 810px\" class=\"wp-caption aligncenter\"><img aria-describedby=\"caption-attachment-9289\" loading=\"lazy\" class=\"size-full wp-image-9289\" src=\"https:\/\/www.gites.net\/blog\/wp-content\/emp\/blogcasas\/2021\/03\/Phoenix-Trimegisto-FLICKR.jpg\" alt=\"Phoenix Trimegisto-FLICKR\" width=\"800\" height=\"600\" srcset=\"https:\/\/www.gites.net\/blog\/wp-content\/emp\/blogcasas\/2021\/03\/Phoenix-Trimegisto-FLICKR.jpg 800w, https:\/\/www.gites.net\/blog\/wp-content\/emp\/blogcasas\/2021\/03\/Phoenix-Trimegisto-FLICKR-300x225.jpg 300w, https:\/\/www.gites.net\/blog\/wp-content\/emp\/blogcasas\/2021\/03\/Phoenix-Trimegisto-FLICKR-768x576.jpg 768w, https:\/\/www.gites.net\/blog\/wp-content\/emp\/blogcasas\/2021\/03\/Phoenix-Trimegisto-FLICKR-156x117.jpg 156w\" sizes=\"(max-width: 800px) 100vw, 800px\" \/><p id=\"caption-attachment-9289\" class=\"wp-caption-text\">Phoenix Trimegisto-FLICKR<\/p><\/div>\n<p><span lang=\"fr-FR\">Il est presque impossible qu\u2019un endroit<strong> n\u2019ait pas l\u2019option de paiement par carte<\/strong> bancaire, mais cela peut arriver. <\/span><\/p>\n<p><span lang=\"fr-FR\">En plus, <strong>qui sait quand votre carte de cr\u00e9dit d\u00e9cidera de ne plus fonctionner<\/strong> ou quand vous pourrez avoir une urgence. Pour ces moments, il est toujours favorable<strong> d\u2019avoir de l\u2019argent en esp\u00e8ces<\/strong> dans le porte-monnaie. Si vous voyagez par exemple en voiture et que <strong>vous passer par un p\u00e9age,<\/strong> vous aurez probablement besoin d\u2019avoir quelques pi\u00e8ces dans votre poche.<\/span><\/p>\n<p><span lang=\"fr-FR\">Une fois que tout sera dans votre valise,<strong> vous serez pr\u00eats pour partir en voyage<\/strong> et vous n\u2019aurez plus qu\u2019\u00e0 penser \u00e0 vous amuser\u00a0!<\/span><\/p>\n<p>&nbsp;<\/p>\n<p><span lang=\"fr-FR\"><em><strong>Un petit conseil\u00a0:<\/strong><\/em> <strong>imprimez cette liste<\/strong> ou <strong>enregistrez-la sur votre t\u00e9l\u00e9phone portable<\/strong> pour le moment o\u00f9 vous pr\u00e9parerez votre valise de retour, pour vous assurer de ne rien oublier dans votre logement de vacances.<\/span><\/p>\n","protected":false},"excerpt":{"rendered":"<p>Vous adorez voyager mais vous d\u00e9testez le moment de pr\u00e9parer votre valise? Nous vous comprenons. \u00c0 quel point c\u2019est frustrant d\u2019arriver \u00e0 votre destination de vacances et de r\u00e9aliser que vous avez oubli\u00e9 quelque chose? Vraiment emb\u00eatant, n\u2019est-ce pas? Pour&hellip; <br \/><a class=\"read-more-button\" href=\"https:\/\/www.gites.net\/blog\/10-choses-indispensables-a-mettre-dans-la-valise\">Savoir plus<\/a><\/p>\n","protected":false},"author":8,"featured_media":9279,"comment_status":"open","ping_status":"open","sticky":false,"template":"","format":"standard","meta":[],"categories":[8],"tags":[],"_links":{"self":[{"href":"https:\/\/www.gites.net\/blog\/wp-json\/wp\/v2\/posts\/9276"}],"collection":[{"href":"https:\/\/www.gites.net\/blog\/wp-json\/wp\/v2\/posts"}],"about":[{"href":"https:\/\/www.gites.net\/blog\/wp-json\/wp\/v2\/types\/post"}],"author":[{"embeddable":true,"href":"https:\/\/www.gites.net\/blog\/wp-json\/wp\/v2\/users\/8"}],"replies":[{"embeddable":true,"href":"https:\/\/www.gites.net\/blog\/wp-json\/wp\/v2\/comments?post=9276"}],"version-history":[{"count":2,"href":"https:\/\/www.gites.net\/blog\/wp-json\/wp\/v2\/posts\/9276\/revisions"}],"predecessor-version":[{"id":9290,"href":"https:\/\/www.gites.net\/blog\/wp-json\/wp\/v2\/posts\/9276\/revisions\/9290"}],"wp:featuredmedia":[{"embeddable":true,"href":"https:\/\/www.gites.net\/blog\/wp-json\/wp\/v2\/media\/9279"}],"wp:attachment":[{"href":"https:\/\/www.gites.net\/blog\/wp-json\/wp\/v2\/media?parent=9276"}],"wp:term":[{"taxonomy":"category","embeddable":true,"href":"https:\/\/www.gites.net\/blog\/wp-json\/wp\/v2\/categories?post=9276"},{"taxonomy":"post_tag","embeddable":true,"href":"https:\/\/www.gites.net\/blog\/wp-json\/wp\/v2\/tags?post=9276"}],"curies":[{"name":"wp","href":"https:\/\/api.w.org\/{rel}","templated":true}]}}