
{"id":9268,"date":"2021-02-25T10:00:00","date_gmt":"2021-02-25T10:00:00","guid":{"rendered":"https:\/\/www.gites.net\/blog\/?p=9268"},"modified":"2021-02-25T12:05:37","modified_gmt":"2021-02-25T12:05:37","slug":"corse-lile-de-beaute","status":"publish","type":"post","link":"https:\/\/www.gites.net\/blog\/corse-lile-de-beaute","title":{"rendered":"Corse, l&rsquo;Ile de Beaut\u00e9"},"content":{"rendered":"<p><span lang=\"fr-FR\">Corse, la<strong> quatri\u00e8me plus grande \u00cele m\u00e9diterran\u00e9enne,<\/strong> fran\u00e7aise depuis 1768 et tr\u00e8s rattach\u00e9e \u00e0 la culture italienne. <\/span><\/p>\n<p><span lang=\"fr-FR\">Cette r\u00e9gion <strong>principalement montagneuse<\/strong> est surtout connue pour \u00eatre le <strong>berceau du c\u00e9l\u00e8bre Napol\u00e9on<\/strong> Bonaparte et pour ses magnifiques plages. Anciennement <strong>connu par les grecs<\/strong> sous le nom <strong><em>\u00ab\u00a0Kallist\u00e9\u00a0\u00bb,<\/em><\/strong> <em><strong>\u00ab\u00a0La plus belle\u00a0\u00bb<\/strong><\/em> et aujourd\u2019hui nomm\u00e9e \u00ab<strong>\u00a0\u00cele de Beaut\u00e9\u00a0<\/strong>\u00bb, pas besoin d\u2019arguments suppl\u00e9mentaire, nous savons d\u00e9j\u00e0 qu\u2019elle vous captivera. <\/span><\/p>\n<p><span lang=\"fr-FR\"><em>Vous n\u2019en croyez pas vos oreilles\u00a0?<\/em> <strong><a href=\"https:\/\/www.gites.net\/gites\/corse\">Accompagnez-nous<\/a><\/strong> et une fois l\u00e0-bas vous <strong>n\u2019en croirez pas vos yeux\u00a0!<\/strong><\/span><\/p>\n<h2><strong><span lang=\"fr-FR\">Ajaccio\u00a0et Napol\u00e9on Bonaparte<\/span><\/strong><\/h2>\n<div id=\"attachment_9271\" style=\"width: 809px\" class=\"wp-caption aligncenter\"><img aria-describedby=\"caption-attachment-9271\" loading=\"lazy\" class=\"size-full wp-image-9271\" src=\"https:\/\/www.gites.net\/blog\/wp-content\/emp\/blogcasas\/2021\/02\/Mike-McBey-FLICKR.jpg\" alt=\"Mike McBey-FLICKR\" width=\"799\" height=\"393\" srcset=\"https:\/\/www.gites.net\/blog\/wp-content\/emp\/blogcasas\/2021\/02\/Mike-McBey-FLICKR.jpg 799w, https:\/\/www.gites.net\/blog\/wp-content\/emp\/blogcasas\/2021\/02\/Mike-McBey-FLICKR-300x148.jpg 300w, https:\/\/www.gites.net\/blog\/wp-content\/emp\/blogcasas\/2021\/02\/Mike-McBey-FLICKR-768x378.jpg 768w\" sizes=\"(max-width: 799px) 100vw, 799px\" \/><p id=\"caption-attachment-9271\" class=\"wp-caption-text\">Mike McBey-FLICKR<\/p><\/div>\n<p><span lang=\"fr-FR\"><strong>Commen\u00e7ons par visiter Ajaccio<\/strong>, une<strong> ville portuaire<\/strong> situ\u00e9e \u00e0 l\u2019ouest et qui est la <strong>capitale de la Corse.<\/strong> Celle-ci est c\u00e9l\u00e8bre pour \u00eatre<strong> le lieu qui a vu na\u00eetre<\/strong><\/span><span lang=\"fr-FR\"> le militaire et empereur fran\u00e7ais, <strong>Napol\u00e9on Bonaparte<\/strong>, en 1769 et qui la vu grandir. <\/span><\/p>\n<p><span lang=\"fr-FR\">Deux des <strong>sites les plus visit\u00e9s<\/strong> en Corse sont la<strong> Maison Bonaparte,<\/strong> aujourd\u2019hui <strong>transform\u00e9e en mus\u00e9e<\/strong> qui raconte son histoire et ses souvenirs, ainsi que la <strong>Grotte Napol\u00e9on<\/strong>, o\u00f9 il est retourn\u00e9 apr\u00e8s son exp\u00e9dition en \u00c9gypte. <\/span><\/p>\n<p><span lang=\"fr-FR\">Croyez-le ou nom, la <strong>plupart des visites<\/strong> \u00e0 faire \u00e0 Ajaccio ont toutes <strong>quelque chose \u00e0 voir avec <\/strong><\/span><strong><span lang=\"fr-FR\">Napol\u00e9on <\/span><\/strong><span lang=\"fr-FR\">Bonaparte\u00a0: le <strong>palais Fresh,<\/strong> mus\u00e9e des Beaux-Arts construit par son oncle\u00a0; la<strong> Chapelle imp\u00e9riale,<\/strong> la <strong>Cath\u00e9drale Santa Maria Assunta<\/strong> o\u00f9 il a \u00e9t\u00e9 baptis\u00e9 et bien d\u2019autres. <\/span><\/p>\n<p><span lang=\"fr-FR\"><em>D\u2019ailleurs, pourquoi ne pas en faire un jeu\u00a0?<\/em> Nous vous proposons de <strong>trouver toutes les statues<\/strong>, plaques et <strong>lieux qui lui sont d\u00e9di\u00e9s,<\/strong> celui qui en compte le plus, gagne\u00a0!<\/span><\/p>\n<h2><span lang=\"fr-FR\"><br \/>\n<\/span><strong><span lang=\"fr-FR\">Les plus belles plages de Corse<\/span><\/strong><\/h2>\n<div id=\"attachment_9272\" style=\"width: 810px\" class=\"wp-caption aligncenter\"><img aria-describedby=\"caption-attachment-9272\" loading=\"lazy\" class=\"size-full wp-image-9272\" src=\"https:\/\/www.gites.net\/blog\/wp-content\/emp\/blogcasas\/2021\/02\/Robert-Brands-FLICKR.jpg\" alt=\"Robert Brands-FLICKR\" width=\"800\" height=\"600\" srcset=\"https:\/\/www.gites.net\/blog\/wp-content\/emp\/blogcasas\/2021\/02\/Robert-Brands-FLICKR.jpg 800w, https:\/\/www.gites.net\/blog\/wp-content\/emp\/blogcasas\/2021\/02\/Robert-Brands-FLICKR-300x225.jpg 300w, https:\/\/www.gites.net\/blog\/wp-content\/emp\/blogcasas\/2021\/02\/Robert-Brands-FLICKR-768x576.jpg 768w, https:\/\/www.gites.net\/blog\/wp-content\/emp\/blogcasas\/2021\/02\/Robert-Brands-FLICKR-156x117.jpg 156w\" sizes=\"(max-width: 800px) 100vw, 800px\" \/><p id=\"caption-attachment-9272\" class=\"wp-caption-text\">Robert Brands-FLICKR<\/p><\/div>\n<p><span lang=\"fr-FR\">Nous nous trouvons sur une \u00eele, donc bien s\u00fbr, il<strong> est impensable de ne pas visiter <a href=\"https:\/\/www.gites.net\/gites\/corse\/pres-de-la-plage\">les plages de la r\u00e9gion<\/a><\/strong>. Le littoral de la Corse s\u2019\u00e9tend<strong> exactement sur 1.000 km de c\u00f4te<\/strong>, principalement de <strong>falaises et de petites plages<\/strong> paradisiaques, vous vous croirez aux Bahamas. <\/span><\/p>\n<p><span lang=\"fr-FR\">Un des incontournables sites naturels sont sans aucun doute les <strong>Calanques de Piana<\/strong>, situ\u00e9s dans le <strong>Parc Naturel R\u00e9gional de Corse,<\/strong> entre Ajaccio et Calvi. Une fois l\u00e0-bas, vous comprendrez de suite pourquoi cette merveille naturelle fait partie du<strong> patrimoine mondial de l&rsquo;UNESCO.<\/strong> <\/span><\/p>\n<p><span lang=\"fr-FR\">Nous pouvons presque affirmer que peu importe la plage que vous visiterez, vous en tomberez amoureux, surtout celles de<strong> Porto-Vecchio.<\/strong> Mais si nous devions choisir les plages de nos r\u00eaves, la<strong> Plage du Petit Sperone et la Plage de Palombaggia<\/strong> seraient certainement en t\u00eate de liste. <\/span><\/p>\n<p><em><span lang=\"fr-FR\">\u00c0 vous de d\u00e9couvrir pourquoi\u00a0!<\/span><\/em><\/p>\n<h2><strong><span lang=\"fr-FR\">GR20, \u00ab\u00a0Fra li Monti\u00a0\u00bb<\/span><\/strong><\/h2>\n<div id=\"attachment_9273\" style=\"width: 810px\" class=\"wp-caption aligncenter\"><img aria-describedby=\"caption-attachment-9273\" loading=\"lazy\" class=\"size-full wp-image-9273\" src=\"https:\/\/www.gites.net\/blog\/wp-content\/emp\/blogcasas\/2021\/02\/akunamatata-FLICKR.jpg\" alt=\"akunamatata-FLICKR\" width=\"800\" height=\"600\" srcset=\"https:\/\/www.gites.net\/blog\/wp-content\/emp\/blogcasas\/2021\/02\/akunamatata-FLICKR.jpg 800w, https:\/\/www.gites.net\/blog\/wp-content\/emp\/blogcasas\/2021\/02\/akunamatata-FLICKR-300x225.jpg 300w, https:\/\/www.gites.net\/blog\/wp-content\/emp\/blogcasas\/2021\/02\/akunamatata-FLICKR-768x576.jpg 768w, https:\/\/www.gites.net\/blog\/wp-content\/emp\/blogcasas\/2021\/02\/akunamatata-FLICKR-156x117.jpg 156w\" sizes=\"(max-width: 800px) 100vw, 800px\" \/><p id=\"caption-attachment-9273\" class=\"wp-caption-text\">akunamatata-FLICKR<\/p><\/div>\n<p><span lang=\"fr-FR\">Corse est une r\u00e9gion avec une<strong> infinit\u00e9 de paysages naturels<\/strong> magnifiques, <strong>pr\u00e8s du 50 % de l\u2019\u00eele est couverte de nature,<\/strong> dont la <strong>R\u00e9serve naturelle de Scandola<\/strong> et le <strong>Parc naturel R\u00e9gional de Corse<\/strong>. <\/span><\/p>\n<p><span lang=\"fr-FR\">Elle nous offre donc un <strong>grand nombre de sentiers de randonn\u00e9es<\/strong> \u00e0 parcourir pour d\u00e9couvrir ses tr\u00e9sors naturels, mais elle abrite <strong>une randonn\u00e9e qui supposera tout un d\u00e9fi,<\/strong> m\u00eame pour les randonneurs les plus exp\u00e9riment\u00e9s. <\/span><\/p>\n<p><span lang=\"fr-FR\">Roulement de tambour pour<strong> le mythique GR20,<\/strong> aussi connu sous le nom <strong><em>\u00ab\u00a0<\/em><\/strong><\/span><span lang=\"fr-FR\"><strong><em>Fra li Monti\u00a0\u00bb<\/em><\/strong>\u00a0: \u00c0 travers les montagnes, un sentier qui traverse la Corse, <strong>de Calenzana \u00e0 Conca<\/strong>. <\/span><\/p>\n<p><span lang=\"fr-FR\">Ce sont <strong>200 km avec pr\u00e8s de 2.500 m de <\/strong><\/span><span lang=\"fr-FR\"><strong>d\u00e9nivel\u00e9<\/strong> cumul\u00e9 que vous mettrez environ 15 jours \u00e0 parcourir, en calculant que vous marcherez<strong> 6 heures chaque jour.<\/strong> Il est dit que c\u2019est<strong> l\u2019une des randonn\u00e9es les plus dures<\/strong> d\u2019Europe, mais aussi l\u2019une des plus belles, <strong><em>serez-vous assez courageux\u00a0?<\/em><\/strong><\/span><\/p>\n<h2><strong><span lang=\"fr-FR\">Cuisine corse<\/span><\/strong><\/h2>\n<div id=\"attachment_9274\" style=\"width: 810px\" class=\"wp-caption aligncenter\"><img aria-describedby=\"caption-attachment-9274\" loading=\"lazy\" class=\"size-full wp-image-9274\" src=\"https:\/\/www.gites.net\/blog\/wp-content\/emp\/blogcasas\/2021\/02\/Jean-Weber-FLICKR.jpg\" alt=\"Jean Weber-FLICKR\" width=\"800\" height=\"518\" srcset=\"https:\/\/www.gites.net\/blog\/wp-content\/emp\/blogcasas\/2021\/02\/Jean-Weber-FLICKR.jpg 800w, https:\/\/www.gites.net\/blog\/wp-content\/emp\/blogcasas\/2021\/02\/Jean-Weber-FLICKR-300x194.jpg 300w, https:\/\/www.gites.net\/blog\/wp-content\/emp\/blogcasas\/2021\/02\/Jean-Weber-FLICKR-768x497.jpg 768w\" sizes=\"(max-width: 800px) 100vw, 800px\" \/><p id=\"caption-attachment-9274\" class=\"wp-caption-text\">Jean Weber-FLICKR<\/p><\/div>\n<p><span lang=\"fr-FR\">Et puis, bien s\u00fbr, pour couronner le tout, la <strong>meilleure fa\u00e7on de mieux conna\u00eetre l\u2019essence<\/strong> d\u2019une r\u00e9gion, \u00e0 <strong>travers ses plats plus typiques<\/strong>. <\/span><\/p>\n<p><span lang=\"fr-FR\">Mais si nous vous <strong>parlons d\u2019Aziminu, de Stufatu di Cignale, Fiadone ou Sturza<\/strong> preti, aucune image ne vous vient \u00e0 l\u2019esprit, commandez-les dans un restaurant et surprise\u00a0! <\/span><\/p>\n<p><span lang=\"fr-FR\">Mais, nous pouvons vous parlez des<strong> ingr\u00e9dients qui sont utilis\u00e9s<\/strong> pour les cuisiner et des principales produits de la r\u00e9gion. La gastronomie corse est tr\u00e8s <strong>influenc\u00e9e par sa g\u00e9ographie,<\/strong> donc principalement m\u00e9diterran\u00e9enne et de montagne\u00a0; la <strong>charcuterie, le fromage, l\u2019huile d\u2019olive,<\/strong> le <strong>miel<\/strong> et le <strong>vin<\/strong> \u00e9tant certains des ingr\u00e9dients les plus utilis\u00e9s. <\/span><\/p>\n<p><span lang=\"fr-FR\">N\u00e9anmoins, il y a un produit qui <strong>m\u00e9rite une mention sp\u00e9ciale,<\/strong> il s\u2019agit de la <strong>ch\u00e2taigne<\/strong>, pr\u00e9sente dans les assiettes des corses depuis le X\u00e8me si\u00e8cle. Elle est surtout utilis\u00e9e <strong>en forme de farine<\/strong>, pour une infinit\u00e9 de recettes, sal\u00e9s ou sucr\u00e9s et m\u00eame pour<strong> faire du cidre et de la bi\u00e8re.<\/strong><\/span><\/p>\n<p><strong><em><span lang=\"fr-FR\">Vous n\u2019avez pas d\u00e9j\u00e0 r\u00e9serv\u00e9 votre logement\u00a0?<\/span><\/em><\/strong><\/p>\n","protected":false},"excerpt":{"rendered":"<p>Corse, la quatri\u00e8me plus grande \u00cele m\u00e9diterran\u00e9enne, fran\u00e7aise depuis 1768 et tr\u00e8s rattach\u00e9e \u00e0 la culture italienne. Cette r\u00e9gion principalement montagneuse est surtout connue pour \u00eatre le berceau du c\u00e9l\u00e8bre Napol\u00e9on Bonaparte et pour ses magnifiques plages. Anciennement connu par&hellip; <br \/><a class=\"read-more-button\" href=\"https:\/\/www.gites.net\/blog\/corse-lile-de-beaute\">Savoir plus<\/a><\/p>\n","protected":false},"author":8,"featured_media":9270,"comment_status":"open","ping_status":"open","sticky":false,"template":"","format":"standard","meta":[],"categories":[100],"tags":[106],"_links":{"self":[{"href":"https:\/\/www.gites.net\/blog\/wp-json\/wp\/v2\/posts\/9268"}],"collection":[{"href":"https:\/\/www.gites.net\/blog\/wp-json\/wp\/v2\/posts"}],"about":[{"href":"https:\/\/www.gites.net\/blog\/wp-json\/wp\/v2\/types\/post"}],"author":[{"embeddable":true,"href":"https:\/\/www.gites.net\/blog\/wp-json\/wp\/v2\/users\/8"}],"replies":[{"embeddable":true,"href":"https:\/\/www.gites.net\/blog\/wp-json\/wp\/v2\/comments?post=9268"}],"version-history":[{"count":2,"href":"https:\/\/www.gites.net\/blog\/wp-json\/wp\/v2\/posts\/9268\/revisions"}],"predecessor-version":[{"id":9275,"href":"https:\/\/www.gites.net\/blog\/wp-json\/wp\/v2\/posts\/9268\/revisions\/9275"}],"wp:featuredmedia":[{"embeddable":true,"href":"https:\/\/www.gites.net\/blog\/wp-json\/wp\/v2\/media\/9270"}],"wp:attachment":[{"href":"https:\/\/www.gites.net\/blog\/wp-json\/wp\/v2\/media?parent=9268"}],"wp:term":[{"taxonomy":"category","embeddable":true,"href":"https:\/\/www.gites.net\/blog\/wp-json\/wp\/v2\/categories?post=9268"},{"taxonomy":"post_tag","embeddable":true,"href":"https:\/\/www.gites.net\/blog\/wp-json\/wp\/v2\/tags?post=9268"}],"curies":[{"name":"wp","href":"https:\/\/api.w.org\/{rel}","templated":true}]}}