
{"id":9230,"date":"2021-02-11T07:59:00","date_gmt":"2021-02-11T07:59:00","guid":{"rendered":"https:\/\/www.gites.net\/blog\/?p=9230"},"modified":"2021-02-18T13:43:16","modified_gmt":"2021-02-18T13:43:16","slug":"les-incontournables-de-bretagne","status":"publish","type":"post","link":"https:\/\/www.gites.net\/blog\/les-incontournables-de-bretagne","title":{"rendered":"Les incontournables de Bretagne"},"content":{"rendered":"<p><span lang=\"fr-FR\">C\u00f4tes-d&rsquo;Armor, Finist\u00e8re, Ille-et-Vilaine ou Morbihan, peu n\u2019importe lequel de ces d\u00e9partements vous avez choisi pour passer vos jours de cong\u00e9s,<strong> Bretagne est une r\u00e9gion<\/strong> qui ne manque pas de <strong>choses \u00e0 voir et \u00e0 faire.<\/strong> <\/span><\/p>\n<p><span lang=\"fr-FR\">Cette r\u00e9gion du nord-ouest de la France a <strong>700.000 ans d\u2019histoire,<\/strong> donc comme vous pouvez l\u2019imaginer, il y a de tout pour satisfaire tous les gouts. <\/span><\/p>\n<p><span lang=\"fr-FR\"><strong><em>Mer ou montagne\u00a0?<\/em> <em>Poisson ou viande\u00a0?<\/em><\/strong> Tout cela entour\u00e9 d\u2019histoire et de l\u00e9gendes\u00a0! En route pour d\u00e9couvrir les <strong><a href=\"https:\/\/www.gites.net\/gites\/bretagne\">incontournables de la r\u00e9gion bretonne<\/a><\/strong>. <\/span><\/p>\n<h2><strong><span lang=\"fr-FR\">Mer ou montagne\u00a0?<\/span><\/strong><\/h2>\n<div id=\"attachment_9234\" style=\"width: 810px\" class=\"wp-caption aligncenter\"><img aria-describedby=\"caption-attachment-9234\" loading=\"lazy\" class=\"size-full wp-image-9234\" src=\"https:\/\/www.gites.net\/blog\/wp-content\/emp\/blogcasas\/2021\/02\/Fr\u00e9d\u00e9rique-Voisin-Demery-FLICKR.jpg\" alt=\"Fr\u00e9d\u00e9rique Voisin-Demery-FLICKR\" width=\"800\" height=\"533\" srcset=\"https:\/\/www.gites.net\/blog\/wp-content\/emp\/blogcasas\/2021\/02\/Fr\u00e9d\u00e9rique-Voisin-Demery-FLICKR.jpg 800w, https:\/\/www.gites.net\/blog\/wp-content\/emp\/blogcasas\/2021\/02\/Fr\u00e9d\u00e9rique-Voisin-Demery-FLICKR-300x200.jpg 300w, https:\/\/www.gites.net\/blog\/wp-content\/emp\/blogcasas\/2021\/02\/Fr\u00e9d\u00e9rique-Voisin-Demery-FLICKR-768x512.jpg 768w, https:\/\/www.gites.net\/blog\/wp-content\/emp\/blogcasas\/2021\/02\/Fr\u00e9d\u00e9rique-Voisin-Demery-FLICKR-320x213.jpg 320w\" sizes=\"(max-width: 800px) 100vw, 800px\" \/><p id=\"caption-attachment-9234\" class=\"wp-caption-text\">Fr\u00e9d\u00e9rique Voisin-Demery-FLICKR<\/p><\/div>\n<p><span lang=\"fr-FR\">Commen\u00e7ons par <strong>la c\u00f4te, exactement 2700 km<\/strong> qui sont baign\u00e9s par la Manche, la<strong> mer d&rsquo;Iroise<\/strong> et <strong>l&rsquo;oc\u00e9an Atlantique,<\/strong> la Bretagne est la r\u00e9gion qui profite le plus des<strong> b\u00e9n\u00e9fices de la mer<\/strong>, d\u2019ailleurs, les sites touristiques les plus visit\u00e9s sont les maritimes. <\/span><\/p>\n<p><span lang=\"fr-FR\">Ce qui est tout \u00e0 fait logique, car elle abrite <strong>quelques-unes des plus belles plages de France<\/strong>, qu\u2019en pensez-vous de la <strong>plage des Grands Sables<\/strong> ou de la plage d<strong>e l&rsquo;\u00eele vierge\u00a0?<\/strong> <\/span><\/p>\n<p><span lang=\"fr-FR\">Mais les sites les plus remarquables sont sans doute<strong> le Cap Fr\u00e9hel et la Pointe du Raz,<\/strong> deux endroits magnifiques o\u00f9 vous vous sentirez<strong> comme \u00e0 la fin du monde.<\/strong> Amoureux des paysages de montagnes, n\u2019\u00e9cartez pas encore l\u2019id\u00e9e de venir passer ici <strong>vos vacances<\/strong> car, comme nous l\u2019avons d\u00e9j\u00e0 dis, il y en a pour tout le monde\u00a0; vous pourrez choisir<strong> entre les Montagnes Noires<\/strong> ou les<strong> Monts d&rsquo;Arr\u00e9e,<\/strong> connus comme \u00ab<strong><em>\u00a0le toit de la Bretagne\u00a0<\/em><\/strong>\u00bb. <\/span><\/p>\n<p><span lang=\"fr-FR\">Ces massifs montagneux vous permettront de <strong>connecter avec la paix<\/strong> que vous offre l\u2019immensit\u00e9 de la nature, ainsi que parcourir de nombreux <strong>sentiers de randonn\u00e9es<\/strong> qui se trouveront \u00e0 vos pieds. <\/span><\/p>\n<h2><strong><span lang=\"fr-FR\">Terre de mythes et l\u00e9gendes<\/span><\/strong><\/h2>\n<div id=\"attachment_9235\" style=\"width: 809px\" class=\"wp-caption aligncenter\"><img aria-describedby=\"caption-attachment-9235\" loading=\"lazy\" class=\"size-full wp-image-9235\" src=\"https:\/\/www.gites.net\/blog\/wp-content\/emp\/blogcasas\/2021\/02\/Karvindo-FLICKR.jpg\" alt=\"Karvindo-FLICKR\" width=\"799\" height=\"533\" srcset=\"https:\/\/www.gites.net\/blog\/wp-content\/emp\/blogcasas\/2021\/02\/Karvindo-FLICKR.jpg 799w, https:\/\/www.gites.net\/blog\/wp-content\/emp\/blogcasas\/2021\/02\/Karvindo-FLICKR-300x200.jpg 300w, https:\/\/www.gites.net\/blog\/wp-content\/emp\/blogcasas\/2021\/02\/Karvindo-FLICKR-768x512.jpg 768w, https:\/\/www.gites.net\/blog\/wp-content\/emp\/blogcasas\/2021\/02\/Karvindo-FLICKR-320x213.jpg 320w\" sizes=\"(max-width: 799px) 100vw, 799px\" \/><p id=\"caption-attachment-9235\" class=\"wp-caption-text\">Karvindo-FLICKR<\/p><\/div>\n<p><span lang=\"fr-FR\">Bien que la Bretagne est<strong> tr\u00e8s marqu\u00e9e par l\u2019histoire<\/strong>, c\u2019est aussi une terre qui abrite<strong> beaucoup de l\u00e9gendes<\/strong>, et parfois, toutes deux se m\u00e9langent. Situ\u00e9s \u00e0 proximit\u00e9 du<strong> golfe du <\/strong><\/span><span lang=\"fr-FR\"><strong>Morbihan<\/strong>, se trouvent les alignements de <strong>Carnac<\/strong>, un ensemble de <strong>menhirs<\/strong> qui datent du <strong>N\u00e9olithique<\/strong>, qui forment des lignes de plus de 4 km et qui constituent un des plus grands <strong>monuments pr\u00e9historiques<\/strong> du monde. <\/span><\/p>\n<p><span lang=\"fr-FR\">Derri\u00e8re l\u2019importance historique de<strong> ce site m\u00e9galithique<\/strong> se cachent des th\u00e9ories tr\u00e8s folles sur sa pr\u00e9sence, comme quoi il s\u2019agirait du<strong> fossile d\u2019un serpent<\/strong>, de tombaux ou d\u2019une mani\u00e8re d\u2019\u00eatre vus par les Dieux. <\/span><\/p>\n<p><span lang=\"fr-FR\">Un autre point sur la carte o\u00f9 se concentrent<strong> les mythes<\/strong>, se situe dans le d\u00e9partement d&rsquo;Ille-et-Vilaine\u00a0: la <strong>for\u00eat de Broc\u00e9liande.<\/strong> Ses 8 000 hectares sont<strong> pleines d\u2019histoires arthuriennes<\/strong> comme celle de <strong>Merlin<\/strong> l\u2019enchanteur et de la f\u00e9e Viviane, qui selon la l\u00e9gende, y sont enterr\u00e9s. <\/span><\/p>\n<p><span lang=\"fr-FR\">Il est aussi dit que la for\u00eat est le si\u00e8ge de divers<strong> sites surnaturels<\/strong> comme est le cas de la<strong> fontaine de Jouvence<\/strong> et ses eaux \u00e0 propri\u00e9t\u00e9s magiques ou<strong> l\u2019\u00e9tang du Miroir aux f\u00e9es<\/strong> qui serait habit\u00e9 par des f\u00e9es et surtout, la porte vers un autre monde.<\/span><\/p>\n<h2><strong><span lang=\"fr-FR\">Pour les plus petits<\/span><\/strong><\/h2>\n<div id=\"attachment_9236\" style=\"width: 810px\" class=\"wp-caption aligncenter\"><img aria-describedby=\"caption-attachment-9236\" loading=\"lazy\" class=\"size-full wp-image-9236\" src=\"https:\/\/www.gites.net\/blog\/wp-content\/emp\/blogcasas\/2021\/02\/Chiara-FLICKR.jpg\" alt=\"Chiara-FLICKR\" width=\"800\" height=\"600\" srcset=\"https:\/\/www.gites.net\/blog\/wp-content\/emp\/blogcasas\/2021\/02\/Chiara-FLICKR.jpg 800w, https:\/\/www.gites.net\/blog\/wp-content\/emp\/blogcasas\/2021\/02\/Chiara-FLICKR-300x225.jpg 300w, https:\/\/www.gites.net\/blog\/wp-content\/emp\/blogcasas\/2021\/02\/Chiara-FLICKR-768x576.jpg 768w, https:\/\/www.gites.net\/blog\/wp-content\/emp\/blogcasas\/2021\/02\/Chiara-FLICKR-156x117.jpg 156w\" sizes=\"(max-width: 800px) 100vw, 800px\" \/><p id=\"caption-attachment-9236\" class=\"wp-caption-text\">Chiara-FLICKR<\/p><\/div>\n<p><span lang=\"fr-FR\">Bretagne vous offre \u00e9galement des<strong> options pour que les plus petits<\/strong> de la famille profitent de leur voyage, m\u00e9langeant l\u2019apprentissage et l\u2019amusement, en plongeant au<strong> c\u0153ur du monde marin.<\/strong><\/span><\/p>\n<p><span lang=\"fr-FR\">\u00c0 Brest, <strong>Oc\u00e9anopolis<\/strong>,<strong> l\u2019un des plus grands et plus beaux<\/strong> aquariums de France, est un parc de d\u00e9couverte o\u00f9 travaillent 60% des chercheurs et oc\u00e9anographes fran\u00e7ais. Vous pourrez d\u00e9couvrir de<strong> nombreuses esp\u00e8ces<\/strong> de la faune marine, dont <strong>7 esp\u00e8ces de requins,<\/strong> des poissons, des mammif\u00e8res\u2026 Tous s\u00e9par\u00e9s dans 3<strong> pavillons et 77 aquariums<\/strong>, qui constituent les diff\u00e9rents espaces marins gr\u00e2ce \u00e0 ses <strong>9.000 m2 de surface d\u2019exposition.<\/strong><\/span><\/p>\n<p><span lang=\"fr-FR\"> Sinon, <strong>227 km \u00e0 l\u2019est,<\/strong> se trouve le <strong>Grand Aquarium de Saint-Malo<\/strong> ouvert depuis 1996, qui abrite pr\u00e8s de 11000 d\u2019animaux marins. Vous aurez aussi la possibilit\u00e9 de profiter d\u2019une <strong>exp\u00e9rience sensorielle<\/strong> dans son <strong>bassin tactile<\/strong> ou d\u2019une vraie<strong> immersion dans les profondeurs<\/strong> \u00e0 l\u2019int\u00e9rieur de leur sous-marin Nautibus. <\/span><\/p>\n<p><em><span lang=\"fr-FR\">Pr\u00eats \u00e0 <strong>conna\u00eetre les secrets du monde aquatique<\/strong> et ses esp\u00e8ces marines les plus impressionnantes?<\/span><\/em><\/p>\n<h2><strong><span lang=\"fr-FR\">Diversit\u00e9 de saveurs<\/span><\/strong><\/h2>\n<div id=\"attachment_9237\" style=\"width: 810px\" class=\"wp-caption aligncenter\"><img aria-describedby=\"caption-attachment-9237\" loading=\"lazy\" class=\"size-full wp-image-9237\" src=\"https:\/\/www.gites.net\/blog\/wp-content\/emp\/blogcasas\/2021\/02\/Chloe-Lim-FLICKR.jpg\" alt=\"Chloe Lim-FLICKR\" width=\"800\" height=\"555\" srcset=\"https:\/\/www.gites.net\/blog\/wp-content\/emp\/blogcasas\/2021\/02\/Chloe-Lim-FLICKR.jpg 800w, https:\/\/www.gites.net\/blog\/wp-content\/emp\/blogcasas\/2021\/02\/Chloe-Lim-FLICKR-300x208.jpg 300w, https:\/\/www.gites.net\/blog\/wp-content\/emp\/blogcasas\/2021\/02\/Chloe-Lim-FLICKR-768x533.jpg 768w\" sizes=\"(max-width: 800px) 100vw, 800px\" \/><p id=\"caption-attachment-9237\" class=\"wp-caption-text\">Chloe Lim-FLICKR<\/p><\/div>\n<p><span lang=\"fr-FR\">Avant de partir, nous ne pouvions faire autre chose que <strong>manger<\/strong>, <strong>d\u00e9guster les sp\u00e9cialit\u00e9s de cette r\u00e9gion<\/strong> qui poss\u00e8de une grande<strong> vari\u00e9t\u00e9 de plats,<\/strong> tr\u00e8s diff\u00e9rents entre eux, mais tous \u00e0 s\u2019en l\u00e9cher les doigts. <\/span><\/p>\n<p><span lang=\"fr-FR\">L\u2019emplacement de la Bretagne lui offre une <strong>grande quantit\u00e9 de recettes<\/strong> marqu\u00e9es par les<strong> produits de la mer<\/strong>, \u00e0 vrai dire, c\u2019est la premi\u00e8re r\u00e9gion fran\u00e7aise de p\u00eache. Mais calme, amoureux de la viande, c\u2019est aussi la premi\u00e8re quand on parle de<strong> l\u2019\u00e9levage de porcs,<\/strong> donc en plus de la cotriade ou des plateaux de<strong> fruits de mer,<\/strong> vous pourrez aussi vous r\u00e9galez avec<strong> un kig-ha-farz,<\/strong> la version bretonne du pot-au-feu. <\/span><\/p>\n<p><span lang=\"fr-FR\">Bien s\u00fbr, il faut mentionner un des <strong>symboles de la cuisine<\/strong> bretonne, et fran\u00e7aise\u00a0: la fameuse <strong>cr\u00eape ou galette,<\/strong> qui peut se mange<strong>r seule ou remplie de divers ingr\u00e9dients,<\/strong> sucr\u00e9es ou sal\u00e9es, selon vos gouts. Pour accompagner le tout et bien faire la digestion, commandez un<strong> verre de cidre ou de chouchen.<\/strong> <\/span><\/p>\n<p><span lang=\"fr-FR\">Et si vous ne voulez pas oublier les saveurs de la Bretagne une fois \u00e0 la maison, emportez un ou deux<strong> sachets de caramels au beurre sal\u00e9.<\/strong> <\/span><\/p>\n<p><span lang=\"fr-FR\">Bonne chance en essayant de <strong><em>ne pas les manger tous en une journ\u00e9e\u00a0!<\/em><\/strong><\/span><\/p>\n","protected":false},"excerpt":{"rendered":"<p>C\u00f4tes-d&rsquo;Armor, Finist\u00e8re, Ille-et-Vilaine ou Morbihan, peu n\u2019importe lequel de ces d\u00e9partements vous avez choisi pour passer vos jours de cong\u00e9s, Bretagne est une r\u00e9gion qui ne manque pas de choses \u00e0 voir et \u00e0 faire. Cette r\u00e9gion du nord-ouest de&hellip; <br \/><a class=\"read-more-button\" href=\"https:\/\/www.gites.net\/blog\/les-incontournables-de-bretagne\">Savoir plus<\/a><\/p>\n","protected":false},"author":8,"featured_media":9238,"comment_status":"open","ping_status":"open","sticky":false,"template":"","format":"standard","meta":[],"categories":[8],"tags":[103],"_links":{"self":[{"href":"https:\/\/www.gites.net\/blog\/wp-json\/wp\/v2\/posts\/9230"}],"collection":[{"href":"https:\/\/www.gites.net\/blog\/wp-json\/wp\/v2\/posts"}],"about":[{"href":"https:\/\/www.gites.net\/blog\/wp-json\/wp\/v2\/types\/post"}],"author":[{"embeddable":true,"href":"https:\/\/www.gites.net\/blog\/wp-json\/wp\/v2\/users\/8"}],"replies":[{"embeddable":true,"href":"https:\/\/www.gites.net\/blog\/wp-json\/wp\/v2\/comments?post=9230"}],"version-history":[{"count":3,"href":"https:\/\/www.gites.net\/blog\/wp-json\/wp\/v2\/posts\/9230\/revisions"}],"predecessor-version":[{"id":9239,"href":"https:\/\/www.gites.net\/blog\/wp-json\/wp\/v2\/posts\/9230\/revisions\/9239"}],"wp:featuredmedia":[{"embeddable":true,"href":"https:\/\/www.gites.net\/blog\/wp-json\/wp\/v2\/media\/9238"}],"wp:attachment":[{"href":"https:\/\/www.gites.net\/blog\/wp-json\/wp\/v2\/media?parent=9230"}],"wp:term":[{"taxonomy":"category","embeddable":true,"href":"https:\/\/www.gites.net\/blog\/wp-json\/wp\/v2\/categories?post=9230"},{"taxonomy":"post_tag","embeddable":true,"href":"https:\/\/www.gites.net\/blog\/wp-json\/wp\/v2\/tags?post=9230"}],"curies":[{"name":"wp","href":"https:\/\/api.w.org\/{rel}","templated":true}]}}