
{"id":9220,"date":"2021-02-09T10:09:54","date_gmt":"2021-02-09T10:09:54","guid":{"rendered":"https:\/\/www.gites.net\/blog\/?p=9220"},"modified":"2021-02-09T10:10:02","modified_gmt":"2021-02-09T10:10:02","slug":"les-constructions-francaises-les-plus-etonantes","status":"publish","type":"post","link":"https:\/\/www.gites.net\/blog\/les-constructions-francaises-les-plus-etonantes","title":{"rendered":"Les constructions fran\u00e7aises les plus \u00e9tonantes"},"content":{"rendered":"<p><span lang=\"fr-FR\">\u00ab<strong><em>\u00a0<\/em><\/strong><\/span><span lang=\"fr-FR\"><strong><em>Le monde de la r\u00e9alit\u00e9 a ses limites ; le monde de l\u2019imagination est sans fronti\u00e8res\u00a0<\/em><\/strong>\u00bb. Certaines personnes prennent cette citation du Dr. Seuss<\/span><span lang=\"fr-FR\">, pseudonyme de l\u2019\u00e9crivain et dessinateur am\u00e9ricain <strong>Theodor Seuss Geisel<\/strong>, un peu trop au pied de la lettre. <\/span><\/p>\n<p><span lang=\"fr-FR\">C\u2019est le cas d\u2019un <strong>tr\u00e8s grand nombre d\u2019architectes<\/strong> du monde entier, et sinon il ne vous faut qu\u2019\u00e0 rechercher des images du <\/span><span lang=\"fr-FR\"><strong>Temple du Lotus<\/strong> en Inde, La <strong>Maison Tordue<\/strong> en Pologne ou <\/span><span lang=\"fr-FR\"><strong>The Piano House<\/strong> en Chine sur Google. <\/span><\/p>\n<p><span lang=\"fr-FR\">Ce sont des <strong>constructions assez folles,<\/strong> <em>pas vrai\u00a0?<\/em> Bien s\u00fbr, comme nous nous y attendions, <strong>en France<\/strong> nous ne manquons pas de <strong>constructions aussi \u00e9tonnantes<\/strong> et insolites que celles-ci. <\/span><\/p>\n<p><span lang=\"fr-FR\"><strong><em>Allons faire un tour pour en d\u00e9couvrir quelques-unes\u00a0!<\/em><\/strong><\/span><\/p>\n<h2><strong><span lang=\"fr-FR\">Palais Id\u00e9al du Facteur Cheval<\/span><\/strong><\/h2>\n<div id=\"attachment_9226\" style=\"width: 809px\" class=\"wp-caption aligncenter\"><img aria-describedby=\"caption-attachment-9226\" loading=\"lazy\" class=\"size-full wp-image-9226\" src=\"https:\/\/www.gites.net\/blog\/wp-content\/emp\/blogcasas\/2021\/02\/Jeanne-Menjoulet-FLICKR.jpg\" alt=\"Jeanne Menjoulet-FLICKR\" width=\"799\" height=\"533\" srcset=\"https:\/\/www.gites.net\/blog\/wp-content\/emp\/blogcasas\/2021\/02\/Jeanne-Menjoulet-FLICKR.jpg 799w, https:\/\/www.gites.net\/blog\/wp-content\/emp\/blogcasas\/2021\/02\/Jeanne-Menjoulet-FLICKR-300x200.jpg 300w, https:\/\/www.gites.net\/blog\/wp-content\/emp\/blogcasas\/2021\/02\/Jeanne-Menjoulet-FLICKR-768x512.jpg 768w, https:\/\/www.gites.net\/blog\/wp-content\/emp\/blogcasas\/2021\/02\/Jeanne-Menjoulet-FLICKR-320x213.jpg 320w\" sizes=\"(max-width: 799px) 100vw, 799px\" \/><p id=\"caption-attachment-9226\" class=\"wp-caption-text\">Jeanne Menjoulet-FLICKR<\/p><\/div>\n<p><span lang=\"fr-FR\">Cet<strong> insolite palais<\/strong> se trouve dans le <strong><a href=\"https:\/\/www.gites.net\/gites\/drome\">d\u00e9partement de Dr\u00f4me<\/a><\/strong> et l\u2019histoire de sa construction vous laissera bouche b\u00e9e. Il s\u2019agit d\u2019un monument qui est compl\u00e8tement<strong> construit avec des pierres<\/strong> et d\u00e9cor\u00e9 avec des <strong>statues d\u2019animaux<\/strong>, aussi faites en pierre. <\/span><\/p>\n<p><span lang=\"fr-FR\">Jusqu\u2019ici rien de trop \u00e9tonnant, la v\u00e9ritable <strong>curiosit\u00e9<\/strong> de ce monument vient quand nous parlons de son constructeur\u00a0: le <strong>facteur Ferdinand Cheval.<\/strong> <\/span><span lang=\"fr-FR\">En 1879, \u00e2g\u00e9 de 43 ans, il a commenc\u00e9 \u00e0 le construire pour l\u2019achever <strong>33 ann\u00e9es apr\u00e8s<\/strong>, et il l\u2019a<strong> fait tout seul\u00a0!<\/strong> <\/span><\/p>\n<p><span lang=\"fr-FR\">Aujourd\u2019hui son chef-d\u2019\u0153uvre est class\u00e9 <strong>Monument historique<\/strong> et c\u2019est l\u2019un des sites touristiques les plus importants de la r\u00e9gion. <strong>L\u2019histoire<\/strong> de ce palais est tellement curieuse qu\u2019elle a m\u00eame fait<strong> l\u2019objet d\u2019un film<\/strong> de Nils Tavernier\u00a0: \u00ab<strong><em>\u00a0L&rsquo;Incroyable Histoire du facteur Cheval\u00a0\u00bb.<\/em><\/strong><\/span><\/p>\n<h2><strong><span lang=\"fr-FR\">Four solaire d\u2019Odeillo<\/span><\/strong><\/h2>\n<div id=\"attachment_9225\" style=\"width: 809px\" class=\"wp-caption aligncenter\"><img aria-describedby=\"caption-attachment-9225\" loading=\"lazy\" class=\"size-full wp-image-9225\" src=\"https:\/\/www.gites.net\/blog\/wp-content\/emp\/blogcasas\/2021\/02\/Daggett.fr-FLICKR.jpg\" alt=\"Daggett.fr-FLICKR\" width=\"799\" height=\"533\" srcset=\"https:\/\/www.gites.net\/blog\/wp-content\/emp\/blogcasas\/2021\/02\/Daggett.fr-FLICKR.jpg 799w, https:\/\/www.gites.net\/blog\/wp-content\/emp\/blogcasas\/2021\/02\/Daggett.fr-FLICKR-300x200.jpg 300w, https:\/\/www.gites.net\/blog\/wp-content\/emp\/blogcasas\/2021\/02\/Daggett.fr-FLICKR-768x512.jpg 768w, https:\/\/www.gites.net\/blog\/wp-content\/emp\/blogcasas\/2021\/02\/Daggett.fr-FLICKR-320x213.jpg 320w\" sizes=\"(max-width: 799px) 100vw, 799px\" \/><p id=\"caption-attachment-9225\" class=\"wp-caption-text\">Daggett.fr-FLICKR<\/p><\/div>\n<p><span lang=\"fr-FR\">Malheureusement il <strong>n\u2019est plus possible de visiter l\u2019int\u00e9rieur<\/strong> de ce site depuis 2017, mais ce qui nous int\u00e9resse vraiment c\u2019est <strong>sa structure<\/strong>, que nous pouvons parfaitement voir de dehors. <\/span><\/p>\n<p><span lang=\"fr-FR\">Le <strong>Four solaire d\u2019Odeillo<\/strong>, l\u2019un des <strong>plus grands au monde<\/strong>, est un centre de recherche sur <strong>l\u2019\u00e9nergie solaire<\/strong> situ\u00e9 dans la commune de <strong><a href=\"https:\/\/www.gites.net\/gites\/pyrenees-orientales\/font-romeu-odeillo-via\">Font-Romeu-Odeillo-Via<\/a><\/strong>. <\/span><\/p>\n<p><span lang=\"fr-FR\">Son aspect est on ne peut plus impressionnant, il mesure <strong>54 m\u00e8tres de haut et 48 de large<\/strong> et il pr\u00e9sente une particularit\u00e9 assez \u00e9vidente\u00a0: le dit \u00ab<strong><em>\u00a0mur Trombe\u00a0<\/em><\/strong>\u00bb est compos\u00e9 de<strong> 63 h\u00e9liostats<\/strong> (miroirs) en forme de parabole. Ils fonctionnent selon le principe de la concentration des rayons de soleil et peu<strong>t atteindre l\u2019\u00e9nergie \u00e9quivalente \u00e0 \u00ab\u00a010.000 soleils\u00a0\u00bb<\/strong>, ce qui lui permet d\u2019atteindre des temp\u00e9ratures de jusqu\u2019\u00e0 3500\u00b0C.<\/span><\/p>\n<h2><strong><span lang=\"fr-FR\">Z\u00e9nith Strasbourg Europe<\/span><\/strong><\/h2>\n<div id=\"attachment_9224\" style=\"width: 810px\" class=\"wp-caption aligncenter\"><img aria-describedby=\"caption-attachment-9224\" loading=\"lazy\" class=\"size-full wp-image-9224\" src=\"https:\/\/www.gites.net\/blog\/wp-content\/emp\/blogcasas\/2021\/02\/Randalfino-FLICKR.jpg\" alt=\"Randalfino-FLICKR\" width=\"800\" height=\"536\" srcset=\"https:\/\/www.gites.net\/blog\/wp-content\/emp\/blogcasas\/2021\/02\/Randalfino-FLICKR.jpg 800w, https:\/\/www.gites.net\/blog\/wp-content\/emp\/blogcasas\/2021\/02\/Randalfino-FLICKR-300x201.jpg 300w, https:\/\/www.gites.net\/blog\/wp-content\/emp\/blogcasas\/2021\/02\/Randalfino-FLICKR-768x515.jpg 768w, https:\/\/www.gites.net\/blog\/wp-content\/emp\/blogcasas\/2021\/02\/Randalfino-FLICKR-320x213.jpg 320w\" sizes=\"(max-width: 800px) 100vw, 800px\" \/><p id=\"caption-attachment-9224\" class=\"wp-caption-text\">Randalfino-FLICKR<\/p><\/div>\n<p><span lang=\"fr-FR\">Nous passons maintenant d\u2019un chef-d\u2019\u0153uvre \u00e0 une construction qui est <strong>destin\u00e9e \u00e0 recevoir de nombreuses \u0153uvres d\u2019art,<\/strong> une salle de spectacle <strong><a href=\"https:\/\/www.gites.net\/gites\/bas-rhin\/eckbolsheim\">plac\u00e9e \u00e0 Eckbolsheim<\/a><\/strong>, Bas-Rhin. <\/span><\/p>\n<p><span lang=\"fr-FR\">Le <strong>Z\u00e9nith Strasbourg Europe<\/strong> a d\u00e9j\u00e0 re\u00e7u entre ses murs<strong> plus de 1 500 artistes<\/strong> et il a la capacit\u00e9 d\u2019accueillir jusqu\u2019\u00e0 <strong>12.079 spectateurs<\/strong>, mais concentrons-nous sur ses caract\u00e9ristiques. Son aspect provoque un grand impact visuel et entre nous, il ressemble \u00e0 un<strong> \u00e9norme lampion orange\u00a0! <\/strong><\/span><\/p>\n<p><span lang=\"fr-FR\">Il est compl\u00e8tement construit avec des <strong>mat\u00e9riaux durables et recyclables<\/strong> et dispose d\u2019une salle modulable qui peut atteindre 16 m de haut. Il est en plus recouvert par une coque en b\u00e9ton avec une<strong> toile translucide<\/strong> de <strong>12.000 m2<\/strong> qui sert \u00e0 c<strong>apter la lumi\u00e8re et \u00e0 la renvoyer pendant la nuit.<\/strong><\/span><\/p>\n<h2><strong><span lang=\"fr-FR\">Le Centre Pompidou<\/span><\/strong><\/h2>\n<div id=\"attachment_9223\" style=\"width: 810px\" class=\"wp-caption aligncenter\"><img aria-describedby=\"caption-attachment-9223\" loading=\"lazy\" class=\"size-full wp-image-9223\" src=\"https:\/\/www.gites.net\/blog\/wp-content\/emp\/blogcasas\/2021\/02\/Manuel-Farnlacher-FLICKR.jpg\" alt=\"Manuel Farnlacher-FLICKR\" width=\"800\" height=\"536\" srcset=\"https:\/\/www.gites.net\/blog\/wp-content\/emp\/blogcasas\/2021\/02\/Manuel-Farnlacher-FLICKR.jpg 800w, https:\/\/www.gites.net\/blog\/wp-content\/emp\/blogcasas\/2021\/02\/Manuel-Farnlacher-FLICKR-300x201.jpg 300w, https:\/\/www.gites.net\/blog\/wp-content\/emp\/blogcasas\/2021\/02\/Manuel-Farnlacher-FLICKR-768x515.jpg 768w, https:\/\/www.gites.net\/blog\/wp-content\/emp\/blogcasas\/2021\/02\/Manuel-Farnlacher-FLICKR-320x213.jpg 320w\" sizes=\"(max-width: 800px) 100vw, 800px\" \/><p id=\"caption-attachment-9223\" class=\"wp-caption-text\">Manuel Farnlacher-FLICKR<\/p><\/div>\n<p><span lang=\"fr-FR\">Jetons un coup d\u2019\u0153il dans le <strong><a href=\"https:\/\/www.gites.net\/gites\/ile-de-france\">4\u00e8me arrondissement de\u00a0Paris<\/a><\/strong>, le <strong>quartier Saint-Merri,<\/strong> o\u00f9 se trouve le centre national d\u2019art et de culture Georges-Pompidou, commun\u00e9ment connu sou le nom de<strong> Centre Pompidou.<\/strong> <\/span><\/p>\n<p><span lang=\"fr-FR\">Celui-ci abrite le<strong> mus\u00e9e national d&rsquo;Art moderne<\/strong> ainsi que des salles de cin\u00e9ma, de spectacles, des galeries d&rsquo;expositions, des activit\u00e9s \u00e9ducatives et m\u00eame une <strong>biblioth\u00e8que<\/strong> publique. <\/span><\/p>\n<p><span lang=\"fr-FR\">Sa construction est le r\u00e9sultat de la volont\u00e9 du <strong>pr\u00e9sident qui lui donne nom<\/strong>, un grand amateur de l\u2019art, des architectes\u00a0Renzo Piano,\u00a0Richard Rogers, et\u00a0Gianfranco Franchini et de l&rsquo;ing\u00e9nieur Edmund Happold. <\/span><\/p>\n<p><span lang=\"fr-FR\">Parfois qualifi\u00e9 \u00ab<strong><em>\u00a0Notre-Dame de la Tuyauterie\u00a0<\/em><\/strong>\u00bb, il se distingue par son<strong> originale architecture ext\u00e9rieure<\/strong>, qui est compos\u00e9e de structures en acier, \u00e9l\u00e9ments fonctionnels visibles et une <strong>multitude de couleurs.<\/strong><\/span><\/p>\n<h2><strong><span lang=\"fr-FR\">Fondation Louis Vuitton<\/span><\/strong><\/h2>\n<div id=\"attachment_9222\" style=\"width: 810px\" class=\"wp-caption aligncenter\"><img aria-describedby=\"caption-attachment-9222\" loading=\"lazy\" class=\"size-full wp-image-9222\" src=\"https:\/\/www.gites.net\/blog\/wp-content\/emp\/blogcasas\/2021\/02\/Ninara-FLICKR.jpg\" alt=\"Ninara-FLICKR\" width=\"800\" height=\"430\" srcset=\"https:\/\/www.gites.net\/blog\/wp-content\/emp\/blogcasas\/2021\/02\/Ninara-FLICKR.jpg 800w, https:\/\/www.gites.net\/blog\/wp-content\/emp\/blogcasas\/2021\/02\/Ninara-FLICKR-300x161.jpg 300w, https:\/\/www.gites.net\/blog\/wp-content\/emp\/blogcasas\/2021\/02\/Ninara-FLICKR-768x413.jpg 768w\" sizes=\"(max-width: 800px) 100vw, 800px\" \/><p id=\"caption-attachment-9222\" class=\"wp-caption-text\">Ninara-FLICKR<\/p><\/div>\n<p><span lang=\"fr-FR\">Pour le moment, nous restons \u00e0 Paris, 9 km \u00e0 l\u2019ouest, direction <strong>Bois de Boulogne,<\/strong> o\u00f9 se situe la <strong>Fondation Louis Vuitton.<\/strong> <\/span><\/p>\n<p><span lang=\"fr-FR\">Contrairement \u00e0 ce pourrait laisser penser son c\u00e9l\u00e8bre nom,<\/span> <span lang=\"fr-FR\">il ne s\u2019agit pas d\u2019une fondation d\u00e9di\u00e9e au monde de la mode, mais un <strong>mus\u00e9e qui abrite un auditorium<\/strong> et des expositions, permanentes et temporaires, <strong>d\u2019art contemporain.<\/strong> <\/span><\/p>\n<p><span lang=\"fr-FR\">Bien que le b\u00e2timent lui-m\u00eame<strong> peut \u00eatre consid\u00e9r\u00e9 comme une \u0153uvre d\u2019art,<\/strong> sa structure m\u00e9rite d\u2019\u00eatre examin\u00e9e un instant. Son impressionnante architecture en forme de voilier, de <strong>pr\u00e8s de 46 m de haut,<\/strong> contient rien de plus et rien de moins que 1<strong>3.500 m2 de voiles de verre,<\/strong> incroyable, non\u00a0? <\/span><\/p>\n<p><span lang=\"fr-FR\">Toute cette merveille<strong> con\u00e7ue par l&rsquo;architecte Frank Gehry<\/strong> a commenc\u00e9 en n\u2019\u00e9tant qu\u2019une esquisse sur la page d\u2019un carnet, qui ressemble un peu \u00e0 un gribouillage.<\/span><\/p>\n<p><span lang=\"fr-FR\">D\u2019apr\u00e8s vous, <strong><em>laquelle de ces constructions est la plus impressionnante ?<\/em><\/strong><\/span><\/p>\n","protected":false},"excerpt":{"rendered":"<p>\u00ab\u00a0Le monde de la r\u00e9alit\u00e9 a ses limites ; le monde de l\u2019imagination est sans fronti\u00e8res\u00a0\u00bb. Certaines personnes prennent cette citation du Dr. Seuss, pseudonyme de l\u2019\u00e9crivain et dessinateur am\u00e9ricain Theodor Seuss Geisel, un peu trop au pied de la&hellip; <br \/><a class=\"read-more-button\" href=\"https:\/\/www.gites.net\/blog\/les-constructions-francaises-les-plus-etonantes\">Savoir plus<\/a><\/p>\n","protected":false},"author":8,"featured_media":9229,"comment_status":"open","ping_status":"open","sticky":false,"template":"","format":"standard","meta":[],"categories":[8],"tags":[],"_links":{"self":[{"href":"https:\/\/www.gites.net\/blog\/wp-json\/wp\/v2\/posts\/9220"}],"collection":[{"href":"https:\/\/www.gites.net\/blog\/wp-json\/wp\/v2\/posts"}],"about":[{"href":"https:\/\/www.gites.net\/blog\/wp-json\/wp\/v2\/types\/post"}],"author":[{"embeddable":true,"href":"https:\/\/www.gites.net\/blog\/wp-json\/wp\/v2\/users\/8"}],"replies":[{"embeddable":true,"href":"https:\/\/www.gites.net\/blog\/wp-json\/wp\/v2\/comments?post=9220"}],"version-history":[{"count":2,"href":"https:\/\/www.gites.net\/blog\/wp-json\/wp\/v2\/posts\/9220\/revisions"}],"predecessor-version":[{"id":9228,"href":"https:\/\/www.gites.net\/blog\/wp-json\/wp\/v2\/posts\/9220\/revisions\/9228"}],"wp:featuredmedia":[{"embeddable":true,"href":"https:\/\/www.gites.net\/blog\/wp-json\/wp\/v2\/media\/9229"}],"wp:attachment":[{"href":"https:\/\/www.gites.net\/blog\/wp-json\/wp\/v2\/media?parent=9220"}],"wp:term":[{"taxonomy":"category","embeddable":true,"href":"https:\/\/www.gites.net\/blog\/wp-json\/wp\/v2\/categories?post=9220"},{"taxonomy":"post_tag","embeddable":true,"href":"https:\/\/www.gites.net\/blog\/wp-json\/wp\/v2\/tags?post=9220"}],"curies":[{"name":"wp","href":"https:\/\/api.w.org\/{rel}","templated":true}]}}