
{"id":9211,"date":"2021-02-04T16:43:31","date_gmt":"2021-02-04T16:43:31","guid":{"rendered":"https:\/\/www.gites.net\/blog\/?p=9211"},"modified":"2021-02-04T16:44:02","modified_gmt":"2021-02-04T16:44:02","slug":"decouvrir-la-bourgogne-franche-comte","status":"publish","type":"post","link":"https:\/\/www.gites.net\/blog\/decouvrir-la-bourgogne-franche-comte","title":{"rendered":"D\u00e9couvrir la Bourgogne-Franche-Comt\u00e9"},"content":{"rendered":"<p><span lang=\"fr-FR\">Les vacances sont arriv\u00e9es et vous avez choisi de<strong> visiter l\u2019un des 8 d\u00e9partements<\/strong> de la r\u00e9gion de <strong>Bourgogne-Franche-Comt\u00e9. <\/strong><\/span><\/p>\n<p><span lang=\"fr-FR\">Vous \u00eates sur le point de conna\u00eetre une r\u00e9gion qui est une des <strong>pr\u00e9f\u00e9r\u00e9s par les amateurs de la gastronomie<\/strong> et du bon vin. Elle abrite aussi un patrimoine naturel, culturel et architectural tr\u00e8s riche, de fait, il s\u2019agit de la r\u00e9gion fran\u00e7aise qui poss\u00e8de le plus de sites class\u00e9s au<strong> patrimoine mondial de l\u2019UNESCO. <\/strong><\/span><\/p>\n<p><span lang=\"fr-FR\">Si vous n\u2019\u00eates pas encore convaincu, accompagnez-nous d\u00e9couvrir la <strong><a href=\"https:\/\/www.gites.net\/gites\/bourgogne\">Bourgogne-Franche-Comt\u00e9<\/a><\/strong>, une<em><strong> terre d\u2019histoire et de tradition\u00a0!<\/strong><\/em><\/span><\/p>\n<h2><strong><span lang=\"fr-FR\">Cuisine bourguignonne, cuisine traditionnelle<\/span><\/strong><\/h2>\n<div id=\"attachment_9213\" style=\"width: 810px\" class=\"wp-caption aligncenter\"><img aria-describedby=\"caption-attachment-9213\" loading=\"lazy\" class=\"size-full wp-image-9213\" src=\"https:\/\/www.gites.net\/blog\/wp-content\/emp\/blogcasas\/2021\/02\/PATRICK-BLEHAUT-FLICKR.jpg\" alt=\"PATRICK BLEHAUT-FLICKR\" width=\"800\" height=\"449\" srcset=\"https:\/\/www.gites.net\/blog\/wp-content\/emp\/blogcasas\/2021\/02\/PATRICK-BLEHAUT-FLICKR.jpg 800w, https:\/\/www.gites.net\/blog\/wp-content\/emp\/blogcasas\/2021\/02\/PATRICK-BLEHAUT-FLICKR-300x168.jpg 300w, https:\/\/www.gites.net\/blog\/wp-content\/emp\/blogcasas\/2021\/02\/PATRICK-BLEHAUT-FLICKR-768x431.jpg 768w\" sizes=\"(max-width: 800px) 100vw, 800px\" \/><p id=\"caption-attachment-9213\" class=\"wp-caption-text\">PATRICK BLEHAUT-FLICKR<\/p><\/div>\n<p><span lang=\"fr-FR\">Il est compl\u00e8tement impensable de passer par ici et de ne pas profiter de la<strong> d\u00e9licieuse gastronomie<\/strong> que vous offre cette r\u00e9gion du centre-est de la France. <\/span><\/p>\n<p><span lang=\"fr-FR\">Ici se trouve<strong> l\u2019origine d\u2019un grand nombre des plats<\/strong> les plus typiques et connus dans le monde entier quand nous pensons \u00e0 la cuisine traditionnelle fran\u00e7ais. Qui ne s\u2019est jamais r\u00e9galer avec un<strong> b\u0153uf bourguignon,<\/strong> un <strong>coq au vin<\/strong> ou des escargots \u00e0 la bourguignonne, sans parler de la <strong>moutarde de Dijon<\/strong> qui se trouve s\u00fbrement dans tous les frigos fran\u00e7ais. <\/span><\/p>\n<p><span lang=\"fr-FR\">Celle-ci poss\u00e8de l\u2019indication g\u00e9ographique prot\u00e9g\u00e9e \u00ab<strong>\u2009Moutarde de Bourgogne<\/strong>\u2009\u00bb, qui indique <\/span><span lang=\"fr-FR\">son origine et sa qualit\u00e9\u00a0; de m\u00eame que tous les autres plats, qui sont pr\u00e9par\u00e9s avec les meilleurs produits de la r\u00e9gion.<\/span><\/p>\n<p>&nbsp;<\/p>\n<h2><strong><span lang=\"fr-FR\">Route des Grands Crus<\/span><\/strong><\/h2>\n<div id=\"attachment_9214\" style=\"width: 810px\" class=\"wp-caption aligncenter\"><img aria-describedby=\"caption-attachment-9214\" loading=\"lazy\" class=\"size-full wp-image-9214\" src=\"https:\/\/www.gites.net\/blog\/wp-content\/emp\/blogcasas\/2021\/02\/Anna-Michal-FLICKR.jpg\" alt=\"Anna &amp; Michal-FLICKR\" width=\"800\" height=\"531\" srcset=\"https:\/\/www.gites.net\/blog\/wp-content\/emp\/blogcasas\/2021\/02\/Anna-Michal-FLICKR.jpg 800w, https:\/\/www.gites.net\/blog\/wp-content\/emp\/blogcasas\/2021\/02\/Anna-Michal-FLICKR-300x199.jpg 300w, https:\/\/www.gites.net\/blog\/wp-content\/emp\/blogcasas\/2021\/02\/Anna-Michal-FLICKR-768x510.jpg 768w, https:\/\/www.gites.net\/blog\/wp-content\/emp\/blogcasas\/2021\/02\/Anna-Michal-FLICKR-320x213.jpg 320w\" sizes=\"(max-width: 800px) 100vw, 800px\" \/><p id=\"caption-attachment-9214\" class=\"wp-caption-text\">Anna &amp; Michal-FLICKR<\/p><\/div>\n<p><span lang=\"fr-FR\">Certains des plats que nous avons mentionn\u00e9s sont cuisin\u00e9s <strong>avec l\u2019un des ingr\u00e9dients les plus d\u00e9licieux<\/strong> et caract\u00e9ristiques de la Bourgogne-Franche-Comt\u00e9\u00a0: <strong>le vin. <\/strong><\/span><\/p>\n<p><span lang=\"fr-FR\">Bien que les amoureux du bon vin pr\u00e9f\u00e8rent s\u00fbrement le servir dans un verre pour pouvoir le d\u00e9guster et pouvoir bien appr\u00e9cier ses <strong>aromes et nuances<\/strong>. Eh bien, vos v\u0153ux sont exauc\u00e9s, cette r\u00e9gion abrite<strong> la plus ancienne route des vins<\/strong> de France\u00a0: \u00ab\u00a0<strong><em>La route des Grands Crus<\/em><\/strong>\u00a0\u00bb. <\/span><\/p>\n<p><span lang=\"fr-FR\">Peu importe si vous pr\u00e9f\u00e9rez le vin blanc ou rouge car la route, de 60 km de long, traverse plus de 30 villages viticoles, en passant par les vignobles et grands ch\u00e2teaux les plus prestigieux. Elle fait preuve de la richesse et la diversit\u00e9 des c\u00e9pages, dont 84 appellations d\u2019origines\u00a0!<\/span><\/p>\n<p>&nbsp;<\/p>\n<h2><strong><span lang=\"fr-FR\">Mus\u00e9e de l&rsquo;Aventure Peugeot<\/span><\/strong><\/h2>\n<div id=\"attachment_9215\" style=\"width: 810px\" class=\"wp-caption aligncenter\"><img aria-describedby=\"caption-attachment-9215\" loading=\"lazy\" class=\"size-full wp-image-9215\" src=\"https:\/\/www.gites.net\/blog\/wp-content\/emp\/blogcasas\/2021\/02\/Hussein-Alazaat-FLICKR.jpg\" alt=\"Hussein Alazaat-FLICKR\" width=\"800\" height=\"600\" srcset=\"https:\/\/www.gites.net\/blog\/wp-content\/emp\/blogcasas\/2021\/02\/Hussein-Alazaat-FLICKR.jpg 800w, https:\/\/www.gites.net\/blog\/wp-content\/emp\/blogcasas\/2021\/02\/Hussein-Alazaat-FLICKR-300x225.jpg 300w, https:\/\/www.gites.net\/blog\/wp-content\/emp\/blogcasas\/2021\/02\/Hussein-Alazaat-FLICKR-768x576.jpg 768w, https:\/\/www.gites.net\/blog\/wp-content\/emp\/blogcasas\/2021\/02\/Hussein-Alazaat-FLICKR-156x117.jpg 156w\" sizes=\"(max-width: 800px) 100vw, 800px\" \/><p id=\"caption-attachment-9215\" class=\"wp-caption-text\">Hussein Alazaat-FLICKR<\/p><\/div>\n<p><span lang=\"fr-FR\">Le calendrier<strong> marquait l\u2019an 1891<\/strong> quand les premi\u00e8res voitures Peugeot sont apparues sur le march\u00e9 automobile, et bien <strong>avant les voitures, vers 1810,<\/strong> la marque \u00e9tait d\u00e9j\u00e0 sur le march\u00e9 avec d\u2019autres nombreux produits tels que des moulins \u00e0 caf\u00e9, des <strong>machines \u00e0 coudre&#8230; <\/strong><\/span><\/p>\n<p><span lang=\"fr-FR\">Encore aujourd\u2019hui, <strong>plus de 200 ans apr\u00e8s, la mythique<\/strong> marque au lion est encore tr\u00e8s pr\u00e9sente dans notre vie. Venez d\u00e9couvrir les 2 si\u00e8cles de son histoire au <strong>Mus\u00e9e de l\u2019Aventure Peugeot<\/strong>, fond\u00e9 en 1988 par la famille Peugeot. <\/span><\/p>\n<p><span lang=\"fr-FR\">Vous y trouverez <strong>pr\u00e8s 3.000 objets de la marque<\/strong>, 450 v\u00e9hicules, 300 cycles et motocycles, entre autres, sur une surface d\u2019exposition de 8 000 m2, que<strong> 80.000 visiteurs<\/strong> parcourent chaque ann\u00e9e.<\/span><\/p>\n<p>&nbsp;<\/p>\n<h2><strong><span lang=\"fr-FR\">Visites en famille<\/span><\/strong><\/h2>\n<div id=\"attachment_9216\" style=\"width: 810px\" class=\"wp-caption aligncenter\"><img aria-describedby=\"caption-attachment-9216\" loading=\"lazy\" class=\"size-full wp-image-9216\" src=\"https:\/\/www.gites.net\/blog\/wp-content\/emp\/blogcasas\/2021\/02\/Gautier-Poupeau-FLICKR.jpg\" alt=\"Gautier Poupeau-FLICKR\" width=\"800\" height=\"532\" srcset=\"https:\/\/www.gites.net\/blog\/wp-content\/emp\/blogcasas\/2021\/02\/Gautier-Poupeau-FLICKR.jpg 800w, https:\/\/www.gites.net\/blog\/wp-content\/emp\/blogcasas\/2021\/02\/Gautier-Poupeau-FLICKR-300x200.jpg 300w, https:\/\/www.gites.net\/blog\/wp-content\/emp\/blogcasas\/2021\/02\/Gautier-Poupeau-FLICKR-768x511.jpg 768w, https:\/\/www.gites.net\/blog\/wp-content\/emp\/blogcasas\/2021\/02\/Gautier-Poupeau-FLICKR-320x213.jpg 320w\" sizes=\"(max-width: 800px) 100vw, 800px\" \/><p id=\"caption-attachment-9216\" class=\"wp-caption-text\">Gautier Poupeau-FLICKR<\/p><\/div>\n<p><span lang=\"fr-FR\">Si vous voyagez en famille, cette r\u00e9gion <strong>vous propose une grande diversit\u00e9 d\u2019activit\u00e9s<\/strong> et de parc o\u00f9 les plus petits comme les plus grands passeront un tr\u00e8s bon moment. <\/span><\/p>\n<p><span lang=\"fr-FR\">Pour les<strong> passionn\u00e9s d\u2019histoire,<\/strong> le <strong>Mus\u00e9oparc d&rsquo;Al\u00e9sia<\/strong> qui se trouve \u00e0 Alise-Sainte-Reine, vous permet de remonter dans le temps jusqu\u2019\u00e0<strong> l\u2019\u00e9poque de Jules C\u00e9sar<\/strong> et Vercing\u00e9torix gr\u00e2ce \u00e0 des d\u00e9monstrations en direct, une exp\u00e9rience tr\u00e8s enrichissante. <\/span><\/p>\n<p><span lang=\"fr-FR\">Sinon, d\u00e9couvrez l\u2019exposition du <strong>Mus\u00e9e du Jouet de Moirans-en-Montagne<\/strong> avec ses <strong>plus de 20.000 jouets<\/strong> et jeux provenant de diff\u00e9rentes parties du monde et avec pr\u00e8s de 5 000 ans d&rsquo;histoire. Vous retrouverez vos jouets d\u2019enfance et <strong>profiterez comme des enfants<\/strong> avec vos propres enfants.<\/span><\/p>\n<p>&nbsp;<\/p>\n<h2><strong><span lang=\"fr-FR\">Baume-les-Messieurs, un cadre naturel impressionnant<\/span><\/strong><\/h2>\n<div id=\"attachment_9217\" style=\"width: 810px\" class=\"wp-caption aligncenter\"><img aria-describedby=\"caption-attachment-9217\" loading=\"lazy\" class=\"size-full wp-image-9217\" src=\"https:\/\/www.gites.net\/blog\/wp-content\/emp\/blogcasas\/2021\/02\/tommybart2000-FLICKR.jpg\" alt=\"tommybart2000-FLICKR\" width=\"800\" height=\"481\" srcset=\"https:\/\/www.gites.net\/blog\/wp-content\/emp\/blogcasas\/2021\/02\/tommybart2000-FLICKR.jpg 800w, https:\/\/www.gites.net\/blog\/wp-content\/emp\/blogcasas\/2021\/02\/tommybart2000-FLICKR-300x180.jpg 300w, https:\/\/www.gites.net\/blog\/wp-content\/emp\/blogcasas\/2021\/02\/tommybart2000-FLICKR-768x462.jpg 768w\" sizes=\"(max-width: 800px) 100vw, 800px\" \/><p id=\"caption-attachment-9217\" class=\"wp-caption-text\">tommybart2000-FLICKR<\/p><\/div>\n<p><span lang=\"fr-FR\">Un <strong>passage obligatoire<\/strong> avant de retourner \u00e0 la maison est sans aucun <strong>doute Baume-les-Messieurs<\/strong>, un tr\u00e9sor naturel du<strong> d\u00e9partement de Jura<\/strong> qui vous ne laissera pas indiff\u00e9rent. Il s\u2019agit d\u2019un village d\u2019\u00e0 peine 200 habitants qui se trouve nich\u00e9<strong> au c\u0153ur d\u2019un magnifique cirque<\/strong> et qui est entour\u00e9 de falaises. <\/span><\/p>\n<p><span lang=\"fr-FR\">C\u2019est aussi le si\u00e8ge d\u2019autres merveilles naturelles\u00a0:<strong> les cascades des Tufs,<\/strong> situ\u00e9s \u00e0 la fin d\u2019un charmant chemin tout <strong>le long de La Cuissance<\/strong>\u00a0; ou les <strong>Grottes de Baume-les-Messieurs<\/strong>, avec son entr\u00e9e de 70 m et pr\u00e8s de 120 de chemins souterrains, celle-ci <strong>consid\u00e9r\u00e9e l\u2019une des plus spectaculaires<\/strong> de toute l\u2019Europe. <\/span><\/p>\n<p><span lang=\"fr-FR\"><em>Vous comprendrez tout de suite pourquoi il se trouve <strong>c<\/strong><\/em><strong><em><strong>lass\u00e9<\/strong> parmi les plus beaux villages de France\u00a0!<\/em><\/strong><\/span><\/p>\n","protected":false},"excerpt":{"rendered":"<p>Les vacances sont arriv\u00e9es et vous avez choisi de visiter l\u2019un des 8 d\u00e9partements de la r\u00e9gion de Bourgogne-Franche-Comt\u00e9. Vous \u00eates sur le point de conna\u00eetre une r\u00e9gion qui est une des pr\u00e9f\u00e9r\u00e9s par les amateurs de la gastronomie et&hellip; <br \/><a class=\"read-more-button\" href=\"https:\/\/www.gites.net\/blog\/decouvrir-la-bourgogne-franche-comte\">Savoir plus<\/a><\/p>\n","protected":false},"author":8,"featured_media":9218,"comment_status":"open","ping_status":"open","sticky":false,"template":"","format":"standard","meta":[],"categories":[100],"tags":[102],"_links":{"self":[{"href":"https:\/\/www.gites.net\/blog\/wp-json\/wp\/v2\/posts\/9211"}],"collection":[{"href":"https:\/\/www.gites.net\/blog\/wp-json\/wp\/v2\/posts"}],"about":[{"href":"https:\/\/www.gites.net\/blog\/wp-json\/wp\/v2\/types\/post"}],"author":[{"embeddable":true,"href":"https:\/\/www.gites.net\/blog\/wp-json\/wp\/v2\/users\/8"}],"replies":[{"embeddable":true,"href":"https:\/\/www.gites.net\/blog\/wp-json\/wp\/v2\/comments?post=9211"}],"version-history":[{"count":2,"href":"https:\/\/www.gites.net\/blog\/wp-json\/wp\/v2\/posts\/9211\/revisions"}],"predecessor-version":[{"id":9219,"href":"https:\/\/www.gites.net\/blog\/wp-json\/wp\/v2\/posts\/9211\/revisions\/9219"}],"wp:featuredmedia":[{"embeddable":true,"href":"https:\/\/www.gites.net\/blog\/wp-json\/wp\/v2\/media\/9218"}],"wp:attachment":[{"href":"https:\/\/www.gites.net\/blog\/wp-json\/wp\/v2\/media?parent=9211"}],"wp:term":[{"taxonomy":"category","embeddable":true,"href":"https:\/\/www.gites.net\/blog\/wp-json\/wp\/v2\/categories?post=9211"},{"taxonomy":"post_tag","embeddable":true,"href":"https:\/\/www.gites.net\/blog\/wp-json\/wp\/v2\/tags?post=9211"}],"curies":[{"name":"wp","href":"https:\/\/api.w.org\/{rel}","templated":true}]}}