
{"id":9174,"date":"2021-01-28T13:32:06","date_gmt":"2021-01-28T13:32:06","guid":{"rendered":"https:\/\/www.gites.net\/blog\/?p=9174"},"modified":"2021-01-28T13:32:22","modified_gmt":"2021-01-28T13:32:22","slug":"coins-curieux-caches-en-france","status":"publish","type":"post","link":"https:\/\/www.gites.net\/blog\/coins-curieux-caches-en-france","title":{"rendered":"Coins curieux cach\u00e9s en France"},"content":{"rendered":"<p><span lang=\"fr-FR\">Nous avons d\u00e9j\u00e0 vu que <strong>la France est le pays le plus visit\u00e9<\/strong> au monde et qu\u2019il est <strong>plein de villes et de villages<\/strong> magnifiques, avec des paysages qui<strong> vous laissent la bouche ouverte.<\/strong> <\/span><\/p>\n<p><span lang=\"fr-FR\">Nous <strong>connaissons tous ses incontournables sites<\/strong> et monuments les plus visit\u00e9s comme Paris et sa Tour Eiffel, Annecy et son lac ou le Cimeti\u00e8re Am\u00e9ricain de Colleville-sur-Mer. Mais comme partout ailleurs, il y a des <strong>endroits insolites et cach\u00e9s<\/strong> que presque personne ne conna\u00eet, <\/span><span lang=\"fr-FR\">certains d\u2019entre eux sont m\u00eame assez <strong>particuliers et curieux<\/strong><\/span><strong><span lang=\"fr-FR\">. <\/span><\/strong><\/p>\n<p><span lang=\"fr-FR\">Nous allons partager avec vous<strong> certains de ces sites<\/strong> afin que vous puissiez en<strong> profiter avec nous.<\/strong> Une fois que vous aurez fini de lire ce blog, \u00e0 vous de d\u00e9cidez si vous voulez les partager avec quelqu\u2019un d\u2019autre ou si vous pr\u00e9f\u00e9rez<strong> garder le secret<\/strong> et comme \u00e7a, ces merveilleux et insolites sites resteront seulement entre nous.<\/span><\/p>\n<h2><strong><span lang=\"fr-FR\">Chemin de la M\u00e2ture, Nouvelle-Aquitaine<\/span><\/strong><\/h2>\n<div id=\"attachment_9186\" style=\"width: 810px\" class=\"wp-caption aligncenter\"><img aria-describedby=\"caption-attachment-9186\" loading=\"lazy\" class=\"size-full wp-image-9186\" src=\"https:\/\/www.gites.net\/blog\/wp-content\/emp\/blogcasas\/2021\/01\/Francisco-Gonzalez-FLICKR.jpg\" alt=\"Francisco Gonzalez-FLICKR\" width=\"800\" height=\"600\" srcset=\"https:\/\/www.gites.net\/blog\/wp-content\/emp\/blogcasas\/2021\/01\/Francisco-Gonzalez-FLICKR.jpg 800w, https:\/\/www.gites.net\/blog\/wp-content\/emp\/blogcasas\/2021\/01\/Francisco-Gonzalez-FLICKR-300x225.jpg 300w, https:\/\/www.gites.net\/blog\/wp-content\/emp\/blogcasas\/2021\/01\/Francisco-Gonzalez-FLICKR-768x576.jpg 768w, https:\/\/www.gites.net\/blog\/wp-content\/emp\/blogcasas\/2021\/01\/Francisco-Gonzalez-FLICKR-156x117.jpg 156w\" sizes=\"(max-width: 800px) 100vw, 800px\" \/><p id=\"caption-attachment-9186\" class=\"wp-caption-text\">Francisco Gonzalez-FLICKR<\/p><\/div>\n<p><span lang=\"fr-FR\">\u00c0 c\u00f4t\u00e9 de la<strong> fronti\u00e8re avec l\u2019Espagne,<\/strong> \u00e0 moins de 5 km d\u2018Urdos et \u00e0 environ <strong>10 minutes de la ville d\u2019Etsaut<\/strong>, se trouvent les <strong><a href=\"https:\/\/www.gites.net\/gites\/pyrenees-atlantiques\">montagnes des Pyr\u00e9n\u00e9es-Atlantiques<\/a><\/strong>. <\/span><span lang=\"fr-FR\">Ici nous pouvons trouver de nombreux sentiers, pour \u00eatre pr\u00e9cis, <strong>plus de 50 chemins de randonn\u00e9es<\/strong> \u00e0 parcourir, mais il y en a seulement un qui est r\u00e9serv\u00e9 aux plus courageux et aventuriers. <\/span><\/p>\n<p><span lang=\"fr-FR\">Le <strong>Chemin de la M\u00e2ture<\/strong>, un chemin de vertige qui se trouve tout le<strong> long du ruisseau Le Sescou\u00e9,<\/strong> perch\u00e9 \u00e0 200 m de hauteur et qui mesure <strong>plus de 1.200 m de long<\/strong>. \u00c0 cela vient s\u2019ajouter que le chemin, de 4m de haut et 4 m de large, est taill\u00e9 dans la roche d\u2019une falaise de la vall\u00e9e. <\/span><\/p>\n<p><span lang=\"fr-FR\">La cr\u00e9ation de ce sentier remonte <strong>au XVII\u00e8me si\u00e8cle<\/strong>, quand Louis XIV a fait tailler <strong>plus de 3000 hommes<\/strong> pour transporter le bois qui servira \u00e0 construire les m\u00e2ts des bateaux de sa marine.<\/span><\/p>\n<h2><strong><span lang=\"fr-FR\">Les Mayons, Provence-Alpes-C\u00f4te d&rsquo;Azur<\/span><\/strong><\/h2>\n<div id=\"attachment_9188\" style=\"width: 809px\" class=\"wp-caption aligncenter\"><img aria-describedby=\"caption-attachment-9188\" loading=\"lazy\" class=\"size-full wp-image-9188\" src=\"https:\/\/www.gites.net\/blog\/wp-content\/emp\/blogcasas\/2021\/01\/Serge_Robert_-FLICKR.jpg\" alt=\"_Serge_Robert_-FLICKR\" width=\"799\" height=\"533\" srcset=\"https:\/\/www.gites.net\/blog\/wp-content\/emp\/blogcasas\/2021\/01\/Serge_Robert_-FLICKR.jpg 799w, https:\/\/www.gites.net\/blog\/wp-content\/emp\/blogcasas\/2021\/01\/Serge_Robert_-FLICKR-300x200.jpg 300w, https:\/\/www.gites.net\/blog\/wp-content\/emp\/blogcasas\/2021\/01\/Serge_Robert_-FLICKR-768x512.jpg 768w, https:\/\/www.gites.net\/blog\/wp-content\/emp\/blogcasas\/2021\/01\/Serge_Robert_-FLICKR-320x213.jpg 320w\" sizes=\"(max-width: 799px) 100vw, 799px\" \/><p id=\"caption-attachment-9188\" class=\"wp-caption-text\">_Serge_Robert_-FLICKR<\/p><\/div>\n<p><span lang=\"fr-FR\">Dans le<strong> d\u00e9partement de Var<\/strong>, en <strong><a href=\"https:\/\/www.gites.net\/gites\/provence-alpes-cote-dazur\">Provence-Alpes-C\u00f4te d&rsquo;Azur<\/a><\/strong>, se trouve la <strong>commune des Mayons,<\/strong> celle-ci est class\u00e9e<strong> r\u00e9serve naturelle nationale<\/strong> et c\u2019est le lieu de r\u00e9sidence d\u2019environ<strong> 650 habitants<\/strong>. <\/span><\/p>\n<p><span lang=\"fr-FR\">Il s\u2019agit de la <strong>destination id\u00e9ale<\/strong> si vous voulez passer un s\u00e9jour dans un charmant <strong>village proven\u00e7al<\/strong> caract\u00e9ris\u00e9 par ses <strong>vignobles<\/strong> et ses paysages naturels. Vous pourrez \u00e9galement<strong> assister aux F\u00eates de la Ch\u00e2taigne<\/strong> et d\u00e9guster les d\u00e9licieuses sp\u00e9cialit\u00e9s de la r\u00e9gion. <\/span><\/p>\n<p><span lang=\"fr-FR\"><strong><em>Jusqu\u2019ici rien de sp\u00e9cial, non\u00a0?<\/em> <\/strong>Seulement un sympathique village o\u00f9 passer un agr\u00e9able week-end, mais passons maintenant au vrai protagoniste. Le \u00ab\u00a0<strong>monument<\/strong>\u00a0\u00bb principal de la commune et sans doute le plus vieil habitant qui y habite depuis il y a plusieurs centaines d\u2019ann\u00e9es\u00a0: le<strong> grand-p\u00e8re ch\u00e2taignier<\/strong> qui a \u00e9t\u00e9 plant\u00e9 <strong>dans le Moyen \u00c2ge.<\/strong><\/span><\/p>\n<h2><strong><span lang=\"fr-FR\">Paris, \u00cele-de-France<\/span><\/strong><\/h2>\n<div id=\"attachment_9187\" style=\"width: 810px\" class=\"wp-caption aligncenter\"><img aria-describedby=\"caption-attachment-9187\" loading=\"lazy\" class=\"size-full wp-image-9187\" src=\"https:\/\/www.gites.net\/blog\/wp-content\/emp\/blogcasas\/2021\/01\/Rachael-Alter-FLICKR.jpg\" alt=\"Rachael Alter-FLICKR\" width=\"800\" height=\"536\" srcset=\"https:\/\/www.gites.net\/blog\/wp-content\/emp\/blogcasas\/2021\/01\/Rachael-Alter-FLICKR.jpg 800w, https:\/\/www.gites.net\/blog\/wp-content\/emp\/blogcasas\/2021\/01\/Rachael-Alter-FLICKR-300x201.jpg 300w, https:\/\/www.gites.net\/blog\/wp-content\/emp\/blogcasas\/2021\/01\/Rachael-Alter-FLICKR-768x515.jpg 768w, https:\/\/www.gites.net\/blog\/wp-content\/emp\/blogcasas\/2021\/01\/Rachael-Alter-FLICKR-320x213.jpg 320w\" sizes=\"(max-width: 800px) 100vw, 800px\" \/><p id=\"caption-attachment-9187\" class=\"wp-caption-text\">Rachael Alter-FLICKR<\/p><\/div>\n<p><span lang=\"fr-FR\">Vous pensez s\u00fbrement que<strong> nous sommes devenus fous<\/strong>, mais rassurez-vous, ce n\u2019est pas encore le cas\u00a0! \u00c9videmment tout le monde connait la <strong><a href=\"https:\/\/www.gites.net\/gites\/ile-de-france\">capitale fran\u00e7aise<\/a><\/strong>, mais tout le monde n\u2019est peut-\u00eatre pas au courent de quelque <strong>chose qui se trouve cach\u00e9 sous terre<\/strong>\u00a0: les <strong>catacombes<\/strong>. <\/span><\/p>\n<p><span lang=\"fr-FR\">Il s\u2019agit d\u2019un site lugubre et m\u00eame un<strong> petit peu effrayant<\/strong> mais qui est sans doute, on ne peut plus \u00e9tonnant. Situ\u00e9s \u00e0<strong> 20 m de profondeur,<\/strong> et dont seulemen<strong>t 2 km des galeries sont visitables<\/strong>, elles s\u2019\u00e9tendent <strong>sur 350 km<\/strong> et pr\u00e9servent les ossements de plus de 6 millions de parisiens, avec quelques c\u00e9l\u00e9brit\u00e9s entre eux, tels que <strong>Montesquieu<\/strong> ou Charles Perrault. <\/span><\/p>\n<p><span lang=\"fr-FR\">Vous aurez l\u2019occasion de faire <strong>un v\u00e9ritable voyage souterrain<\/strong>, dans un mus\u00e9e presque infernal, uniquement apte pour les plus macabres et les plus audacieux. <\/span><\/p>\n<h2><strong><span lang=\"fr-FR\">Penne, Occitanie<\/span><\/strong><\/h2>\n<div id=\"attachment_9189\" style=\"width: 809px\" class=\"wp-caption aligncenter\"><img aria-describedby=\"caption-attachment-9189\" loading=\"lazy\" class=\"size-full wp-image-9189\" src=\"https:\/\/www.gites.net\/blog\/wp-content\/emp\/blogcasas\/2021\/01\/kitmasterbloke-FLICKR.jpg\" alt=\"kitmasterbloke-FLICKR\" width=\"799\" height=\"519\" srcset=\"https:\/\/www.gites.net\/blog\/wp-content\/emp\/blogcasas\/2021\/01\/kitmasterbloke-FLICKR.jpg 799w, https:\/\/www.gites.net\/blog\/wp-content\/emp\/blogcasas\/2021\/01\/kitmasterbloke-FLICKR-300x195.jpg 300w, https:\/\/www.gites.net\/blog\/wp-content\/emp\/blogcasas\/2021\/01\/kitmasterbloke-FLICKR-768x499.jpg 768w\" sizes=\"(max-width: 799px) 100vw, 799px\" \/><p id=\"caption-attachment-9189\" class=\"wp-caption-text\">kitmasterbloke-FLICKR<\/p><\/div>\n<p><span lang=\"fr-FR\">Nous remontons maintenant au niveau du sol, <strong>voir un peu plus haut<\/strong>, exactement \u00e0 <strong>120 m du sol,<\/strong> jusqu\u2019une <strong><a href=\"https:\/\/www.gites.net\/gites\/tarn\">commune de Tarn<\/a><\/strong> dont le nom vient du latin et signifie <\/span><span lang=\"fr-FR\">\u00ab\u00a0<\/span><strong><em><span lang=\"fr-FR\">hauteur rocheuse plus ou moins pointue<\/span><\/em><\/strong><span lang=\"fr-FR\">\u00ab\u00a0. <\/span><\/p>\n<p><span lang=\"fr-FR\">Penne, aussi nomm\u00e9 <strong>nid d\u2019aigle ou citadelle du vertige<\/strong>, est un village avec une particularit\u00e9 assez notoire, \u00e9tant plac\u00e9 dans un <strong>endroit tr\u00e8s curieux,<\/strong> au sommet d\u2019un piton rocheux.<\/span><span lang=\"fr-FR\"> Ici, <\/span><span lang=\"fr-FR\">se trouvent les<strong> ruines du Ch\u00e2teau de Penne<\/strong>, datant du <\/span><span lang=\"fr-FR\"><strong>XII\u00e8me si\u00e8cle<\/strong>, qui dominent et surveillent le village et qui semblent \u00eatre suspendus dans le vide. <\/span><\/p>\n<p><span lang=\"fr-FR\">En parcourant les<strong> pittoresques ruelles<\/strong>, vous arriverez jusqu\u2019\u00e0 cette position privil\u00e9gi\u00e9e d\u2019o\u00f9 vous aurez \u00e0 vos pieds, des magnifiques vues sur<strong> l\u2019environnement naturel<\/strong> qui entoure Penne, l<strong>a rivi\u00e8re Aveyron<\/strong>\u00a0et la for\u00eat de la Gr\u00e9signe.<\/span><\/p>\n<h2><strong><span lang=\"fr-FR\">Le Puy-en-Velay, Auvergne-Rh\u00f4ne-Alpes<\/span><\/strong><\/h2>\n<div id=\"attachment_9190\" style=\"width: 809px\" class=\"wp-caption aligncenter\"><img aria-describedby=\"caption-attachment-9190\" loading=\"lazy\" class=\"size-full wp-image-9190\" src=\"https:\/\/www.gites.net\/blog\/wp-content\/emp\/blogcasas\/2021\/01\/Jeanne-Menjoulet-FLICKR.jpg\" alt=\"Jeanne Menjoulet-FLICKR\" width=\"799\" height=\"533\" srcset=\"https:\/\/www.gites.net\/blog\/wp-content\/emp\/blogcasas\/2021\/01\/Jeanne-Menjoulet-FLICKR.jpg 799w, https:\/\/www.gites.net\/blog\/wp-content\/emp\/blogcasas\/2021\/01\/Jeanne-Menjoulet-FLICKR-300x200.jpg 300w, https:\/\/www.gites.net\/blog\/wp-content\/emp\/blogcasas\/2021\/01\/Jeanne-Menjoulet-FLICKR-768x512.jpg 768w, https:\/\/www.gites.net\/blog\/wp-content\/emp\/blogcasas\/2021\/01\/Jeanne-Menjoulet-FLICKR-320x213.jpg 320w\" sizes=\"(max-width: 799px) 100vw, 799px\" \/><p id=\"caption-attachment-9190\" class=\"wp-caption-text\">Jeanne Menjoulet-FLICKR<\/p><\/div>\n<p><span lang=\"fr-FR\">Finalement, dans la <strong>r\u00e9gion Auvergne-Rh\u00f4ne-Alpes,<\/strong> en <strong>Haute-Loire,<\/strong> se trouve la <strong><a href=\"https:\/\/www.gites.net\/gites\/haute-loire\/le-puy-en-velay\">commune Le Puy-en-Velay<\/a><\/strong> o\u00f9 nous visitons le dernier coin cach\u00e9 de cette liste, qui est situ\u00e9 en <strong>plein milieu d\u2019un paysage volcanique<\/strong>. <\/span><\/p>\n<p><span lang=\"fr-FR\">Le monument auquel nous nous r\u00e9f\u00e9rons est inscrit au <strong>patrimoine de l\u2019humanit\u00e9<\/strong>, la <strong>chapelle Saint-Michel d&rsquo;Aiguilhe,<\/strong> construite en 962 au sommet d\u2019un volcan, bien s\u00fbr inactif, \u00e0 <strong>85 m de hauteur<\/strong>. Celle-ci aurait accueillit les pri\u00e8res de la <strong>m\u00e8re de Jeanne d\u2019Arc<\/strong> et c\u2019est aujourd\u2019hui le point de d\u00e9part des p\u00e8lerins qui partent vers Saint-Jacques de Compostelle. <\/span><\/p>\n<p><span lang=\"fr-FR\">M\u00eame s\u2019il semble presque impossible d\u2019y acc\u00e9der, ni plus ni moins de <strong>268 marches taill\u00e9es dans la roche<\/strong> vous permettent d\u2019arriver en haut. Ce n\u2019est pas pour rien qu\u2019elle est consacr\u00e9e au <strong>Patron des hauteurs\u00a0!<\/strong><\/span><\/p>\n","protected":false},"excerpt":{"rendered":"<p>Nous avons d\u00e9j\u00e0 vu que la France est le pays le plus visit\u00e9 au monde et qu\u2019il est plein de villes et de villages magnifiques, avec des paysages qui vous laissent la bouche ouverte. Nous connaissons tous ses incontournables sites&hellip; <br \/><a class=\"read-more-button\" href=\"https:\/\/www.gites.net\/blog\/coins-curieux-caches-en-france\">Savoir plus<\/a><\/p>\n","protected":false},"author":8,"featured_media":9191,"comment_status":"open","ping_status":"open","sticky":false,"template":"","format":"standard","meta":[],"categories":[8],"tags":[],"_links":{"self":[{"href":"https:\/\/www.gites.net\/blog\/wp-json\/wp\/v2\/posts\/9174"}],"collection":[{"href":"https:\/\/www.gites.net\/blog\/wp-json\/wp\/v2\/posts"}],"about":[{"href":"https:\/\/www.gites.net\/blog\/wp-json\/wp\/v2\/types\/post"}],"author":[{"embeddable":true,"href":"https:\/\/www.gites.net\/blog\/wp-json\/wp\/v2\/users\/8"}],"replies":[{"embeddable":true,"href":"https:\/\/www.gites.net\/blog\/wp-json\/wp\/v2\/comments?post=9174"}],"version-history":[{"count":2,"href":"https:\/\/www.gites.net\/blog\/wp-json\/wp\/v2\/posts\/9174\/revisions"}],"predecessor-version":[{"id":9192,"href":"https:\/\/www.gites.net\/blog\/wp-json\/wp\/v2\/posts\/9174\/revisions\/9192"}],"wp:featuredmedia":[{"embeddable":true,"href":"https:\/\/www.gites.net\/blog\/wp-json\/wp\/v2\/media\/9191"}],"wp:attachment":[{"href":"https:\/\/www.gites.net\/blog\/wp-json\/wp\/v2\/media?parent=9174"}],"wp:term":[{"taxonomy":"category","embeddable":true,"href":"https:\/\/www.gites.net\/blog\/wp-json\/wp\/v2\/categories?post=9174"},{"taxonomy":"post_tag","embeddable":true,"href":"https:\/\/www.gites.net\/blog\/wp-json\/wp\/v2\/tags?post=9174"}],"curies":[{"name":"wp","href":"https:\/\/api.w.org\/{rel}","templated":true}]}}