
{"id":9085,"date":"2020-12-17T11:50:51","date_gmt":"2020-12-17T11:50:51","guid":{"rendered":"https:\/\/www.gites.net\/blog\/?p=9085"},"modified":"2020-12-17T11:51:00","modified_gmt":"2020-12-17T11:51:00","slug":"les-meilleurs-villages-a-visiter-en-une-journee","status":"publish","type":"post","link":"https:\/\/www.gites.net\/blog\/les-meilleurs-villages-a-visiter-en-une-journee","title":{"rendered":"Les meilleurs villages \u00e0 visiter en une journ\u00e9e"},"content":{"rendered":"<p><span lang=\"fr-FR\">Nous avons tous des jours de cong\u00e9 ou des week-ends o\u00f9<strong> nous voulons faire quelque chose de diff\u00e9rent<\/strong>, mais nous ne savons pas vraiment quoi.\u00a0Ou alors nous avons vraiment envie de<strong> faire un voyage<\/strong>, mais pas du tout de pr\u00e9parer une \u00e9norme valise et de passer <strong>plusieurs jours loin de la maison<\/strong>.\u00a0<\/span><\/p>\n<p><span lang=\"fr-FR\">En plus, demander quelques jours de cong\u00e9 \u00e0 ton patron, ce n\u2019est pas toujours aussi facile que \u00e7a.\u00a0Si vous voulez <strong>d\u00e9couvrir de nouveaux endroits<\/strong> mais que vous n\u2019avez pas le temps de faire de grands voyages, nous vous proposons quelques id\u00e9es de<strong> villages o\u00f9 le plaisir est concentr\u00e9<\/strong> et que vous pourrez parcourir et conna\u00eetre<strong> en une seule journ\u00e9e<\/strong>.\u00a0<\/span><\/p>\n<p><span lang=\"fr-FR\">Pas besoin de pr\u00e9parer quoi que ce soit, si vous \u00eates allong\u00e9s sur le canap\u00e9 \u00e0 la recherche d\u2019un plan de derni\u00e8re<\/span> <span lang=\"fr-FR\">minute, <strong>prenez la voiture et pr\u00e9parez-vous pour un voyage express.<\/strong><\/span><\/p>\n<p>&nbsp;<\/p>\n<h2><strong><span lang=\"fr-FR\">Autoire, Lot<\/span><\/strong><\/h2>\n<div id=\"attachment_9092\" style=\"width: 809px\" class=\"wp-caption aligncenter\"><img aria-describedby=\"caption-attachment-9092\" loading=\"lazy\" class=\"size-full wp-image-9092\" src=\"https:\/\/www.gites.net\/blog\/wp-content\/emp\/blogcasas\/2020\/12\/Eric-Huybrechts-FLICKR.jpg\" alt=\"Eric Huybrechts-FLICKR\" width=\"799\" height=\"533\" srcset=\"https:\/\/www.gites.net\/blog\/wp-content\/emp\/blogcasas\/2020\/12\/Eric-Huybrechts-FLICKR.jpg 799w, https:\/\/www.gites.net\/blog\/wp-content\/emp\/blogcasas\/2020\/12\/Eric-Huybrechts-FLICKR-300x200.jpg 300w, https:\/\/www.gites.net\/blog\/wp-content\/emp\/blogcasas\/2020\/12\/Eric-Huybrechts-FLICKR-768x512.jpg 768w, https:\/\/www.gites.net\/blog\/wp-content\/emp\/blogcasas\/2020\/12\/Eric-Huybrechts-FLICKR-320x213.jpg 320w\" sizes=\"(max-width: 799px) 100vw, 799px\" \/><p id=\"caption-attachment-9092\" class=\"wp-caption-text\">Eric Huybrechts-FLICKR<\/p><\/div>\n<p><span lang=\"fr-FR\">Class\u00e9e dans la liste des <strong>Plus beaux villages de France<\/strong>, la <strong><a href=\"https:\/\/www.gites.net\/gites\/lot\/autoire\">commune d\u2019Autoire<\/a><\/strong>, situ\u00e9e \u00e0<strong> 300 m d\u2019altitude<\/strong>, se trouve dans la r\u00e9gion de Midi-Pyr\u00e9n\u00e9es. <\/span><\/p>\n<p><span lang=\"fr-FR\">Ses<strong> 7 km2 de superficie<\/strong> sont le si\u00e8ge de <strong>pittoresques maisons<\/strong> \u00e0 colombages de toits marron, ainsi que de son petit <strong>Ch\u00e2teau des Anglais<\/strong>, ceux-ci lui ont donn\u00e9 le titre de <strong><em>Petit Versailles<\/em><\/strong>. <\/span><\/p>\n<p><span lang=\"fr-FR\">Apr\u00e8s une visite du village, pourquoi ne pas faire une pause pour gouter le <strong>dessert embl\u00e9matique<\/strong>\u00a0du lieu :<strong> le <\/strong><\/span><span lang=\"fr-FR\"><strong>Malakoff.<\/strong> Pour finir la visite, la magnifique <strong>cascade<\/strong>, <\/span><span lang=\"fr-FR\"><strong>la plus haute du d\u00e9partement<\/strong> de Lot, est un arr\u00eat obligatoire avant de retourner \u00e0 la maison.<\/span><\/p>\n<p>&nbsp;<\/p>\n<h2><strong><span lang=\"fr-FR\">Baume-les-Messieurs, Jura<\/span><\/strong><\/h2>\n<div id=\"attachment_9091\" style=\"width: 810px\" class=\"wp-caption aligncenter\"><img aria-describedby=\"caption-attachment-9091\" loading=\"lazy\" class=\"size-full wp-image-9091\" src=\"https:\/\/www.gites.net\/blog\/wp-content\/emp\/blogcasas\/2020\/12\/Yessica-da-silva-esteves-FLICKR.jpg\" alt=\"Yessica da silva esteves-FLICKR\" width=\"800\" height=\"580\" srcset=\"https:\/\/www.gites.net\/blog\/wp-content\/emp\/blogcasas\/2020\/12\/Yessica-da-silva-esteves-FLICKR.jpg 800w, https:\/\/www.gites.net\/blog\/wp-content\/emp\/blogcasas\/2020\/12\/Yessica-da-silva-esteves-FLICKR-300x218.jpg 300w, https:\/\/www.gites.net\/blog\/wp-content\/emp\/blogcasas\/2020\/12\/Yessica-da-silva-esteves-FLICKR-768x557.jpg 768w\" sizes=\"(max-width: 800px) 100vw, 800px\" \/><p id=\"caption-attachment-9091\" class=\"wp-caption-text\">Yessica da silva esteves-FLICKR<\/p><\/div>\n<p><span lang=\"fr-FR\">Plac\u00e9 au <strong>c\u0153ur d\u2019un cirque<\/strong>, ce village de <strong>Jura<\/strong> est compl\u00e8tement <strong>entour\u00e9 de hautes falaises<\/strong>, c\u2019est sans doute un <strong><a href=\"https:\/\/www.gites.net\/gites\/jura\/baume-les-messieurs\">panorama naturel impressionnant<\/a><\/strong> dont chaque cm vous captivera. <\/span><\/p>\n<p><span lang=\"fr-FR\"><strong>L&rsquo;Abbaye Saint-Pierre de Baume-les-Messieurs<\/strong> et l<strong>\u2019\u00c9glise abbatiale Saint\u00a0Pierre,<\/strong> datant des VI\u00e8me et XVI\u00e8me si\u00e8cles, vous permettront d\u2019en conna\u00eetre un peu plus sur<strong> l\u2019histoire du village.<\/strong> <\/span><\/p>\n<p><span lang=\"fr-FR\">Et si vous pr\u00e9f\u00e9rez les <strong>merveilles naturelles<\/strong>, nous vous conseillons de faire une visite aux <strong>grottes<\/strong> et ses salles de jusqu\u2019\u00e0 80 m, sa rivi\u00e8re et son lac souterrain qui d\u00e9valent en forme de cascade\u00a0: les <strong>cascades de tufs. <\/strong><\/span><\/p>\n<p>&nbsp;<\/p>\n<h2><strong><span lang=\"fr-FR\">Chevreuse, Yvelines<\/span><\/strong><\/h2>\n<div id=\"attachment_9090\" style=\"width: 809px\" class=\"wp-caption aligncenter\"><img aria-describedby=\"caption-attachment-9090\" loading=\"lazy\" class=\"size-full wp-image-9090\" src=\"https:\/\/www.gites.net\/blog\/wp-content\/emp\/blogcasas\/2020\/12\/ash_crow-FLICKR.jpg\" alt=\"ash_crow-FLICKR\" width=\"799\" height=\"532\" srcset=\"https:\/\/www.gites.net\/blog\/wp-content\/emp\/blogcasas\/2020\/12\/ash_crow-FLICKR.jpg 799w, https:\/\/www.gites.net\/blog\/wp-content\/emp\/blogcasas\/2020\/12\/ash_crow-FLICKR-300x200.jpg 300w, https:\/\/www.gites.net\/blog\/wp-content\/emp\/blogcasas\/2020\/12\/ash_crow-FLICKR-768x511.jpg 768w, https:\/\/www.gites.net\/blog\/wp-content\/emp\/blogcasas\/2020\/12\/ash_crow-FLICKR-320x213.jpg 320w\" sizes=\"(max-width: 799px) 100vw, 799px\" \/><p id=\"caption-attachment-9090\" class=\"wp-caption-text\">ash_crow-FLICKR<\/p><\/div>\n<p lang=\"fr-FR\"><span lang=\"fr-FR\">Nous nous dirigeons maintenant \u00e0 l\u2019un des<strong><a href=\"https:\/\/www.gites.net\/gites\/yvelines\/chevreuse\"> endroits consid\u00e9r\u00e9s plus romantiques <\/a><\/strong><\/span><span lang=\"fr-FR\">de <strong>l\u2019\u00cele-de-France.<\/strong> Chevreuse vous offre une<strong> charmante promenade<\/strong> le long du<strong> canal de l\u2019Yvette<\/strong>, entre ses maisons en <\/span><span lang=\"fr-FR\">pierres, <\/span><span lang=\"fr-FR\">les vestiges de ses <strong>anciennes tanneries<\/strong><\/span><span lang=\"fr-FR\"> et ses<\/span><span lang=\"fr-FR\"> petits ponts.<\/span><\/p>\n<p lang=\"fr-FR\"><span lang=\"fr-FR\">Si pendant la promenade vous avez un petit creux, ne manquer pas de <strong>go\u00fbter les produits du terroir<\/strong>. <\/span><span lang=\"fr-FR\">Le <\/span><span lang=\"fr-FR\"><strong>ch\u00e2teau de la Madeleine<\/strong> et <strong>l\u2019\u00e9glise de Saint-Martin<\/strong> sont les grands protagonistes de son architecture du XI\u00e8me si\u00e8cle et la<strong> maison des Banni\u00e8res<\/strong> et le <strong>cabaret du Lys<\/strong> compl\u00e8tent la liste des incontournables \u00e0 d\u00e9couvrir.<\/span><\/p>\n<h2><strong><span lang=\"fr-FR\">Cordes-<\/span><span lang=\"fr-FR\">sur<\/span><span lang=\"fr-FR\">-Ciel, Tarn<\/span><\/strong><\/h2>\n<div id=\"attachment_9089\" style=\"width: 810px\" class=\"wp-caption aligncenter\"><img aria-describedby=\"caption-attachment-9089\" loading=\"lazy\" class=\"size-full wp-image-9089\" src=\"https:\/\/www.gites.net\/blog\/wp-content\/emp\/blogcasas\/2020\/12\/Guill\u00e9n-P\u00e9rez-FLICKR.jpg\" alt=\"Guill\u00e9n P\u00e9rez-FLICKR\" width=\"800\" height=\"480\" srcset=\"https:\/\/www.gites.net\/blog\/wp-content\/emp\/blogcasas\/2020\/12\/Guill\u00e9n-P\u00e9rez-FLICKR.jpg 800w, https:\/\/www.gites.net\/blog\/wp-content\/emp\/blogcasas\/2020\/12\/Guill\u00e9n-P\u00e9rez-FLICKR-300x180.jpg 300w, https:\/\/www.gites.net\/blog\/wp-content\/emp\/blogcasas\/2020\/12\/Guill\u00e9n-P\u00e9rez-FLICKR-768x461.jpg 768w\" sizes=\"(max-width: 800px) 100vw, 800px\" \/><p id=\"caption-attachment-9089\" class=\"wp-caption-text\">Guill\u00e9n P\u00e9rez-FLICKR<\/p><\/div>\n<p><strong><span lang=\"fr-FR\">Cordes<\/span><span lang=\"fr-FR\">-sur-<\/span><span lang=\"fr-FR\">Ciel<\/span><\/strong><span lang=\"fr-FR\"><strong>\u00a0<\/strong>est un <strong><a href=\"https:\/\/www.gites.net\/gites\/tarn\/cordes-sur-ciel\">petit village m\u00e9di\u00e9val<\/a><\/strong>, situ\u00e9 dans le <strong>d\u00e9partement du Tarn,<\/strong> en r\u00e9gion Midi-Pyr\u00e9n\u00e9es. Il est dit que cette <strong>ancienne bastide d\u2019Occitanie<\/strong> s\u2019agit d\u2019un <strong>endroit magique<\/strong> qui a toujours s\u00e9duit les<strong> artistes et les artisans<\/strong>. <\/span><\/p>\n<p><span lang=\"fr-FR\">Vous pourrez parcourir son <strong>march\u00e9 construit en 1350<\/strong>, ses grandes <strong>Maisons gothiques<\/strong>, ses galeries d\u2019art et ses ateliers ou son <strong>mus\u00e9 d\u2019art moderne et contemporain<\/strong>. <\/span><\/p>\n<p><span lang=\"fr-FR\">Mais si vous \u00eates int\u00e9ress\u00e9s par un autre type d\u2019art, nous vous recommandons de<strong> visiter le Mus\u00e9e des Arts du Sucre et du Chocolat<\/strong> et surtout de <strong>savourer le croquant<\/strong>, sa d\u00e9licieuse sp\u00e9cialit\u00e9 recouverte d\u2019amandes.<\/span><\/p>\n<p>&nbsp;<\/p>\n<h2><span lang=\"fr-FR\"><strong>Honfleur, Calvados<\/strong><\/span><\/h2>\n<div id=\"attachment_9088\" style=\"width: 809px\" class=\"wp-caption aligncenter\"><img aria-describedby=\"caption-attachment-9088\" loading=\"lazy\" class=\"size-full wp-image-9088\" src=\"https:\/\/www.gites.net\/blog\/wp-content\/emp\/blogcasas\/2020\/12\/catherine-MOSINIAK-PAILLIER-FLICKR.jpg\" alt=\"catherine MOSINIAK-PAILLIER-FLICKR\" width=\"799\" height=\"507\" srcset=\"https:\/\/www.gites.net\/blog\/wp-content\/emp\/blogcasas\/2020\/12\/catherine-MOSINIAK-PAILLIER-FLICKR.jpg 799w, https:\/\/www.gites.net\/blog\/wp-content\/emp\/blogcasas\/2020\/12\/catherine-MOSINIAK-PAILLIER-FLICKR-300x190.jpg 300w, https:\/\/www.gites.net\/blog\/wp-content\/emp\/blogcasas\/2020\/12\/catherine-MOSINIAK-PAILLIER-FLICKR-768x487.jpg 768w\" sizes=\"(max-width: 799px) 100vw, 799px\" \/><p id=\"caption-attachment-9088\" class=\"wp-caption-text\">catherine MOSINIAK-PAILLIER-FLICKR<\/p><\/div>\n<p><span lang=\"fr-FR\">Peut-\u00eatre que les peintres<strong> Monet, Jongkind ou Boudin,<\/strong> entre autres, ont <strong>profit\u00e9s son s\u00e9jour \u00e0 Honfleur<\/strong> pour manger du <strong>hachis honfleurais<\/strong> pendant ses pauses. Mais ils ont surement \u00e9t\u00e9 attir\u00e9s par <strong>le port et les pittoresques maisons<\/strong> en ardoise de <strong><a href=\"https:\/\/www.gites.net\/gites\/calvados\/honfleur\">cette commune normande<\/a><\/strong>. <\/span><\/p>\n<p><span lang=\"fr-FR\">Il y a aussi <strong>d\u2019autres monuments d\u2019int\u00e9r\u00eat<\/strong> \u00e9parpill\u00e9s dans le village comme le<strong> Mus\u00e9e de la Marine<\/strong> ou la <strong>chapelle Notre-Dame-de-Gr\u00e2ce<\/strong>, qui vous offre une magnifique vue sur le <strong>Pont de Normandie<\/strong>. <\/span><\/p>\n<p><span lang=\"fr-FR\">Mais<strong> le symbole du village est l\u2019\u00e9glise Sainte-Catherine<\/strong>, situ\u00e9e pr\u00e8s du <strong>Vieux-Bassin,<\/strong> qui est la plus grande \u00e9glise construite en bois de France.<\/span><\/p>\n<p>&nbsp;<\/p>\n<h2><strong><span lang=\"fr-FR\">Provins, Seine-et-Marne<\/span><\/strong><\/h2>\n<div id=\"attachment_9087\" style=\"width: 809px\" class=\"wp-caption aligncenter\"><img aria-describedby=\"caption-attachment-9087\" loading=\"lazy\" class=\"size-full wp-image-9087\" src=\"https:\/\/www.gites.net\/blog\/wp-content\/emp\/blogcasas\/2020\/12\/Herman-Pijpers-FLICKR.jpg\" alt=\"Herman Pijpers-FLICKR\" width=\"799\" height=\"534\" srcset=\"https:\/\/www.gites.net\/blog\/wp-content\/emp\/blogcasas\/2020\/12\/Herman-Pijpers-FLICKR.jpg 799w, https:\/\/www.gites.net\/blog\/wp-content\/emp\/blogcasas\/2020\/12\/Herman-Pijpers-FLICKR-300x201.jpg 300w, https:\/\/www.gites.net\/blog\/wp-content\/emp\/blogcasas\/2020\/12\/Herman-Pijpers-FLICKR-768x513.jpg 768w, https:\/\/www.gites.net\/blog\/wp-content\/emp\/blogcasas\/2020\/12\/Herman-Pijpers-FLICKR-320x213.jpg 320w\" sizes=\"(max-width: 799px) 100vw, 799px\" \/><p id=\"caption-attachment-9087\" class=\"wp-caption-text\">Herman Pijpers-FLICKR<\/p><\/div>\n<p><span lang=\"fr-FR\">Reconnue <\/span><span lang=\"fr-FR\"><strong>patrimoine mondiale de l\u2019Unesco,<\/strong> la<\/span><strong><a href=\"https:\/\/www.gites.net\/gites\/seine-et-marne\/provins\"><span lang=\"fr-FR\"> cit\u00e9 m\u00e9di\u00e9vale de\u00a0<\/span><span lang=\"fr-FR\">Provins<\/span><\/a><\/strong><span lang=\"fr-FR\">\u00a0se trouve \u00e0 seulement <strong>70 km de Paris,<\/strong> id\u00e9ale pour faire une escapade de derni\u00e8re minute. <\/span><\/p>\n<p><span lang=\"fr-FR\">Le <strong>village fortifi\u00e9<\/strong> poss\u00e8de un <strong>exceptionnel patrimoine historique<\/strong> qui est, en plus, tr\u00e8s bien conserv\u00e9. Faisant parti de celui-ci, ses remparts, sa <strong>Tour de C\u00e9sar<\/strong> et ses divers monuments historiques marquaient la puissance des <strong>comtes de Champagne.<\/strong> <\/span><\/p>\n<p><span lang=\"fr-FR\"><strong>Un petit conseil<\/strong> avant de mettre fin \u00e0 votre visite\u00a0: vous devez absolument <strong>acheter une douzaine de niflettes<\/strong> et savourer sa <strong>cr\u00e8me p\u00e2tissi\u00e8re<\/strong> aromatis\u00e9e \u00e0 la <strong>fleur d\u2019orangers<\/strong>. <em>Vous ne le regretterez pas!<\/em><\/span><\/p>\n<p>&nbsp;<\/p>\n<h2><strong><span lang=\"fr-FR\">Rodemack, Moselle<\/span><\/strong><\/h2>\n<div id=\"attachment_9086\" style=\"width: 809px\" class=\"wp-caption aligncenter\"><img aria-describedby=\"caption-attachment-9086\" loading=\"lazy\" class=\"size-full wp-image-9086\" src=\"https:\/\/www.gites.net\/blog\/wp-content\/emp\/blogcasas\/2020\/12\/jean-marie-clausse-FLICKR.jpg\" alt=\"jean-marie clausse-FLICKR\" width=\"799\" height=\"533\" srcset=\"https:\/\/www.gites.net\/blog\/wp-content\/emp\/blogcasas\/2020\/12\/jean-marie-clausse-FLICKR.jpg 799w, https:\/\/www.gites.net\/blog\/wp-content\/emp\/blogcasas\/2020\/12\/jean-marie-clausse-FLICKR-300x200.jpg 300w, https:\/\/www.gites.net\/blog\/wp-content\/emp\/blogcasas\/2020\/12\/jean-marie-clausse-FLICKR-768x512.jpg 768w, https:\/\/www.gites.net\/blog\/wp-content\/emp\/blogcasas\/2020\/12\/jean-marie-clausse-FLICKR-320x213.jpg 320w\" sizes=\"(max-width: 799px) 100vw, 799px\" \/><p id=\"caption-attachment-9086\" class=\"wp-caption-text\">jean-marie clausse-FLICKR<\/p><\/div>\n<p><span lang=\"fr-FR\">\u00c0 <\/span><span lang=\"fr-FR\"><strong>20 km d\u2019Allemagne<\/strong> et 6 km de Luxembourg, les moins de 10 km2 du <strong><a href=\"https:\/\/www.gites.net\/gites\/moselle\/rodemack\">village m\u00e9di\u00e9val de Rodemack<\/a><\/strong><\/span><span lang=\"fr-FR\"> sont entour\u00e9s par<strong> 700 m de remparts<\/strong> qui datent du XV\u00e8me si\u00e8cle. <\/span><\/p>\n<p><span lang=\"fr-FR\">Vous y acc\u00e9derez \u00e0 travers <strong>la porte de Sierck<\/strong> et parcourrez les all\u00e9es pav\u00e9es et le <strong>patrimoine architectural<\/strong> de la <\/span><strong><em><span lang=\"fr-FR\">petite Carcassonne lorraine<\/span><\/em><\/strong><span lang=\"fr-FR\">. Assurez-vous aussi de visiter la\u00a0<strong>Maison des Baillis<\/strong> et <\/span><span lang=\"fr-FR\">le <strong>Pavillon des Officiers<\/strong>, class\u00e9 Monument Historique, pendant votre petit s\u00e9jour. <\/span><\/p>\n<p><span lang=\"fr-FR\">Et pour profiter de quelque chose de diff\u00e9rent,<strong> jetez un \u0153il au jardin m\u00e9di\u00e9val,<\/strong> situ\u00e9 le long du <strong>Ruisseau des <\/strong><\/span><span lang=\"fr-FR\"><strong>Oiseaux<\/strong>, un jardin cr\u00e9\u00e9 selon le <strong>style g\u00e9om\u00e9trique<\/strong> du Moyen \u00c2ge.<\/span><\/p>\n","protected":false},"excerpt":{"rendered":"<p>Nous avons tous des jours de cong\u00e9 ou des week-ends o\u00f9 nous voulons faire quelque chose de diff\u00e9rent, mais nous ne savons pas vraiment quoi.\u00a0Ou alors nous avons vraiment envie de faire un voyage, mais pas du tout de pr\u00e9parer&hellip; <br \/><a class=\"read-more-button\" href=\"https:\/\/www.gites.net\/blog\/les-meilleurs-villages-a-visiter-en-une-journee\">Savoir plus<\/a><\/p>\n","protected":false},"author":8,"featured_media":9093,"comment_status":"open","ping_status":"open","sticky":false,"template":"","format":"standard","meta":[],"categories":[8],"tags":[],"_links":{"self":[{"href":"https:\/\/www.gites.net\/blog\/wp-json\/wp\/v2\/posts\/9085"}],"collection":[{"href":"https:\/\/www.gites.net\/blog\/wp-json\/wp\/v2\/posts"}],"about":[{"href":"https:\/\/www.gites.net\/blog\/wp-json\/wp\/v2\/types\/post"}],"author":[{"embeddable":true,"href":"https:\/\/www.gites.net\/blog\/wp-json\/wp\/v2\/users\/8"}],"replies":[{"embeddable":true,"href":"https:\/\/www.gites.net\/blog\/wp-json\/wp\/v2\/comments?post=9085"}],"version-history":[{"count":2,"href":"https:\/\/www.gites.net\/blog\/wp-json\/wp\/v2\/posts\/9085\/revisions"}],"predecessor-version":[{"id":9095,"href":"https:\/\/www.gites.net\/blog\/wp-json\/wp\/v2\/posts\/9085\/revisions\/9095"}],"wp:featuredmedia":[{"embeddable":true,"href":"https:\/\/www.gites.net\/blog\/wp-json\/wp\/v2\/media\/9093"}],"wp:attachment":[{"href":"https:\/\/www.gites.net\/blog\/wp-json\/wp\/v2\/media?parent=9085"}],"wp:term":[{"taxonomy":"category","embeddable":true,"href":"https:\/\/www.gites.net\/blog\/wp-json\/wp\/v2\/categories?post=9085"},{"taxonomy":"post_tag","embeddable":true,"href":"https:\/\/www.gites.net\/blog\/wp-json\/wp\/v2\/tags?post=9085"}],"curies":[{"name":"wp","href":"https:\/\/api.w.org\/{rel}","templated":true}]}}