
{"id":9076,"date":"2021-11-23T14:57:35","date_gmt":"2021-11-23T14:57:35","guid":{"rendered":"https:\/\/www.gites.net\/blog\/?p=9076"},"modified":"2021-11-23T14:57:35","modified_gmt":"2021-11-23T14:57:35","slug":"sites-touristiques-les-plus-visites-en-france","status":"publish","type":"post","link":"https:\/\/www.gites.net\/blog\/sites-touristiques-les-plus-visites-en-france","title":{"rendered":"Sites touristiques les plus visit\u00e9s en France"},"content":{"rendered":"<p><span lang=\"fr-FR\">Nous connaissons tous la <strong>tour Eiffel, l\u2019Arc de Triomphe, le Mus\u00e9e du Louvre ou Disneyland<\/strong>, ce qu\u2019ils ont en commun, c\u2019est qu\u2019ils font <strong>partie des sites les plus visit\u00e9s<\/strong> en France. Ils se situent tous dans la capitale, mais ils <strong>existent aussi de nombreux lieux<\/strong> tout aussi c\u00e9l\u00e8bres et un peu <strong>moins typiques<\/strong> dans d\u2019autres points sur la carte. <\/span><\/p>\n<p><span lang=\"fr-FR\">Nous cherchons souvent \u00e0 fuir les villes et \u00e0 <strong>profiter de la paix et la tranquillit\u00e9<\/strong> des villages, mais nous voulons aussi <strong>conna\u00eetre les endroits les plus visit\u00e9s<\/strong>. M\u00eame si nous risquons \u00e0 nous croisez avec une infinit\u00e9 d\u2019autres touristes, si tout le monde visite un endroit, c\u2019est surement parce qu\u2019il s\u2019agit d\u2019<strong>un site important ou magnifique \u00e0 voir.<\/strong> <\/span><\/p>\n<p><span lang=\"fr-FR\">La<strong> liste des sites<\/strong> et endroits les plus visit\u00e9s en France est<strong> tr\u00e8s longue<\/strong>, mais en voici quelques-uns par o\u00f9 vous pouvez commencer. <\/span><\/p>\n<h2><strong><span lang=\"fr-FR\">La Croisette de Cannes<\/span><\/strong><\/h2>\n<div id=\"attachment_9081\" style=\"width: 809px\" class=\"wp-caption aligncenter\"><img aria-describedby=\"caption-attachment-9081\" loading=\"lazy\" class=\"size-full wp-image-9081\" src=\"https:\/\/www.gites.net\/blog\/wp-content\/emp\/blogcasas\/2020\/12\/R\u00fcdiger-Stehn-FLICKR.jpg\" alt=\"R\u00fcdiger Stehn-FLICKR\" width=\"799\" height=\"526\" srcset=\"https:\/\/www.gites.net\/blog\/wp-content\/emp\/blogcasas\/2020\/12\/R\u00fcdiger-Stehn-FLICKR.jpg 799w, https:\/\/www.gites.net\/blog\/wp-content\/emp\/blogcasas\/2020\/12\/R\u00fcdiger-Stehn-FLICKR-300x197.jpg 300w, https:\/\/www.gites.net\/blog\/wp-content\/emp\/blogcasas\/2020\/12\/R\u00fcdiger-Stehn-FLICKR-768x506.jpg 768w\" sizes=\"(max-width: 799px) 100vw, 799px\" \/><p id=\"caption-attachment-9081\" class=\"wp-caption-text\">R\u00fcdiger Stehn-FLICKR<\/p><\/div>\n<p><span lang=\"fr-FR\">Pendant le festival de Cannes, un <strong>grand nombre de stars passent par <a href=\"https:\/\/www.gites.net\/gites\/alpes-maritimes\/cannes\">cette ville de la <\/a><\/strong><\/span><strong><span lang=\"fr-FR\">C\u00f4te d&rsquo;Azur<\/span><\/strong><span lang=\"fr-FR\">, mais nous parlons ici d\u2019une star qui s\u2019y trouve pendant toute l\u2019ann\u00e9e&nbsp;<strong>: la Croisette est une plage<\/strong> de pr\u00e8s de 2 km de long et qui re\u00e7oit pr\u00e8s de<strong> 3 millions de visiteurs par an. <\/strong><\/span><\/p>\n<p><span lang=\"fr-FR\">Elle doit son nom \u00e0 une<strong> petite croix install\u00e9e par les p\u00e8lerins<\/strong> dans les <strong>ann\u00e9es 1930<\/strong> \u00e0 l\u2019extr\u00e9mit\u00e9 sud de la ville, aujourd\u2019hui \u00e0 l\u2019endroit o\u00f9 elle se trouvait vous pourrez<strong> voir l\u2019Oratoire de la Pointe Croisette<\/strong>, plac\u00e9 en sa m\u00e9moire. <\/span><\/p>\n<p><span lang=\"fr-FR\">Il y a une<strong> promenade pi\u00e9tonne pleine de pins<\/strong> tout le long de la plage, c\u2019est l\u00e0 o\u00f9 se dispose le tapis rouge pendant le c\u00e9l\u00e8bre festival. Vous pourrez vous y promener et vous<strong> sentir comme une vraie star de cin\u00e9ma<\/strong>, vous deviendrez Leonardo DiCaprio ou Angelina Jolie pour un instant.<\/span><\/p>\n<p>&nbsp;<\/p>\n<h2><strong><span lang=\"fr-FR\">La Cit\u00e9 M\u00e9di\u00e9vale de Carcassonne<\/span><\/strong><\/h2>\n<div id=\"attachment_9080\" style=\"width: 809px\" class=\"wp-caption aligncenter\"><img aria-describedby=\"caption-attachment-9080\" loading=\"lazy\" class=\"size-full wp-image-9080\" src=\"https:\/\/www.gites.net\/blog\/wp-content\/emp\/blogcasas\/2020\/12\/Vicente-Villam\u00f3n-FLICKR.jpg\" alt=\"Vicente Villam\u00f3n-FLICKR\" width=\"799\" height=\"533\" srcset=\"https:\/\/www.gites.net\/blog\/wp-content\/emp\/blogcasas\/2020\/12\/Vicente-Villam\u00f3n-FLICKR.jpg 799w, https:\/\/www.gites.net\/blog\/wp-content\/emp\/blogcasas\/2020\/12\/Vicente-Villam\u00f3n-FLICKR-300x200.jpg 300w, https:\/\/www.gites.net\/blog\/wp-content\/emp\/blogcasas\/2020\/12\/Vicente-Villam\u00f3n-FLICKR-768x512.jpg 768w, https:\/\/www.gites.net\/blog\/wp-content\/emp\/blogcasas\/2020\/12\/Vicente-Villam\u00f3n-FLICKR-320x213.jpg 320w\" sizes=\"(max-width: 799px) 100vw, 799px\" \/><p id=\"caption-attachment-9080\" class=\"wp-caption-text\">Vicente Villam\u00f3n-FLICKR<\/p><\/div>\n<p><span lang=\"fr-FR\">Inscrite au <strong>patrimoine mondial de l\u2019UNESCO<\/strong> depuis 1997, cette <strong><a href=\"https:\/\/www.gites.net\/gites\/aude\/carcassonne\">cit\u00e9 m\u00e9di\u00e9vale<\/a><\/strong> se trouve au sud de la France, dans le <strong>d\u00e9partement de l&rsquo;Aude<\/strong> et c\u2019est le site le plus visit\u00e9 de la <strong>r\u00e9gion Occitanie<\/strong>, avec 2 millions de visiteurs chaque ann\u00e9e. <\/span><\/p>\n<p><span lang=\"fr-FR\">Il s\u2019agit d\u2019un ensemble m\u00e9di\u00e9val <strong>compos\u00e9 de 52 tours<\/strong> et d\u2019une double enceinte fortifi\u00e9e de 3 km qui sont conserv\u00e9es depuis le XIX\u00e8me si\u00e8cle. <\/span><span lang=\"fr-FR\">C\u2019est \u00e0 cette date quand<strong> la cit\u00e9 fut restaur\u00e9e<\/strong> et devenue la <strong>plus grande cit\u00e9 m\u00e9di\u00e9vale fortifi\u00e9e d\u2019Europe<\/strong>, apr\u00e8s avoir \u00e9t\u00e9 conquise, d\u00e9truite, reconstruit et abandonn\u00e9e pendant de nombreuses ann\u00e9es. <\/span><\/p>\n<p><span lang=\"fr-FR\">Aujourd\u2019hui<strong> plus de 3 millions de personnes<\/strong> visitent Carcassonne chaque ann\u00e9e pour y d\u00e9couvrir le <strong>Ch\u00e2teau Comtal,<\/strong> La basilique Saint Nazaire ou le <\/span><span lang=\"fr-FR\"><strong>Canal du Midi<\/strong> et retourner au <\/span><span lang=\"fr-FR\">Moyen \u00c2ge.<\/span><\/p>\n<p>&nbsp;<\/p>\n<h2><strong><span lang=\"fr-FR\">Les Calanques de Cassis<\/span><\/strong><\/h2>\n<div id=\"attachment_9079\" style=\"width: 810px\" class=\"wp-caption aligncenter\"><img aria-describedby=\"caption-attachment-9079\" loading=\"lazy\" class=\"size-full wp-image-9079\" src=\"https:\/\/www.gites.net\/blog\/wp-content\/emp\/blogcasas\/2020\/12\/jyl4032-FLICKR.jpg\" alt=\"jyl4032-FLICKR\" width=\"800\" height=\"534\" srcset=\"https:\/\/www.gites.net\/blog\/wp-content\/emp\/blogcasas\/2020\/12\/jyl4032-FLICKR.jpg 800w, https:\/\/www.gites.net\/blog\/wp-content\/emp\/blogcasas\/2020\/12\/jyl4032-FLICKR-300x200.jpg 300w, https:\/\/www.gites.net\/blog\/wp-content\/emp\/blogcasas\/2020\/12\/jyl4032-FLICKR-768x513.jpg 768w, https:\/\/www.gites.net\/blog\/wp-content\/emp\/blogcasas\/2020\/12\/jyl4032-FLICKR-320x213.jpg 320w\" sizes=\"(max-width: 800px) 100vw, 800px\" \/><p id=\"caption-attachment-9079\" class=\"wp-caption-text\">jyl4032-FLICKR<\/p><\/div>\n<p><span lang=\"fr-FR\">Marchons ensemble \u00e0 pied pendant<strong> 20 km pied de Marseille<\/strong> jusqu\u2019\u00e0 <strong>Cassis<\/strong>, la flemme&nbsp;? Vous changerez surement d\u2019opinion quand vous verrez les <strong><a href=\"https:\/\/www.gites.net\/gites\/bouches-du-rhone\/cassis\">magnifiques paysages<\/a><\/strong> qui vous attendent. <\/span><\/p>\n<p><span lang=\"fr-FR\">Les Calanques sont un<strong> ensemble de falaises calcaires blanches<\/strong> et de 43.500 hectares de criques de couleur bleu cristallin, <em>cela vous semble d\u00e9j\u00e0 mieux&nbsp;?<\/em> Il y a de nombreux sentiers qui m\u00e8nent jusqu\u2019au sommet, mais attention car <strong>ce parc naturel est l\u2019un des paysages les plus escarp\u00e9s<\/strong> et abrupts qu\u2019il y a dans la mer M\u00e9diterran\u00e9e. <\/span><\/p>\n<p><span lang=\"fr-FR\">Pour ceux qui veulent<strong> profiter de cette merveille<\/strong>, mais ne veulent pas trop se fatiguer, la bonne nouvelle c\u2019est qu\u2019il y a des excursions en bateaux qui vous y m\u00e8nent. Si<strong> plus de 2 millions de personnes les visitent<\/strong> chaque ann\u00e9e, le voyage m\u00e9rite surement le d\u00e9placement&nbsp;!<\/span><\/p>\n<p>&nbsp;<\/p>\n<h2><strong><span lang=\"fr-FR\">Le Cimeti\u00e8re Am\u00e9ricain de Colleville-sur-Mer<\/span> <\/strong><\/h2>\n<div id=\"attachment_9078\" style=\"width: 810px\" class=\"wp-caption aligncenter\"><img aria-describedby=\"caption-attachment-9078\" loading=\"lazy\" class=\"size-full wp-image-9078\" src=\"https:\/\/www.gites.net\/blog\/wp-content\/emp\/blogcasas\/2020\/12\/emile-lombard-FLICKR.jpg\" alt=\"emile lombard-FLICKR\" width=\"800\" height=\"534\" srcset=\"https:\/\/www.gites.net\/blog\/wp-content\/emp\/blogcasas\/2020\/12\/emile-lombard-FLICKR.jpg 800w, https:\/\/www.gites.net\/blog\/wp-content\/emp\/blogcasas\/2020\/12\/emile-lombard-FLICKR-300x200.jpg 300w, https:\/\/www.gites.net\/blog\/wp-content\/emp\/blogcasas\/2020\/12\/emile-lombard-FLICKR-768x513.jpg 768w, https:\/\/www.gites.net\/blog\/wp-content\/emp\/blogcasas\/2020\/12\/emile-lombard-FLICKR-320x213.jpg 320w\" sizes=\"(max-width: 800px) 100vw, 800px\" \/><p id=\"caption-attachment-9078\" class=\"wp-caption-text\">emile lombard-FLICKR<\/p><\/div>\n<p><em><span lang=\"fr-FR\">\u00ab&nbsp;To be opened June 6, 2044 \u00bb<\/span><\/em><span lang=\"fr-FR\">, <em>\u00ab&nbsp;\u00c0 ouvrir le 6 juin 2044 \u00bb<\/em>&nbsp;: voici une<strong> date \u00e0 marquer sur le calendrier&nbsp;!<\/strong> Il s\u2019agit de la date grav\u00e9e dans la dalle de granit rose qui recouvre la <strong>capsule temporelle enterr\u00e9e<\/strong> dans la pelouse du cimeti\u00e8re Am\u00e9ricain de <strong><a href=\"https:\/\/www.gites.net\/gites\/calvados\/colleville-sur-mer\">Colleville-sur-mer<\/a><\/strong>. <\/span><\/p>\n<p><span lang=\"fr-FR\">\u00c0 l\u2019int\u00e9rieur, elle <strong>conserve les journaux et les d\u00e9p\u00eaches<\/strong> qui annon\u00e7aient le <strong>d\u00e9barquement de Normandie<\/strong> du 6 juin 1944. M\u00eame si cela semble bizarre de<strong> visiter un cimeti\u00e8re<\/strong>, celui-ci se trouve dans un<strong> vaste espace vert<\/strong> de plus de 70 hectares, perch\u00e9 sur une falaise avec des magnifique<strong> vue sur <\/strong><\/span><span lang=\"fr-FR\"><strong>Omaha Beach<\/strong>. <\/span><\/p>\n<p><span lang=\"fr-FR\">C\u2019est peut-\u00eatre par son magnifique emplacement que <strong>2 millions de personnes s\u2019y rendent chaque ann\u00e9e<\/strong>. Il abrite environ <strong>10.000 croix en marbre blanc<\/strong> en m\u00e9moire des Alli\u00e9s qui se sont sacrifi\u00e9s pour la libert\u00e9 pendant la Seconde Guerre mondiale.<\/span><\/p>\n<p>&nbsp;<\/p>\n<h2><strong><span lang=\"fr-FR\">Le Sanctuaire Notre-Dame de Lourdes<\/span><\/strong><\/h2>\n<div id=\"attachment_9077\" style=\"width: 810px\" class=\"wp-caption aligncenter\"><img aria-describedby=\"caption-attachment-9077\" loading=\"lazy\" class=\"size-full wp-image-9077\" src=\"https:\/\/www.gites.net\/blog\/wp-content\/emp\/blogcasas\/2020\/12\/paweesit-FLICKR.jpg\" alt=\"paweesit-FLICKR\" width=\"800\" height=\"449\" srcset=\"https:\/\/www.gites.net\/blog\/wp-content\/emp\/blogcasas\/2020\/12\/paweesit-FLICKR.jpg 800w, https:\/\/www.gites.net\/blog\/wp-content\/emp\/blogcasas\/2020\/12\/paweesit-FLICKR-300x168.jpg 300w, https:\/\/www.gites.net\/blog\/wp-content\/emp\/blogcasas\/2020\/12\/paweesit-FLICKR-768x431.jpg 768w\" sizes=\"(max-width: 800px) 100vw, 800px\" \/><p id=\"caption-attachment-9077\" class=\"wp-caption-text\">paweesit-FLICKR<\/p><\/div>\n<p><span lang=\"fr-FR\">Que ce soit une<strong> scl\u00e9rose, un cancer ou une tuberculose<\/strong>, 6 millions de p\u00e8lerins et entre eux, entre 50.000 et 65.000 malades <strong><a href=\"https:\/\/www.gites.net\/gites\/hautes-pyrenees\/lourdes\">visitent ce sanctuaire<\/a><\/strong> par an avec l\u2019espoir de terminer sur la<strong> liste des miracles reconnus<\/strong> des gu\u00e9risons de Lourdes. <\/span><\/p>\n<p><span lang=\"fr-FR\">Aujourd\u2019hui cette liste compte <strong>70 miracles reconnus et environ 7.200&nbsp;cas jug\u00e9s inexpliqu\u00e9s<\/strong> depuis la premi\u00e8re apparition de la Vierge Marie \u00e0&nbsp;Bernadette Soubirous, en1858 dans la <strong>grotte de Massabielle,<\/strong> le dernier fut reconnu en 2018. <\/span><\/p>\n<p><span lang=\"fr-FR\">Si vous ne chercher aucun miracle, mais seulement de connaitre et de d\u00e9couvrir les alentours de <strong>cet endroit si c\u00e9l\u00e8bre,<\/strong> il existe la possibilit\u00e9 d\u2019y<strong> monter avec un funiculaire,<\/strong> \u00e0 pied ou en v\u00e9lo et de profiter des belles vues et d\u2019une promenade on ne peut plus sp\u00e9ciale.<\/span><\/p>\n","protected":false},"excerpt":{"rendered":"<p>Nous connaissons tous la tour Eiffel, l\u2019Arc de Triomphe, le Mus\u00e9e du Louvre ou Disneyland, ce qu\u2019ils ont en commun, c\u2019est qu\u2019ils font partie des sites les plus visit\u00e9s en France. Ils se situent tous dans la capitale, mais ils&hellip; <br \/><a class=\"read-more-button\" href=\"https:\/\/www.gites.net\/blog\/sites-touristiques-les-plus-visites-en-france\">Savoir plus<\/a><\/p>\n","protected":false},"author":8,"featured_media":9082,"comment_status":"open","ping_status":"open","sticky":false,"template":"","format":"standard","meta":[],"categories":[8],"tags":[111],"_links":{"self":[{"href":"https:\/\/www.gites.net\/blog\/wp-json\/wp\/v2\/posts\/9076"}],"collection":[{"href":"https:\/\/www.gites.net\/blog\/wp-json\/wp\/v2\/posts"}],"about":[{"href":"https:\/\/www.gites.net\/blog\/wp-json\/wp\/v2\/types\/post"}],"author":[{"embeddable":true,"href":"https:\/\/www.gites.net\/blog\/wp-json\/wp\/v2\/users\/8"}],"replies":[{"embeddable":true,"href":"https:\/\/www.gites.net\/blog\/wp-json\/wp\/v2\/comments?post=9076"}],"version-history":[{"count":2,"href":"https:\/\/www.gites.net\/blog\/wp-json\/wp\/v2\/posts\/9076\/revisions"}],"predecessor-version":[{"id":9999,"href":"https:\/\/www.gites.net\/blog\/wp-json\/wp\/v2\/posts\/9076\/revisions\/9999"}],"wp:featuredmedia":[{"embeddable":true,"href":"https:\/\/www.gites.net\/blog\/wp-json\/wp\/v2\/media\/9082"}],"wp:attachment":[{"href":"https:\/\/www.gites.net\/blog\/wp-json\/wp\/v2\/media?parent=9076"}],"wp:term":[{"taxonomy":"category","embeddable":true,"href":"https:\/\/www.gites.net\/blog\/wp-json\/wp\/v2\/categories?post=9076"},{"taxonomy":"post_tag","embeddable":true,"href":"https:\/\/www.gites.net\/blog\/wp-json\/wp\/v2\/tags?post=9076"}],"curies":[{"name":"wp","href":"https:\/\/api.w.org\/{rel}","templated":true}]}}