
{"id":9058,"date":"2020-12-09T11:51:08","date_gmt":"2020-12-09T11:51:08","guid":{"rendered":"https:\/\/www.gites.net\/blog\/?p=9058"},"modified":"2020-12-09T11:51:57","modified_gmt":"2020-12-09T11:51:57","slug":"les-meilleurs-sites-archeologiques-a-visiter-en-france","status":"publish","type":"post","link":"https:\/\/www.gites.net\/blog\/les-meilleurs-sites-archeologiques-a-visiter-en-france","title":{"rendered":"Les meilleurs sites arch\u00e9ologiques \u00e0 visiter en France"},"content":{"rendered":"<p><span lang=\"fr-FR\"><strong>L\u2019\u00eatre humain est curieux<\/strong> par nature, nous voulons toujours en savoir plus.\u00a0Il vous est surement d\u00e9j\u00e0 arriv\u00e9 \u00e0 plusieurs reprises de vous demander d\u2019o\u00f9 nous venons vraiment,<strong> comment \u00e9taient nos anc\u00eatres<\/strong> ou comment ils vivaient.<\/span><span lang=\"fr-FR\"> \u00a0<\/span><\/p>\n<p><span lang=\"fr-FR\">Si vous aviez une machine \u00e0 remonter le temps, <em>vous <strong>retourneriez certainement dans le pass\u00e9<\/strong> pour en savoir plus sur les vieilles habitudes, mais \u00e0 quelle \u00e9poque\u00a0?<\/em> Nous vous proposons de nous accompagner faire <strong>un voyage dans le pass\u00e9<\/strong>, de retournez en arri\u00e8re dans le temps avec nous. <\/span><\/p>\n<p><span lang=\"fr-FR\">Nous allons d\u00e9couvrir<strong> les plus grands secrets de nos anc\u00eatres<\/strong> et visiter<strong> certains des vestiges<\/strong> qu\u2019ils nous ont laiss\u00e9s. <\/span><\/p>\n<p>&nbsp;<\/p>\n<h2><strong><span lang=\"fr-FR\">Le village des Bories<\/span><\/strong><\/h2>\n<div id=\"attachment_9060\" style=\"width: 810px\" class=\"wp-caption aligncenter\"><img aria-describedby=\"caption-attachment-9060\" loading=\"lazy\" class=\"size-full wp-image-9060\" src=\"https:\/\/www.gites.net\/blog\/wp-content\/emp\/blogcasas\/2020\/12\/alh1-FLICKR.jpg\" alt=\"alh1-FLICKR\" width=\"800\" height=\"640\" srcset=\"https:\/\/www.gites.net\/blog\/wp-content\/emp\/blogcasas\/2020\/12\/alh1-FLICKR.jpg 800w, https:\/\/www.gites.net\/blog\/wp-content\/emp\/blogcasas\/2020\/12\/alh1-FLICKR-300x240.jpg 300w, https:\/\/www.gites.net\/blog\/wp-content\/emp\/blogcasas\/2020\/12\/alh1-FLICKR-768x614.jpg 768w\" sizes=\"(max-width: 800px) 100vw, 800px\" \/><p id=\"caption-attachment-9060\" class=\"wp-caption-text\">alh1-FLICKR<\/p><\/div>\n<p><span lang=\"fr-FR\">Nous allons d\u2019abord retourner<strong> \u00e0 l\u2019\u00e2ge du bronze<\/strong> et nous <strong><a href=\"https:\/\/www.gites.net\/gites\/vaucluse\">voyagerons jusqu\u2019\u00e0 Vaucluse<\/a><\/strong>, dans la r\u00e9gion de<strong> Provence-Alpes-C\u00f4te d&rsquo;Azur<\/strong> et plus pr\u00e9cis\u00e9ment, \u00e0 4 km de Gordes et \u00e0 <strong>270 m d\u2019altitude.<\/strong> <\/span><\/p>\n<p><span lang=\"fr-FR\">Nous trouverons ici un<strong> village compos\u00e9 de cabanes en pierre<\/strong> s\u00e8che, aussi appel\u00e9 <strong><em>le Village Noir<\/em><\/strong> : le<strong> village des Bories.<\/strong> Les maisons de ce village ont \u00e9t\u00e9 reconstitu\u00e9es enti\u00e8rement pendant la croissance d\u00e9mographique des<strong> XVII \u00e8me et XVIII \u00e8me si\u00e8cles. <\/strong><\/span><\/p>\n<p><span lang=\"fr-FR\">Aujourd\u2019hui,<strong> c\u2019est un mus\u00e9e<\/strong> qui vous offre l\u2019image du mode de vie de cette \u00e9poque, une <strong>exposition d&rsquo;objets<\/strong> quotidiens et de traditionnels outils agricoles. De plus, ce village o\u00f9 les paysans, les ouvriers et les agriculteurs les plus d\u00e9savantag\u00e9s essayaient de fuir la faim, \u00e9tait divis\u00e9<strong> en groupes de cabanes<\/strong> selon ses diff\u00e9rentes fonctions. <\/span><\/p>\n<p><span lang=\"fr-FR\">Vous <strong>pourrez essayer de deviner<\/strong> quel \u00e9tait le r\u00f4le de chaque groupe de cabanes.<\/span><\/p>\n<p>&nbsp;<\/p>\n<h2><strong><span lang=\"fr-FR\">Les alignements de Carnac<\/span><\/strong><\/h2>\n<div id=\"attachment_9061\" style=\"width: 810px\" class=\"wp-caption aligncenter\"><img aria-describedby=\"caption-attachment-9061\" loading=\"lazy\" class=\"size-full wp-image-9061\" src=\"https:\/\/www.gites.net\/blog\/wp-content\/emp\/blogcasas\/2020\/12\/Francis-TH\u00c9VENEAU-FLICKR.jpg\" alt=\"Francis TH\u00c9VENEAU-FLICKR\" width=\"800\" height=\"599\" srcset=\"https:\/\/www.gites.net\/blog\/wp-content\/emp\/blogcasas\/2020\/12\/Francis-TH\u00c9VENEAU-FLICKR.jpg 800w, https:\/\/www.gites.net\/blog\/wp-content\/emp\/blogcasas\/2020\/12\/Francis-TH\u00c9VENEAU-FLICKR-300x225.jpg 300w, https:\/\/www.gites.net\/blog\/wp-content\/emp\/blogcasas\/2020\/12\/Francis-TH\u00c9VENEAU-FLICKR-768x575.jpg 768w, https:\/\/www.gites.net\/blog\/wp-content\/emp\/blogcasas\/2020\/12\/Francis-TH\u00c9VENEAU-FLICKR-156x117.jpg 156w\" sizes=\"(max-width: 800px) 100vw, 800px\" \/><p id=\"caption-attachment-9061\" class=\"wp-caption-text\">Francis TH\u00c9VENEAU-FLICKR<\/p><\/div>\n<p><span lang=\"fr-FR\">Situ\u00e9s <strong><a href=\"https:\/\/www.gites.net\/gites\/bretagne\">en Bretagne<\/a><\/strong>, pr\u00e8s du<strong> golfe du Morbihan<\/strong> et au nord du village qui porte le m\u00eame nom, les <strong>alignements de Carnac<\/strong> sont consid\u00e9r\u00e9s le <strong>plus grand monument pr\u00e9historique du monde<\/strong>. <\/span><\/p>\n<p><span lang=\"fr-FR\">Il s\u2019agit d\u2019un <strong>ensemble m\u00e9galithique<\/strong>, de <strong>menhirs<\/strong> group\u00e9s formant des lignes sur<strong> plus de 4 km,<\/strong> qui date du <strong>N\u00e9olithique<\/strong>, environ entre 5 000 et 3 000 ans avant J.C. Ces alignements sont compos\u00e9s de plusieurs ensembles, le plus important est <strong>celui du Menec<\/strong>, qui compte <strong>1.099 menhirs,<\/strong> dont certains mesurent pr\u00e8s de 4 m de hauteur. <\/span><\/p>\n<p><span lang=\"fr-FR\"><strong>L\u2019alignement de Kermario<\/strong> est n\u00e9anmoins le plus connu, car c\u2019est o\u00f9 se trouve les p<strong>lus grandes pierres de Carnac,<\/strong> avec plus de 7 m de haut. Il y a <strong>diverses hypoth\u00e8ses<\/strong> qui veulent expliquer la pr\u00e9sence de ces alignements, nous vous laissons les th\u00e9ories les plus folles. <\/span><\/p>\n<p><span lang=\"fr-FR\">Certains pensaient qu\u2019ils s\u2019agissaient de <strong>vestiges du D\u00e9luge Universel<\/strong> ou de tombeaux, J\u00e9r\u00f4me Penhouet sugg\u00e9rait que c\u2019\u00e9tait<strong> le fossile d\u2019un serpent d\u2019\u00e9normes dimensions<\/strong> et l\u2019\u00e9crivain Jacques Cambry que c\u2019\u00e9tait un observatoire astronomique druide. <\/span><\/p>\n<p><span lang=\"fr-FR\"><strong>Quelle est votre th\u00e9orie ?<\/strong><\/span><\/p>\n<p>&nbsp;<\/p>\n<h2><strong><span lang=\"fr-FR\">La grotte de Lascaux<\/span><\/strong><\/h2>\n<div id=\"attachment_9062\" style=\"width: 810px\" class=\"wp-caption aligncenter\"><img aria-describedby=\"caption-attachment-9062\" loading=\"lazy\" class=\"size-full wp-image-9062\" src=\"https:\/\/www.gites.net\/blog\/wp-content\/emp\/blogcasas\/2020\/12\/Bayes-Ahmed-FLICKR.jpg\" alt=\"Bayes Ahmed-FLICKR\" width=\"800\" height=\"589\" srcset=\"https:\/\/www.gites.net\/blog\/wp-content\/emp\/blogcasas\/2020\/12\/Bayes-Ahmed-FLICKR.jpg 800w, https:\/\/www.gites.net\/blog\/wp-content\/emp\/blogcasas\/2020\/12\/Bayes-Ahmed-FLICKR-300x221.jpg 300w, https:\/\/www.gites.net\/blog\/wp-content\/emp\/blogcasas\/2020\/12\/Bayes-Ahmed-FLICKR-768x565.jpg 768w\" sizes=\"(max-width: 800px) 100vw, 800px\" \/><p id=\"caption-attachment-9062\" class=\"wp-caption-text\">Bayes Ahmed-FLICKR<\/p><\/div>\n<p><span lang=\"fr-FR\">La <em>chapelle Sixtine de l\u2019art pari\u00e9tal, Versailles de la Pr\u00e9histoire, Altamira fran\u00e7aise<\/em>, la<strong> Grotte de Lascaux<\/strong> est connue sous <strong>divers surnoms.<\/strong> <\/span><\/p>\n<p><span lang=\"fr-FR\">Elle se trouve dans la <strong>vall\u00e9e de la V\u00e9z\u00e8re<\/strong>, dans le <strong><a href=\"https:\/\/www.gites.net\/gites\/dordogne\">d\u00e9partement de la Dordogne<\/a><\/strong>, \u00e0 <strong>Montignac-Lascaux<\/strong> et c\u2019est l\u2019une <strong>des plus importantes<\/strong> grottes du <strong>Pal\u00e9olithique<\/strong>. <\/span><\/p>\n<p><span lang=\"fr-FR\">Ils existent<strong> plusieurs versions<\/strong> de l\u2019histoire de sa d\u00e9couverte, nous vous racontons ici la plus c\u00e9l\u00e8bre\u00a0:<strong> Quatre adolescents<\/strong> se prom\u00e8nent dans les alentours <strong>avec un chien<\/strong> qui, soudain poursuit un lapin qui s\u2019\u00e9chappe et se r\u00e9fugie dans un trou. Un des adolescents essaye de retrouver le lapin et <strong>d\u00e9couvre que le trou cache<\/strong> ce qu\u2019il croit une<strong> sortie souterraine du ch\u00e2teau<\/strong> de Lascaux. <\/span><\/p>\n<p><span lang=\"fr-FR\">Ceci aurait eu lieu le <strong>12 septembre 1940<\/strong>, aujourd\u2019hui et depuis 1979, la grotte est class\u00e9e <strong>patrimoine de l\u2019UNESCO.<\/strong> Malheureusement, due au faite des nombreuse visites, la grotte aurait subis de nombreux dommages, c\u2019est pour \u00e7a qu\u2019aujourd\u2019hui vous <strong>pouvez visiter la reconstitution<\/strong> de ses peintures et gravures au <strong>Centre International de l\u2019Art Pari\u00e9tal.<\/strong><\/span><\/p>\n<p>&nbsp;<\/p>\n<h2><strong><span lang=\"fr-FR\">Vindunum, Le Mans<\/span><\/strong><\/h2>\n<div id=\"attachment_9063\" style=\"width: 810px\" class=\"wp-caption aligncenter\"><img aria-describedby=\"caption-attachment-9063\" loading=\"lazy\" class=\"size-full wp-image-9063\" src=\"https:\/\/www.gites.net\/blog\/wp-content\/emp\/blogcasas\/2020\/12\/Daniel-Jolivet-FLICKR.jpg\" alt=\"Daniel Jolivet-FLICKR\" width=\"800\" height=\"525\" srcset=\"https:\/\/www.gites.net\/blog\/wp-content\/emp\/blogcasas\/2020\/12\/Daniel-Jolivet-FLICKR.jpg 800w, https:\/\/www.gites.net\/blog\/wp-content\/emp\/blogcasas\/2020\/12\/Daniel-Jolivet-FLICKR-300x197.jpg 300w, https:\/\/www.gites.net\/blog\/wp-content\/emp\/blogcasas\/2020\/12\/Daniel-Jolivet-FLICKR-768x504.jpg 768w\" sizes=\"(max-width: 800px) 100vw, 800px\" \/><p id=\"caption-attachment-9063\" class=\"wp-caption-text\">Daniel Jolivet-FLICKR<\/p><\/div>\n<p><span lang=\"fr-FR\">Nous connaissons tous les aventures d\u2019<strong>Ast\u00e9rix et Ob\u00e9lix contre C\u00e9sar,<\/strong> mais nous voulons en<strong> savoir plus sur cette \u00e9poque<\/strong>. <strong>Vindunum<\/strong> est l\u2019ancien nom de la<strong> ville du Mans,<\/strong> capitale du <strong><a href=\"https:\/\/www.gites.net\/gites\/sarthe\">d\u00e9partement de Sarthe<\/a><\/strong> et devenue romaine pendant la <em><strong>Guerre des Gaules<\/strong><\/em>\u00a0de C\u00e9sar. <\/span><\/p>\n<p><span lang=\"fr-FR\">Le Mans est maintenant l\u2019abri de nombreux <strong>vestiges romains<\/strong>, comme par exemple les<strong> thermes romains<\/strong>, situ\u00e9s <strong>\u00e0 l\u2019\u00c9cole Sup\u00e9rieure des Beaux-Arts.<\/strong> Vous pourrez y d\u00e9couvrir les fonctions des thermes, les <strong>soins corporels des ann\u00e9es 50<\/strong> jusqu\u2019\u00e0 275 apr\u00e8s J.C., le syst\u00e8me des \u00e9gouts et d\u2019autres divers secrets. <\/span><\/p>\n<p><span lang=\"fr-FR\">\u00c0 moins de <strong>10 minutes \u00e0 pied,<\/strong> vous trouverez <strong>l&rsquo;enceinte gallo-romaine<\/strong> qui prot\u00e9geait la ville des invasions barbares. \u00c0 l\u2019origine, sa <strong>muraille<\/strong> entourait la ville gr\u00e2ce \u00e0 ses 26 tours fortifi\u00e9es et ses 4 m d\u2019\u00e9paisseur\u00a0et 1.300 m de p\u00e9rim\u00e8tre ; \u00e0 ce jour, environ 500 m de magnifiques<strong> ornementations g\u00e9om\u00e9triques<\/strong> sont conserv\u00e9s.<\/span><\/p>\n","protected":false},"excerpt":{"rendered":"<p>L\u2019\u00eatre humain est curieux par nature, nous voulons toujours en savoir plus.\u00a0Il vous est surement d\u00e9j\u00e0 arriv\u00e9 \u00e0 plusieurs reprises de vous demander d\u2019o\u00f9 nous venons vraiment, comment \u00e9taient nos anc\u00eatres ou comment ils vivaient. \u00a0 Si vous aviez une&hellip; <br \/><a class=\"read-more-button\" href=\"https:\/\/www.gites.net\/blog\/les-meilleurs-sites-archeologiques-a-visiter-en-france\">Savoir plus<\/a><\/p>\n","protected":false},"author":8,"featured_media":9059,"comment_status":"open","ping_status":"open","sticky":false,"template":"","format":"standard","meta":[],"categories":[8],"tags":[],"_links":{"self":[{"href":"https:\/\/www.gites.net\/blog\/wp-json\/wp\/v2\/posts\/9058"}],"collection":[{"href":"https:\/\/www.gites.net\/blog\/wp-json\/wp\/v2\/posts"}],"about":[{"href":"https:\/\/www.gites.net\/blog\/wp-json\/wp\/v2\/types\/post"}],"author":[{"embeddable":true,"href":"https:\/\/www.gites.net\/blog\/wp-json\/wp\/v2\/users\/8"}],"replies":[{"embeddable":true,"href":"https:\/\/www.gites.net\/blog\/wp-json\/wp\/v2\/comments?post=9058"}],"version-history":[{"count":2,"href":"https:\/\/www.gites.net\/blog\/wp-json\/wp\/v2\/posts\/9058\/revisions"}],"predecessor-version":[{"id":9065,"href":"https:\/\/www.gites.net\/blog\/wp-json\/wp\/v2\/posts\/9058\/revisions\/9065"}],"wp:featuredmedia":[{"embeddable":true,"href":"https:\/\/www.gites.net\/blog\/wp-json\/wp\/v2\/media\/9059"}],"wp:attachment":[{"href":"https:\/\/www.gites.net\/blog\/wp-json\/wp\/v2\/media?parent=9058"}],"wp:term":[{"taxonomy":"category","embeddable":true,"href":"https:\/\/www.gites.net\/blog\/wp-json\/wp\/v2\/categories?post=9058"},{"taxonomy":"post_tag","embeddable":true,"href":"https:\/\/www.gites.net\/blog\/wp-json\/wp\/v2\/tags?post=9058"}],"curies":[{"name":"wp","href":"https:\/\/api.w.org\/{rel}","templated":true}]}}