
{"id":9046,"date":"2020-12-03T13:45:51","date_gmt":"2020-12-03T13:45:51","guid":{"rendered":"https:\/\/www.gites.net\/blog\/?p=9046"},"modified":"2020-12-03T13:46:00","modified_gmt":"2020-12-03T13:46:00","slug":"villes-et-villages-a-visiter-a-noel","status":"publish","type":"post","link":"https:\/\/www.gites.net\/blog\/villes-et-villages-a-visiter-a-noel","title":{"rendered":"Villes et villages \u00e0 visiter \u00e0 No\u00ebl"},"content":{"rendered":"<p><span lang=\"fr-FR\"><strong>Le froid est arriv\u00e9<\/strong> et certains d\u2019entre nous <\/span><span lang=\"fr-FR\">pr\u00e9f\u00e8rerait surement <\/span><span lang=\"fr-FR\">prendre un bain de soleil, sur une plage paradisiaque. Personnellement, je dois vous avouer que le mois de<strong> d\u00e9cembre et surtout l\u2019\u00e9poque de No\u00ebl<\/strong>, c\u2019est mon moment pr\u00e9f\u00e9r\u00e9 de l\u2019ann\u00e9e. <\/span><\/p>\n<p><span lang=\"fr-FR\">C\u2019est la p\u00e9riode de l&rsquo;ann\u00e9e o\u00f9 nous passons <strong>le plus de temps en famille<\/strong>, la meilleure occasion de se faire des cadeaux, de mettre le sapin<\/span> <span lang=\"fr-FR\">d\u00e9cor\u00e9 de boules et de guirlandes<\/span><span lang=\"fr-FR\">, de se gaver sur le point d\u2019\u00e9clater et de passer l\u2019apr\u00e8s-midi allong\u00e9 sur le canap\u00e9 \u00e0 regarder des films de No\u00ebl avec<strong> un bon chocolat chaud.<\/strong> <\/span><\/p>\n<p><span lang=\"fr-FR\">Mais pourquoi ne pas <strong>profiter les vacances de No\u00ebl<\/strong> pour<strong> d\u00e9couvrir de nouveaux coins de France<\/strong>. Nous avons trouv\u00e9 quelques <strong>villes et villages<\/strong> qui sont int\u00e9ressants \u00e0 visiter tout au long de l\u2019ann\u00e9e mais qui, pendant cette p\u00e9riode de l\u2019ann\u00e9e, ont un <strong>charme encore plus sp\u00e9cial.<\/strong><\/span><\/p>\n<p>&nbsp;<\/p>\n<h2><strong>Grenoble<\/strong><\/h2>\n<div id=\"attachment_9051\" style=\"width: 809px\" class=\"wp-caption aligncenter\"><img aria-describedby=\"caption-attachment-9051\" loading=\"lazy\" class=\"size-full wp-image-9051\" src=\"https:\/\/www.gites.net\/blog\/wp-content\/emp\/blogcasas\/2020\/12\/Laurent-Espitallier-FLICKR.jpg\" alt=\"Laurent Espitallier-FLICKR\" width=\"799\" height=\"533\" srcset=\"https:\/\/www.gites.net\/blog\/wp-content\/emp\/blogcasas\/2020\/12\/Laurent-Espitallier-FLICKR.jpg 799w, https:\/\/www.gites.net\/blog\/wp-content\/emp\/blogcasas\/2020\/12\/Laurent-Espitallier-FLICKR-300x200.jpg 300w, https:\/\/www.gites.net\/blog\/wp-content\/emp\/blogcasas\/2020\/12\/Laurent-Espitallier-FLICKR-768x512.jpg 768w, https:\/\/www.gites.net\/blog\/wp-content\/emp\/blogcasas\/2020\/12\/Laurent-Espitallier-FLICKR-320x213.jpg 320w\" sizes=\"(max-width: 799px) 100vw, 799px\" \/><p id=\"caption-attachment-9051\" class=\"wp-caption-text\">Laurent Espitallier-FLICKR<\/p><\/div>\n<p><span lang=\"fr-FR\">Tous les plus petits de la maison attendent impatient l\u2019arriv\u00e9e du bonhomme en rouge le plus c\u00e9l\u00e8bre de ces dates\u00a0: <strong>le P\u00e8re No\u00ebl<\/strong>. <strong><a href=\"https:\/\/www.gites.net\/gites\/isere\/grenoble\">\u00c0 Grenoble<\/a><\/strong>, notre suivante proposition pour vous,<strong> il d\u00e9ambule dans les rues<\/strong> les jours 23 et 24 d\u00e9cembre et se trouve dans une cabane qui est <strong>sur la place Victor Hugo<\/strong>. <\/span><\/p>\n<p><span lang=\"fr-FR\">Sur cette place vous pourrez aussi <strong>vous balader et trouver des cadeaux<\/strong> \u00e0 offrir \u00e0 vos bien-aim\u00e9s ou de d\u00e9couvrir les <strong>produits des artisans<\/strong> et des producteurs qui se trouve sur le march\u00e9 de No\u00ebl. <\/span><\/p>\n<p><span lang=\"fr-FR\">N\u00e9anmoins, il existe aussi la possibilit\u00e9 de<strong> passer vos vacances d\u2019hiver d\u2019une autre fa\u00e7on<\/strong>, surtout pour les amoureux de la nature ou les plus sportifs. <\/span><\/p>\n<p><span lang=\"fr-FR\">Grenoble vous offre des paysages entour\u00e9s de<strong> grandioses montagnes<\/strong> neig\u00e9es o\u00f9 pouvoir faire des <strong>randonn\u00e9es<\/strong> en for\u00eat et o\u00f9 emprunter un <strong>t\u00e9l\u00e9ph\u00e9rique<\/strong> jusqu\u2019au sommet des<strong> stations de ski<\/strong>, ou alors vous pouvez y grimper vous-m\u00eame.<\/span><\/p>\n<p>&nbsp;<\/p>\n<h2><strong><span lang=\"fr-FR\">Lyon<\/span><\/strong><\/h2>\n<div id=\"attachment_9052\" style=\"width: 810px\" class=\"wp-caption aligncenter\"><img aria-describedby=\"caption-attachment-9052\" loading=\"lazy\" class=\"size-full wp-image-9052\" src=\"https:\/\/www.gites.net\/blog\/wp-content\/emp\/blogcasas\/2020\/12\/Jerome-Strauss-FLICKR.jpg\" alt=\"Jerome Strauss-FLICKR\" width=\"800\" height=\"600\" srcset=\"https:\/\/www.gites.net\/blog\/wp-content\/emp\/blogcasas\/2020\/12\/Jerome-Strauss-FLICKR.jpg 800w, https:\/\/www.gites.net\/blog\/wp-content\/emp\/blogcasas\/2020\/12\/Jerome-Strauss-FLICKR-300x225.jpg 300w, https:\/\/www.gites.net\/blog\/wp-content\/emp\/blogcasas\/2020\/12\/Jerome-Strauss-FLICKR-768x576.jpg 768w, https:\/\/www.gites.net\/blog\/wp-content\/emp\/blogcasas\/2020\/12\/Jerome-Strauss-FLICKR-156x117.jpg 156w\" sizes=\"(max-width: 800px) 100vw, 800px\" \/><p id=\"caption-attachment-9052\" class=\"wp-caption-text\">Jerome Strauss-FLICKR<\/p><\/div>\n<p><span lang=\"fr-FR\">L\u00e0 o\u00f9<strong> confluent le Rh\u00f4ne et la Sa\u00f4ne<\/strong>, au sud-est de la France, <strong><a href=\"https:\/\/www.gites.net\/gites\/rhone\/lyon\">se trouve Lyon<\/a><\/strong> et ses presque 50 km de superficie. <\/span><\/p>\n<p><span lang=\"fr-FR\">M\u00eame si nous parlons normalement d\u2019endroits un peu <strong>plus petits et plus calmes<\/strong>, cette ville a gagn\u00e9e le droit de faire partie de la liste de destinations que nous vous proposons. Si vous ne savez pas pourquoi Lyon est une <strong>destination \u00e0 ne pas manquer \u00e0 No\u00ebl<\/strong>, nous vous le racontons tout de suite : c\u2019est gr\u00e2ce \u00e0 sa <em><strong>F\u00eate des Lumi\u00e8res<\/strong><\/em>. <\/span><\/p>\n<p><span lang=\"fr-FR\">Toutes les ann\u00e9es, le<strong> 8 d\u00e9cembre<\/strong> se d\u00e9roule un moment magique, les lyonnais allument des<strong> lumignons \u00e0 leurs fen\u00eatres<\/strong>. Cette tradition remonte \u00e0<strong> l\u2019ann\u00e9e 1852<\/strong>, quand s\u2019est rendu hommage \u00e0 la Vierge Marie, en allumant des milliers de bougies qui ont <strong>illumin\u00e9es toutes les rues de la ville.<\/strong> <\/span><\/p>\n<p><span lang=\"fr-FR\">Les lyonnais firent la promesse de lui rendre cet hommage annuellement si elle<strong> cessait l\u2019\u00e9pid\u00e9mie de la peste<\/strong> et depuis qu\u2019ils ont \u00e9t\u00e9 lib\u00e9r\u00e9s, chaque ann\u00e9e la ville devient un<strong> spectacle magnifique<\/strong> de lumi\u00e8res et de feux d\u2019artifices. <\/span><\/p>\n<p>&nbsp;<\/p>\n<h2><strong><span lang=\"fr-FR\">Metz<\/span><\/strong><\/h2>\n<div id=\"attachment_9053\" style=\"width: 809px\" class=\"wp-caption aligncenter\"><img aria-describedby=\"caption-attachment-9053\" loading=\"lazy\" class=\"size-full wp-image-9053\" src=\"https:\/\/www.gites.net\/blog\/wp-content\/emp\/blogcasas\/2020\/12\/Inspire-Metz-FLICKR.jpg\" alt=\"Inspire Metz-FLICKR\" width=\"799\" height=\"601\" srcset=\"https:\/\/www.gites.net\/blog\/wp-content\/emp\/blogcasas\/2020\/12\/Inspire-Metz-FLICKR.jpg 799w, https:\/\/www.gites.net\/blog\/wp-content\/emp\/blogcasas\/2020\/12\/Inspire-Metz-FLICKR-300x226.jpg 300w, https:\/\/www.gites.net\/blog\/wp-content\/emp\/blogcasas\/2020\/12\/Inspire-Metz-FLICKR-768x578.jpg 768w, https:\/\/www.gites.net\/blog\/wp-content\/emp\/blogcasas\/2020\/12\/Inspire-Metz-FLICKR-156x117.jpg 156w\" sizes=\"(max-width: 799px) 100vw, 799px\" \/><p id=\"caption-attachment-9053\" class=\"wp-caption-text\">Inspire Metz-FLICKR<\/p><\/div>\n<p><span lang=\"fr-FR\">L\u2019ambiance de No\u00ebl se caract\u00e9rise par les d\u00e9corations, <strong>l\u2019illumination des rues<\/strong> et les march\u00e9s de No\u00ebl envahis par l\u2019odeur de <strong>cannelle et de gingembre<\/strong>. \u00c0 Metz vous trouverez tout cela et encore plus pour profiter de vos jours de cong\u00e9s et qu\u2019ils soient <strong>inoubliables<\/strong>. <\/span><\/p>\n<p><span lang=\"fr-FR\">Cette ville du <strong>nord-est de la France<\/strong> poss\u00e8de une vieille ville de chalets de bois qui se d\u00e9corent pour l\u2019occasion, de nombreux jardins, un <\/span><span lang=\"fr-FR\">sentier avec environ <strong>400 lanternes<\/strong><\/span><span lang=\"fr-FR\"> pour se promener et <strong>une for\u00eat enchant\u00e9e<\/strong>, qui s\u2019installe pour que les plus petits membres de la famille passent un bon moment. <\/span><\/p>\n<p><span lang=\"fr-FR\">Les plus grands pourront aussi retrouvez sont \u00e2me d\u2019enfant, mont\u00e9s sur un cheval de bois dans les<strong> man\u00e8ges et carrousel,<\/strong> ou au sommet de la <strong>Grande Roue de Metz.<\/strong> C\u2019est la<strong> plus grande<\/strong><\/span><span lang=\"fr-FR\"><strong> roue d\u00e9montable<\/strong> d\u2019Europe, depuis laquelle vous appr\u00e9cierez les spectaculaires vues sur la <strong>cath\u00e9drale, \u00e0 66 m\u00e8tres<\/strong> de hauteur.\u00a0<\/span><\/p>\n<p>&nbsp;<\/p>\n<h2><strong><span lang=\"fr-FR\">Nice<\/span><\/strong><\/h2>\n<div id=\"attachment_9054\" style=\"width: 809px\" class=\"wp-caption aligncenter\"><img aria-describedby=\"caption-attachment-9054\" loading=\"lazy\" class=\"size-full wp-image-9054\" src=\"https:\/\/www.gites.net\/blog\/wp-content\/emp\/blogcasas\/2020\/12\/JeroSig-FLICKR.jpg\" alt=\"JeroSig-FLICKR\" width=\"799\" height=\"533\" srcset=\"https:\/\/www.gites.net\/blog\/wp-content\/emp\/blogcasas\/2020\/12\/JeroSig-FLICKR.jpg 799w, https:\/\/www.gites.net\/blog\/wp-content\/emp\/blogcasas\/2020\/12\/JeroSig-FLICKR-300x200.jpg 300w, https:\/\/www.gites.net\/blog\/wp-content\/emp\/blogcasas\/2020\/12\/JeroSig-FLICKR-768x512.jpg 768w, https:\/\/www.gites.net\/blog\/wp-content\/emp\/blogcasas\/2020\/12\/JeroSig-FLICKR-320x213.jpg 320w\" sizes=\"(max-width: 799px) 100vw, 799px\" \/><p id=\"caption-attachment-9054\" class=\"wp-caption-text\">JeroSig-FLICKR<\/p><\/div>\n<p><span lang=\"fr-FR\">Pour <strong>tous ceux qui d\u00e9testent l\u2019hiver<\/strong> et qui sont cach\u00e9s sous 5 couvertures depuis que le froid est arriv\u00e9, ne vous inqui\u00e9tez pas parce que nous avons aussi <strong>une id\u00e9e pour vous<\/strong>, pour que vous passiez des f\u00eates un peu plus exotiques. <\/span><\/p>\n<p><span lang=\"fr-FR\">Nous vous proposons de <strong>vous enfuir \u00e0 Nice<\/strong>, la capitale des <strong><a href=\"https:\/\/www.gites.net\/gites\/provence-alpes-cote-dazur\">Alpes-Maritimes de la C\u00f4te d\u2019Azur<\/a>,<\/strong> situ\u00e9e sur les <strong>c\u00f4tes rocheuses<\/strong> de la <strong>baie des Anges<\/strong> et o\u00f9 vous pourrez profiter d\u2019une temp\u00e9rature un peu plus douce et pourquoi pas, du soleil. M\u00eame si il ne fait pas assez chaud pour pourvoir emmener votre <strong>maillot de bain<\/strong> dans la valise, Nice offre d\u2019autres <strong>nombreuses activit\u00e9s<\/strong> pour jouir des vacances de No\u00ebl. <\/span><\/p>\n<p><span lang=\"fr-FR\">Pour ne pas perdre compl\u00e8tement<strong> l\u2019esprit festive<\/strong>, <em>que\u2019en dites vous de faire du patin \u00e0 glace dans une grande patinoire en plein air, toute entour\u00e9e de palmiers\u00a0?<\/em><strong> C\u2019est le m\u00e9lange parfait<\/strong> entre des vacances \u00e0 la plage et les vacances de No\u00ebl.<\/span><\/p>\n<p>&nbsp;<\/p>\n<h2><strong><span lang=\"fr-FR\">Riquewihr<\/span><\/strong><\/h2>\n<div id=\"attachment_9055\" style=\"width: 809px\" class=\"wp-caption aligncenter\"><img aria-describedby=\"caption-attachment-9055\" loading=\"lazy\" class=\"size-full wp-image-9055\" src=\"https:\/\/www.gites.net\/blog\/wp-content\/emp\/blogcasas\/2020\/12\/Benh-LIEU-SONGS-FLICKR.jpg\" alt=\"Benh LIEU SONGS-FLICKR\" width=\"799\" height=\"533\" srcset=\"https:\/\/www.gites.net\/blog\/wp-content\/emp\/blogcasas\/2020\/12\/Benh-LIEU-SONGS-FLICKR.jpg 799w, https:\/\/www.gites.net\/blog\/wp-content\/emp\/blogcasas\/2020\/12\/Benh-LIEU-SONGS-FLICKR-300x200.jpg 300w, https:\/\/www.gites.net\/blog\/wp-content\/emp\/blogcasas\/2020\/12\/Benh-LIEU-SONGS-FLICKR-768x512.jpg 768w, https:\/\/www.gites.net\/blog\/wp-content\/emp\/blogcasas\/2020\/12\/Benh-LIEU-SONGS-FLICKR-320x213.jpg 320w\" sizes=\"(max-width: 799px) 100vw, 799px\" \/><p id=\"caption-attachment-9055\" class=\"wp-caption-text\">Benh LIEU SONGS-FLICKR<\/p><\/div>\n<p><span lang=\"fr-FR\">Peut-\u00eatre que ce nom vous dit quelque chose et c\u2019est parce que ce n\u2019est pas la premi\u00e8re fois que <strong><a href=\"https:\/\/www.gites.net\/gites\/haut-rhin\/riquewihr\">ce petit village de l\u2019Alsace<\/a><\/strong> apparait dans ces blogs. <\/span><\/p>\n<p><span lang=\"fr-FR\">Ce n\u2019est pas une co\u00efncidence ni une erreur et comme vous savez d\u00e9j\u00e0, il appartient \u00e0 l\u2019association <strong><em>Les Plus Beaux Villages de France<\/em> <\/strong>gr\u00e2ce \u00e0 ses <strong>maisons color\u00e9es<\/strong> et \u00e0 son charme. Il vaut de m\u00eame le coup d\u2019attendre le mois de <strong>d\u00e9cembre<\/strong> pour le visiter. <\/span><\/p>\n<p><span lang=\"fr-FR\">Ici, la<strong> l\u00e9gende de Saint-Nicolas<\/strong> prend tout son sens, en plus d\u2019avoir une rue avec son nom, le <strong>6 d\u00e9cembre,<\/strong> les enfants de l\u2019\u00e9cole font vivre la l\u00e9gende en recherchant Saint-Nicolas pour d\u00e9livrer ses amis, qui ont \u00e9t\u00e9 enlev\u00e9s par <strong>un vilain boucher.<\/strong> <\/span><\/p>\n<p><span lang=\"fr-FR\">En plus de cela,<strong> les rues illumin\u00e9es et les d\u00e9corations<\/strong> sont parfaites pour se balader jusqu\u2019au march\u00e9 de No\u00ebl, qui commence le <strong>premier dimanche de l\u2019Avent<\/strong>, et o\u00f9 vous pourrez profiter des <strong>concerts<\/strong> de chant, de d\u00e9guster les<strong> friandises traditionnelles<\/strong> alsaciennes ou tout simplement de s\u2019impr\u00e9gner de<strong> l\u2019esprit de No\u00ebl.<\/strong><\/span><\/p>\n","protected":false},"excerpt":{"rendered":"<p>Le froid est arriv\u00e9 et certains d\u2019entre nous pr\u00e9f\u00e8rerait surement prendre un bain de soleil, sur une plage paradisiaque. Personnellement, je dois vous avouer que le mois de d\u00e9cembre et surtout l\u2019\u00e9poque de No\u00ebl, c\u2019est mon moment pr\u00e9f\u00e9r\u00e9 de l\u2019ann\u00e9e.&hellip; <br \/><a class=\"read-more-button\" href=\"https:\/\/www.gites.net\/blog\/villes-et-villages-a-visiter-a-noel\">Savoir plus<\/a><\/p>\n","protected":false},"author":8,"featured_media":9050,"comment_status":"open","ping_status":"open","sticky":false,"template":"","format":"standard","meta":[],"categories":[100],"tags":[],"_links":{"self":[{"href":"https:\/\/www.gites.net\/blog\/wp-json\/wp\/v2\/posts\/9046"}],"collection":[{"href":"https:\/\/www.gites.net\/blog\/wp-json\/wp\/v2\/posts"}],"about":[{"href":"https:\/\/www.gites.net\/blog\/wp-json\/wp\/v2\/types\/post"}],"author":[{"embeddable":true,"href":"https:\/\/www.gites.net\/blog\/wp-json\/wp\/v2\/users\/8"}],"replies":[{"embeddable":true,"href":"https:\/\/www.gites.net\/blog\/wp-json\/wp\/v2\/comments?post=9046"}],"version-history":[{"count":4,"href":"https:\/\/www.gites.net\/blog\/wp-json\/wp\/v2\/posts\/9046\/revisions"}],"predecessor-version":[{"id":9056,"href":"https:\/\/www.gites.net\/blog\/wp-json\/wp\/v2\/posts\/9046\/revisions\/9056"}],"wp:featuredmedia":[{"embeddable":true,"href":"https:\/\/www.gites.net\/blog\/wp-json\/wp\/v2\/media\/9050"}],"wp:attachment":[{"href":"https:\/\/www.gites.net\/blog\/wp-json\/wp\/v2\/media?parent=9046"}],"wp:term":[{"taxonomy":"category","embeddable":true,"href":"https:\/\/www.gites.net\/blog\/wp-json\/wp\/v2\/categories?post=9046"},{"taxonomy":"post_tag","embeddable":true,"href":"https:\/\/www.gites.net\/blog\/wp-json\/wp\/v2\/tags?post=9046"}],"curies":[{"name":"wp","href":"https:\/\/api.w.org\/{rel}","templated":true}]}}