
{"id":9008,"date":"2020-11-27T08:45:49","date_gmt":"2020-11-27T08:45:49","guid":{"rendered":"https:\/\/www.gites.net\/blog\/?p=9008"},"modified":"2020-11-27T10:17:53","modified_gmt":"2020-11-27T10:17:53","slug":"villes-et-villages-peu-peuples-por-deconnecter","status":"publish","type":"post","link":"https:\/\/www.gites.net\/blog\/villes-et-villages-peu-peuples-por-deconnecter","title":{"rendered":"Villes et villages peu peupl\u00e9s por d\u00e9connecter"},"content":{"rendered":"<p><span lang=\"fr-FR\"><strong>Lundi\u00a0<\/strong>: le <strong>r\u00e9veil sonne<\/strong> \u00e0 6h du matin, les klaxons des voitures dans les embouteillages, le t\u00e9l\u00e9phone qui n\u2019arr\u00eate pas de sonner au bureau. Jour apr\u00e8s jour, <strong>toujours la m\u00eame chose<\/strong>, c\u2019est peut-\u00eatre <strong>le moment de prendre des vacances<\/strong>. <\/span><\/p>\n<p><span lang=\"fr-FR\">Si vous voulez<strong> \u00e9chapper du bruit,<\/strong> des agglom\u00e9rations et de la pollution et de le remplacer par la <strong>tranquillit\u00e9<\/strong>, l\u2019air faix et la paix, vous \u00eates au bon endroit. Voici quelques id\u00e9es de<strong> villes ou villages peu peupl\u00e9s<\/strong> parfaits pour d\u00e9connecter du stress de votre routine.<\/span><\/p>\n<p>&nbsp;<\/p>\n<h2><strong><span lang=\"fr-FR\">Centuri, Cap Corse<\/span><\/strong><\/h2>\n<div id=\"attachment_9016\" style=\"width: 809px\" class=\"wp-caption aligncenter\"><img aria-describedby=\"caption-attachment-9016\" loading=\"lazy\" class=\"size-full wp-image-9016\" src=\"https:\/\/www.gites.net\/blog\/wp-content\/emp\/blogcasas\/2020\/11\/Albert-Labr\u00e8de-FLICKR.jpg\" alt=\"Albert Labr\u00e8de-FLICKR\" width=\"799\" height=\"451\" srcset=\"https:\/\/www.gites.net\/blog\/wp-content\/emp\/blogcasas\/2020\/11\/Albert-Labr\u00e8de-FLICKR.jpg 799w, https:\/\/www.gites.net\/blog\/wp-content\/emp\/blogcasas\/2020\/11\/Albert-Labr\u00e8de-FLICKR-300x169.jpg 300w, https:\/\/www.gites.net\/blog\/wp-content\/emp\/blogcasas\/2020\/11\/Albert-Labr\u00e8de-FLICKR-768x434.jpg 768w\" sizes=\"(max-width: 799px) 100vw, 799px\" \/><p id=\"caption-attachment-9016\" class=\"wp-caption-text\">Albert Labr\u00e8de-FLICKR<\/p><\/div>\n<p><span lang=\"fr-FR\">En 2017, <strong><a href=\"https:\/\/www.gites.net\/gites\/corse\">cette r\u00e9gion du Cap Corse<\/a><\/strong> comptait \u00e0 peine 210 habitants. Il vous sera probablement difficile d\u2019y croiser grand monde, en voil\u00e0 une<strong> diff\u00e9rence avec les agglom\u00e9rations<\/strong> auxquelles nous sommes normalement habitu\u00e9s. <\/span><\/p>\n<p><span lang=\"fr-FR\">En <strong>plein milieux de la mer M\u00e9diterran\u00e9e,<\/strong> ce village merveilleux vous<strong> obligera \u00e0 vous d\u00e9tendre,<\/strong> soit en vous promenan<strong>t dans le port de p\u00eache<\/strong> ou dans ses pittoresque ruelles, sois en profitants des vues des ses c\u00f4tes.<\/span><\/p>\n<p>&nbsp;<\/p>\n<h2><strong><span lang=\"fr-FR\">\u00cele-Mol\u00e8ne, Bretagne<\/span><\/strong><\/h2>\n<div id=\"attachment_9015\" style=\"width: 810px\" class=\"wp-caption aligncenter\"><img aria-describedby=\"caption-attachment-9015\" loading=\"lazy\" class=\"size-full wp-image-9015\" src=\"https:\/\/www.gites.net\/blog\/wp-content\/emp\/blogcasas\/2020\/11\/POTIER-Jean-Louis-FLICKR.jpg\" alt=\"POTIER Jean-Louis-FLICKR\" width=\"800\" height=\"598\" srcset=\"https:\/\/www.gites.net\/blog\/wp-content\/emp\/blogcasas\/2020\/11\/POTIER-Jean-Louis-FLICKR.jpg 800w, https:\/\/www.gites.net\/blog\/wp-content\/emp\/blogcasas\/2020\/11\/POTIER-Jean-Louis-FLICKR-300x224.jpg 300w, https:\/\/www.gites.net\/blog\/wp-content\/emp\/blogcasas\/2020\/11\/POTIER-Jean-Louis-FLICKR-768x574.jpg 768w, https:\/\/www.gites.net\/blog\/wp-content\/emp\/blogcasas\/2020\/11\/POTIER-Jean-Louis-FLICKR-156x117.jpg 156w\" sizes=\"(max-width: 800px) 100vw, 800px\" \/><p id=\"caption-attachment-9015\" class=\"wp-caption-text\">POTIER Jean-Louis-FLICKR<\/p><\/div>\n<p><span lang=\"fr-FR\">Cette<strong> \u00eele d\u2019\u00e0 peine 4km<\/strong> et avec <strong>moins de 150 habitants<\/strong> est l\u2019antonyme id\u00e9al des villes pleines de bruit et de gens, pour tous ce qui cherchent la tranquillit\u00e9. Situ\u00e9e <strong>sur la mer<\/strong> d\u2019Iroise, <strong><a href=\"https:\/\/www.gites.net\/gites\/bretagne\">en Bretagne<\/a><\/strong>, \u00e0 environ 15\u00a0km\u00a0de la c\u00f4te ouest de Finist\u00e8re, elle appartient \u00e0 <strong>l&rsquo;archipel de Mol\u00e8ne<\/strong>. <\/span><\/p>\n<p><span lang=\"fr-FR\">Vous pourrez vous <strong>promener sur l\u2019\u00eele \u00e0 pied<\/strong> et ne croiser rien que des lapins et peut-\u00eatre une ou deux brouettes, car<strong> il n\u2019y a pratiquement aucune voiture.<\/strong> Pour vous donner une id\u00e9e, le seul moyen de pouvoir y arriver\u00a0: prendre le bateau.<\/span><\/p>\n<p>&nbsp;<\/p>\n<h2><strong><span lang=\"fr-FR\">Le Mont-Saint-Michel, Normandie<\/span><\/strong><\/h2>\n<div id=\"attachment_9018\" style=\"width: 810px\" class=\"wp-caption aligncenter\"><img aria-describedby=\"caption-attachment-9018\" loading=\"lazy\" class=\"size-full wp-image-9018\" src=\"https:\/\/www.gites.net\/blog\/wp-content\/emp\/blogcasas\/2020\/11\/ugo3ugo32001-FLICKR.jpg\" alt=\"ugo3ugo32001-FLICKR\" width=\"800\" height=\"600\" srcset=\"https:\/\/www.gites.net\/blog\/wp-content\/emp\/blogcasas\/2020\/11\/ugo3ugo32001-FLICKR.jpg 800w, https:\/\/www.gites.net\/blog\/wp-content\/emp\/blogcasas\/2020\/11\/ugo3ugo32001-FLICKR-300x225.jpg 300w, https:\/\/www.gites.net\/blog\/wp-content\/emp\/blogcasas\/2020\/11\/ugo3ugo32001-FLICKR-768x576.jpg 768w, https:\/\/www.gites.net\/blog\/wp-content\/emp\/blogcasas\/2020\/11\/ugo3ugo32001-FLICKR-156x117.jpg 156w\" sizes=\"(max-width: 800px) 100vw, 800px\" \/><p id=\"caption-attachment-9018\" class=\"wp-caption-text\">ugo3ugo32001-FLICKR<\/p><\/div>\n<p><span lang=\"fr-FR\">Avec \u00e0 peine une<strong> trentaine d\u2019habitants<\/strong>, Le Mont-Saint-Michel es situ\u00e9e dans le <strong><a href=\"https:\/\/www.gites.net\/gites\/manche\">d\u00e9partement de la Manche<\/a><\/strong>, en Normandie. La\u00a0baie du Mont-Saint-Michel, qui va <strong>de\u00a0Granville\u00a0\u00e0 Cancale<\/strong> (Ille-et-Vilaine) est un lieu d\u2019une beaut\u00e9 telle qu\u2019il fait partie du <strong>patrimoine mondial de l\u2019Unesco<\/strong> depuis 1979. <\/span><\/p>\n<p><span lang=\"fr-FR\">Il n\u2019est pas seulement connu par son<strong> incroyable paysage<\/strong> mais aussi parce qu\u2019il poss\u00e8de une grande valeur culturelle, historique et religieuse. La derni\u00e8re chose que vous devez savoir pour l\u2019ajouter \u00e0 votre liste, c\u2019est qu\u2019il est consid\u00e9r\u00e9 comme un <strong>v\u00e9ritable royaume du silence.<\/strong><\/span><\/p>\n<p>&nbsp;<\/p>\n<h2><strong><span lang=\"fr-FR\">Saint-Cirq-Lapopie, Lot<\/span><\/strong><\/h2>\n<div id=\"attachment_9014\" style=\"width: 810px\" class=\"wp-caption aligncenter\"><img aria-describedby=\"caption-attachment-9014\" loading=\"lazy\" class=\"size-full wp-image-9014\" src=\"https:\/\/www.gites.net\/blog\/wp-content\/emp\/blogcasas\/2020\/11\/Dominique-Garcin-Geoffroy-FLICKR.jpg\" alt=\"\" width=\"800\" height=\"534\" srcset=\"https:\/\/www.gites.net\/blog\/wp-content\/emp\/blogcasas\/2020\/11\/Dominique-Garcin-Geoffroy-FLICKR.jpg 800w, https:\/\/www.gites.net\/blog\/wp-content\/emp\/blogcasas\/2020\/11\/Dominique-Garcin-Geoffroy-FLICKR-300x200.jpg 300w, https:\/\/www.gites.net\/blog\/wp-content\/emp\/blogcasas\/2020\/11\/Dominique-Garcin-Geoffroy-FLICKR-768x513.jpg 768w, https:\/\/www.gites.net\/blog\/wp-content\/emp\/blogcasas\/2020\/11\/Dominique-Garcin-Geoffroy-FLICKR-320x213.jpg 320w\" sizes=\"(max-width: 800px) 100vw, 800px\" \/><p id=\"caption-attachment-9014\" class=\"wp-caption-text\">Dominique Garcin-Geoffroy-FLICKR<\/p><\/div>\n<p><span lang=\"fr-FR\">Si vous chercher \u00e0 trouver <strong><a href=\"https:\/\/www.gites.net\/gites\/lot\">un endroit isol\u00e9e<\/a><\/strong> pour vraiment \u00eatre capable de profitez du <strong>calme et la tranquillit\u00e9,<\/strong> un village perch\u00e9 en haut d\u2019une falaise avec environ <strong>200 habitants<\/strong> vous semble peut-\u00eatre une bonne id\u00e9e. <\/span><\/p>\n<p><span lang=\"fr-FR\">C\u2019est le cas de <strong>Saint-Cirq-Lapopie<\/strong>, dans le <strong>d\u00e9partement de Lot<\/strong>, une autre de nos options qui vous ne laissera pas indiff\u00e9rents. Ce village aux <strong>maisons gothiques<\/strong>, au de la nature et au bord de l\u2019eau, poss\u00e8de de m\u00eame une infinit\u00e9 de <strong>monuments \u00e0 voir.<\/strong><\/span><\/p>\n<p>&nbsp;<\/p>\n<h2><strong><span lang=\"fr-FR\">Valensole, Provence-Alpes-C\u00f4te d&rsquo;Azur<\/span><\/strong><\/h2>\n<div id=\"attachment_9013\" style=\"width: 809px\" class=\"wp-caption aligncenter\"><img aria-describedby=\"caption-attachment-9013\" loading=\"lazy\" class=\"size-full wp-image-9013\" src=\"https:\/\/www.gites.net\/blog\/wp-content\/emp\/blogcasas\/2020\/11\/Roderick-Eime-FLICKR.jpg\" alt=\"Roderick Eime-FLICKR\" width=\"799\" height=\"533\" srcset=\"https:\/\/www.gites.net\/blog\/wp-content\/emp\/blogcasas\/2020\/11\/Roderick-Eime-FLICKR.jpg 799w, https:\/\/www.gites.net\/blog\/wp-content\/emp\/blogcasas\/2020\/11\/Roderick-Eime-FLICKR-300x200.jpg 300w, https:\/\/www.gites.net\/blog\/wp-content\/emp\/blogcasas\/2020\/11\/Roderick-Eime-FLICKR-768x512.jpg 768w, https:\/\/www.gites.net\/blog\/wp-content\/emp\/blogcasas\/2020\/11\/Roderick-Eime-FLICKR-320x213.jpg 320w\" sizes=\"(max-width: 799px) 100vw, 799px\" \/><p id=\"caption-attachment-9013\" class=\"wp-caption-text\">Roderick Eime-FLICKR<\/p><\/div>\n<p><span lang=\"fr-FR\">Qu&rsquo;y<\/span><span lang=\"fr-FR\">&#8211;<\/span><span lang=\"fr-FR\">a-t<\/span><span lang=\"fr-FR\">&#8211;<\/span><span lang=\"fr-FR\">il de plus tranquille que de <strong>grands horizons<\/strong> et des <strong>vastes champs de lavandes<\/strong>? L<\/span><span lang=\"fr-FR\">e <strong>Plateau de Valensole<\/strong> est une r\u00e9gion naturelle qui se trouve <strong><a href=\"https:\/\/www.gites.net\/gites\/alpes-de-haute-provence\/valensole\">au sud-est de la France<\/a><\/strong> et qui s\u00b4\u00e9tend sur 800km. <\/span><\/p>\n<p><span lang=\"fr-FR\">Il y \u00e0 environ 3000 habitants, mais ni plus ni moins que <strong>12.700 hectares<\/strong> sont consacr\u00e9s \u00e0 la<strong> culture de lavande<\/strong>. Imaginez le sentiment intimiste et de libert\u00e9 que vous pourrez sentir devant un paysage tel. En outre, pas si loin de l\u00e0, vous pourrez profiter d\u2019une autre merveille de la nature\u00a0:<strong> les gorges du Verdon.<\/strong><\/span><\/p>\n<p>&nbsp;<\/p>\n<h2><strong><span lang=\"fr-FR\">Villars-les-Dombes, Ain<\/span><\/strong><\/h2>\n<div id=\"attachment_9012\" style=\"width: 810px\" class=\"wp-caption aligncenter\"><img aria-describedby=\"caption-attachment-9012\" loading=\"lazy\" class=\"size-full wp-image-9012\" src=\"https:\/\/www.gites.net\/blog\/wp-content\/emp\/blogcasas\/2020\/11\/Victor-FLICKR.jpg\" alt=\"Victor-FLICKR\" width=\"800\" height=\"472\" srcset=\"https:\/\/www.gites.net\/blog\/wp-content\/emp\/blogcasas\/2020\/11\/Victor-FLICKR.jpg 800w, https:\/\/www.gites.net\/blog\/wp-content\/emp\/blogcasas\/2020\/11\/Victor-FLICKR-300x177.jpg 300w, https:\/\/www.gites.net\/blog\/wp-content\/emp\/blogcasas\/2020\/11\/Victor-FLICKR-768x453.jpg 768w\" sizes=\"(max-width: 800px) 100vw, 800px\" \/><p id=\"caption-attachment-9012\" class=\"wp-caption-text\">Victor-FLICKR<\/p><\/div>\n<p><span lang=\"fr-FR\">Dans la r\u00e9gion d\u2019<strong>Auvergne-Rh\u00f4ne-Alpes<\/strong>, au sud-ouest du<strong> d\u00e9partement d\u2019Ain<\/strong>, nous rencontrons Villars-les-Dombes, aussi connue comme <strong><em><a href=\"https:\/\/www.gites.net\/gites\/ain\/villars-les-dombes\">le pays aux milles \u00e9tangs<\/a><\/em><\/strong>. M\u00eame si elle compte avec \u00e0 peut pr\u00e8s 4000 habitants, vous pourrez y \u00e9changer les ennuyeux bruits de la ville par les<strong> chants des oiseaux,<\/strong> parce que cette commune, espace naturel r\u00e9serv\u00e9, abrite<strong> plus de 100 esp\u00e8ces<\/strong> d\u2019oiseaux. <\/span><\/p>\n<p><span lang=\"fr-FR\">Ce merveilleux havre de paix est donc pr\u00e8s \u00e0 vous offrir une<strong> infinit\u00e9 de paysages paisibles<\/strong> et des tr\u00e9sors naturels pour les amoureux de la nature.<\/span><\/p>\n<p>&nbsp;<\/p>\n<h2><strong><span lang=\"fr-FR\">Yvoire, Haute-Savoie<\/span><\/strong><\/h2>\n<div id=\"attachment_9011\" style=\"width: 809px\" class=\"wp-caption aligncenter\"><img aria-describedby=\"caption-attachment-9011\" loading=\"lazy\" class=\"size-full wp-image-9011\" src=\"https:\/\/www.gites.net\/blog\/wp-content\/emp\/blogcasas\/2020\/11\/Patrick-Nouhailler-FLICKR.jpg\" alt=\"Patrick Nouhailler-FLICKR\" width=\"799\" height=\"533\" srcset=\"https:\/\/www.gites.net\/blog\/wp-content\/emp\/blogcasas\/2020\/11\/Patrick-Nouhailler-FLICKR.jpg 799w, https:\/\/www.gites.net\/blog\/wp-content\/emp\/blogcasas\/2020\/11\/Patrick-Nouhailler-FLICKR-300x200.jpg 300w, https:\/\/www.gites.net\/blog\/wp-content\/emp\/blogcasas\/2020\/11\/Patrick-Nouhailler-FLICKR-768x512.jpg 768w, https:\/\/www.gites.net\/blog\/wp-content\/emp\/blogcasas\/2020\/11\/Patrick-Nouhailler-FLICKR-320x213.jpg 320w\" sizes=\"(max-width: 799px) 100vw, 799px\" \/><p id=\"caption-attachment-9011\" class=\"wp-caption-text\">Patrick Nouhailler-FLICKR<\/p><\/div>\n<p><span lang=\"fr-FR\">Ce <strong><a href=\"https:\/\/www.gites.net\/gites\/haute-savoie\/yvoire\">village m\u00e9di\u00e9val<\/a><\/strong> du d\u00e9partement de la <strong>Haute-Savoie<\/strong> se trouve <strong>au bord du lac L\u00e9man<\/strong> et sa population s\u2019\u00e9l\u00e8ve environ <strong>\u00e0 900 habitants<\/strong>. <\/span><\/p>\n<p><span lang=\"fr-FR\">Remparts, jolies rues fleuries, merveilleux labyrinthe v\u00e9g\u00e9tal\u00a0cach\u00e9 dans <strong>un ancien ch\u00e2teau<\/strong> : ce village, faisant partie de l&rsquo;association\u00a0\u00ab<strong>\u00a0Les Plus Beaux Villages de France\u00a0<\/strong>\u00bb est l\u2019endroit parfait pour se perdre. <\/span><\/p>\n<p><span lang=\"fr-FR\">Nous sommes s\u00fbr et certains qu\u2019aucun de<strong> vos sens ne regrettera sa visite<\/strong> dans ce charmant coin de France. Et surtout, n\u2019oublier pas de laisser vos obligations \u00e0 la maison pour que rien ni personne ne vous emp\u00eache de d\u00e9connecter.<\/span><\/p>\n","protected":false},"excerpt":{"rendered":"<p>Lundi\u00a0: le r\u00e9veil sonne \u00e0 6h du matin, les klaxons des voitures dans les embouteillages, le t\u00e9l\u00e9phone qui n\u2019arr\u00eate pas de sonner au bureau. Jour apr\u00e8s jour, toujours la m\u00eame chose, c\u2019est peut-\u00eatre le moment de prendre des vacances. Si&hellip; <br \/><a class=\"read-more-button\" href=\"https:\/\/www.gites.net\/blog\/villes-et-villages-peu-peuples-por-deconnecter\">Savoir plus<\/a><\/p>\n","protected":false},"author":8,"featured_media":9010,"comment_status":"open","ping_status":"open","sticky":false,"template":"","format":"standard","meta":[],"categories":[8],"tags":[],"_links":{"self":[{"href":"https:\/\/www.gites.net\/blog\/wp-json\/wp\/v2\/posts\/9008"}],"collection":[{"href":"https:\/\/www.gites.net\/blog\/wp-json\/wp\/v2\/posts"}],"about":[{"href":"https:\/\/www.gites.net\/blog\/wp-json\/wp\/v2\/types\/post"}],"author":[{"embeddable":true,"href":"https:\/\/www.gites.net\/blog\/wp-json\/wp\/v2\/users\/8"}],"replies":[{"embeddable":true,"href":"https:\/\/www.gites.net\/blog\/wp-json\/wp\/v2\/comments?post=9008"}],"version-history":[{"count":3,"href":"https:\/\/www.gites.net\/blog\/wp-json\/wp\/v2\/posts\/9008\/revisions"}],"predecessor-version":[{"id":9019,"href":"https:\/\/www.gites.net\/blog\/wp-json\/wp\/v2\/posts\/9008\/revisions\/9019"}],"wp:featuredmedia":[{"embeddable":true,"href":"https:\/\/www.gites.net\/blog\/wp-json\/wp\/v2\/media\/9010"}],"wp:attachment":[{"href":"https:\/\/www.gites.net\/blog\/wp-json\/wp\/v2\/media?parent=9008"}],"wp:term":[{"taxonomy":"category","embeddable":true,"href":"https:\/\/www.gites.net\/blog\/wp-json\/wp\/v2\/categories?post=9008"},{"taxonomy":"post_tag","embeddable":true,"href":"https:\/\/www.gites.net\/blog\/wp-json\/wp\/v2\/tags?post=9008"}],"curies":[{"name":"wp","href":"https:\/\/api.w.org\/{rel}","templated":true}]}}