
{"id":10232,"date":"2022-03-29T07:29:37","date_gmt":"2022-03-29T07:29:37","guid":{"rendered":"https:\/\/www.gites.net\/blog\/?p=10232"},"modified":"2022-03-29T07:29:37","modified_gmt":"2022-03-29T07:29:37","slug":"les-villages-avec-le-moins-dhabitants-de-france","status":"publish","type":"post","link":"https:\/\/www.gites.net\/blog\/les-villages-avec-le-moins-dhabitants-de-france","title":{"rendered":"Les villages avec le moins d\u2019habitants de France"},"content":{"rendered":"\n<p>L\u2019un des pays les plus peupl\u00e9s d\u2019Europe, la France compte pourtant une grande <strong>quantit\u00e9 de petits villages<\/strong> ayant <strong>moins d\u2019une dizaine d\u2019habitants<\/strong>. Avec l\u2019intensification de <strong>l\u2019exode rurale<\/strong> au XX\u00e8me si\u00e8cle, un grand nombre de villages sont en \u00e9tat de mort annonc\u00e9e. Situ\u00e9s aux<strong> quatre coins de la France,<\/strong> ces villages constituent des curiosit\u00e9s \u00e0 l\u2019heure ou nous vivons dans des villes multimillionnaires en \u00e2mes.<\/p>\n\n\n\n<p>Aujourd\u2019hui, visitons donc ensemble les <strong>villages de France avec le moins d\u2019habitants<\/strong> et peut-\u00eatre trouverez vous une id\u00e9e voyage improbable en lisant cet article.<\/p>\n\n\n\n<p><\/p>\n\n\n\n<h2><strong>Rochefourchat, 1 habitant<\/strong><\/h2>\n\n\n\n<figure class=\"wp-block-image size-large\"><img loading=\"lazy\" width=\"800\" height=\"600\" src=\"https:\/\/www.gites.net\/blog\/wp-content\/emp\/blogcasas\/2022\/03\/The-Pingus-FLICKR.jpg\" alt=\"\" class=\"wp-image-10243\" srcset=\"https:\/\/www.gites.net\/blog\/wp-content\/emp\/blogcasas\/2022\/03\/The-Pingus-FLICKR.jpg 800w, https:\/\/www.gites.net\/blog\/wp-content\/emp\/blogcasas\/2022\/03\/The-Pingus-FLICKR-300x225.jpg 300w, https:\/\/www.gites.net\/blog\/wp-content\/emp\/blogcasas\/2022\/03\/The-Pingus-FLICKR-768x576.jpg 768w, https:\/\/www.gites.net\/blog\/wp-content\/emp\/blogcasas\/2022\/03\/The-Pingus-FLICKR-156x117.jpg 156w\" sizes=\"(max-width: 800px) 100vw, 800px\" \/><\/figure>\n\n\n\n<p><strong>Rochefourchat<\/strong> est une petite commune fran\u00e7aise situ\u00e9e dans le d\u00e9partement de la <strong><a href=\"https:\/\/www.gites.net\/gites\/drome\" data-type=\"URL\" data-id=\"https:\/\/www.gites.net\/gites\/drome\" target=\"_blank\" rel=\"noreferrer noopener\">Dr\u00f4me<\/a><\/strong> en r\u00e9gion <strong>Auvergne-Rh\u00f4ne-Alpes<\/strong>. En 2019, la commune comptait <strong>1 seul habitant<\/strong> ce qui en fait la commune de France la moins peupl\u00e9e.<\/p>\n\n\n\n<p>Si vous ne trouverez pas grand-chose \u00e0 faire ici, vous pouvez toujours visiter les <strong>ruines du ch\u00e2teau,<\/strong> <strong>l\u2019\u00e9glise Saint-Pierre<\/strong> qui est aujourd\u2019hui d\u00e9saffect\u00e9e ainsi que les tr\u00e8s nombreuses <strong>b\u00e2tisses anciennes <\/strong>que vous trouverez pendant votre balade dans le village.<\/p>\n\n\n\n<p><\/p>\n\n\n\n<h2><strong>Lem\u00e9nil-Mitry, 3 habitants<\/strong><\/h2>\n\n\n\n<figure class=\"wp-block-image size-large\"><img loading=\"lazy\" width=\"800\" height=\"534\" src=\"https:\/\/www.gites.net\/blog\/wp-content\/emp\/blogcasas\/2022\/03\/manuel-m.-v.-FLICKR-1.jpg\" alt=\"\" class=\"wp-image-10238\" srcset=\"https:\/\/www.gites.net\/blog\/wp-content\/emp\/blogcasas\/2022\/03\/manuel-m.-v.-FLICKR-1.jpg 800w, https:\/\/www.gites.net\/blog\/wp-content\/emp\/blogcasas\/2022\/03\/manuel-m.-v.-FLICKR-1-300x200.jpg 300w, https:\/\/www.gites.net\/blog\/wp-content\/emp\/blogcasas\/2022\/03\/manuel-m.-v.-FLICKR-1-768x513.jpg 768w, https:\/\/www.gites.net\/blog\/wp-content\/emp\/blogcasas\/2022\/03\/manuel-m.-v.-FLICKR-1-320x213.jpg 320w\" sizes=\"(max-width: 800px) 100vw, 800px\" \/><\/figure>\n\n\n\n<p><strong>Lem\u00e9nil-Mitry<\/strong> est une commune fran\u00e7aise situ\u00e9e dans le sud du d\u00e9partement de <strong><a href=\"https:\/\/www.gites.net\/gites\/meurthe-et-moselle\" data-type=\"URL\" data-id=\"https:\/\/www.gites.net\/gites\/meurthe-et-moselle\" target=\"_blank\" rel=\"noreferrer noopener\">Meurthe-et-Moselle<\/a><\/strong> en r\u00e9gion <strong>Grand Est<\/strong>. Lors du dernier recensement de 2019, la commune comptait <strong>seulement 3 habitants.<\/strong><\/p>\n\n\n\n<p>Il est curieux de noter que les maires de la commune appartiennent \u00e0 la m\u00eame famille, la famille des <strong>comtes de Mitry<\/strong>. C\u00f4t\u00e9 patrimoine, la seule chose int\u00e9ressante \u00e0 visiter ici est le <strong>ch\u00e2teau<\/strong> reconstruit au XVIII\u00e8me si\u00e8cle ainsi que le <strong>monument aux r\u00e9sistants du Groupe Lorraine 42<\/strong>.<\/p>\n\n\n\n<p><\/p>\n\n\n\n<h2><strong>Majastres, 4 habitants<\/strong><\/h2>\n\n\n\n<figure class=\"wp-block-image size-large\"><img loading=\"lazy\" width=\"800\" height=\"600\" src=\"https:\/\/www.gites.net\/blog\/wp-content\/emp\/blogcasas\/2022\/03\/Etienne-Baudon-FLICKR.jpg\" alt=\"\" class=\"wp-image-10237\" srcset=\"https:\/\/www.gites.net\/blog\/wp-content\/emp\/blogcasas\/2022\/03\/Etienne-Baudon-FLICKR.jpg 800w, https:\/\/www.gites.net\/blog\/wp-content\/emp\/blogcasas\/2022\/03\/Etienne-Baudon-FLICKR-300x225.jpg 300w, https:\/\/www.gites.net\/blog\/wp-content\/emp\/blogcasas\/2022\/03\/Etienne-Baudon-FLICKR-768x576.jpg 768w, https:\/\/www.gites.net\/blog\/wp-content\/emp\/blogcasas\/2022\/03\/Etienne-Baudon-FLICKR-156x117.jpg 156w\" sizes=\"(max-width: 800px) 100vw, 800px\" \/><\/figure>\n\n\n\n<p><strong>Majastres<\/strong> est un petit village situ\u00e9 dans le d\u00e9partement des<strong> <a href=\"https:\/\/www.gites.net\/gites\/alpes-de-haute-provence\" data-type=\"URL\" data-id=\"https:\/\/www.gites.net\/gites\/alpes-de-haute-provence\" target=\"_blank\" rel=\"noreferrer noopener\">Alpes-de-Haute-Provence<\/a><\/strong> en r\u00e9gion <strong>Provence-Alpes-C\u00f4te d&rsquo;Azur<\/strong>. En 2019, seuls <strong>4 habitants peuplaient<\/strong> la commune de mani\u00e8re permanente ce qui en fait le village le moins peupl\u00e9 de la r\u00e9gion.<\/p>\n\n\n\n<p>Pour ce qui est du patrimoine, deux \u00e9glises celles de <strong>Notre-Dame-de-la-Roche <\/strong>et de <strong>Saint-Barnab\u00e9<\/strong> sont pr\u00e9sentes dans le village et constituent les seuls visites que vous pourrez r\u00e9aliser ici. Ce site est habit\u00e9 depuis des temps imm\u00e9moriaux et de nombreux <strong>art\u00e9facts protohistoriques<\/strong> ont \u00e9t\u00e9 trouv\u00e9s dans le village, surtout aux alentours de la <strong>Croix de Saint-Sauveur<\/strong>.<\/p>\n\n\n\n<p><\/p>\n\n\n\n<h2><strong>Bourg-d\u2019Oueil, 5 habitants<\/strong><\/h2>\n\n\n\n<figure class=\"wp-block-image size-large\"><img loading=\"lazy\" width=\"800\" height=\"600\" src=\"https:\/\/www.gites.net\/blog\/wp-content\/emp\/blogcasas\/2022\/03\/Guillaume-CHANCHUS-FLICKR.jpg\" alt=\"\" class=\"wp-image-10236\" srcset=\"https:\/\/www.gites.net\/blog\/wp-content\/emp\/blogcasas\/2022\/03\/Guillaume-CHANCHUS-FLICKR.jpg 800w, https:\/\/www.gites.net\/blog\/wp-content\/emp\/blogcasas\/2022\/03\/Guillaume-CHANCHUS-FLICKR-300x225.jpg 300w, https:\/\/www.gites.net\/blog\/wp-content\/emp\/blogcasas\/2022\/03\/Guillaume-CHANCHUS-FLICKR-768x576.jpg 768w, https:\/\/www.gites.net\/blog\/wp-content\/emp\/blogcasas\/2022\/03\/Guillaume-CHANCHUS-FLICKR-156x117.jpg 156w\" sizes=\"(max-width: 800px) 100vw, 800px\" \/><\/figure>\n\n\n\n<p><strong>Bourg-d&rsquo;Oueil<\/strong> est une commune fran\u00e7aise situ\u00e9e dans le d\u00e9partement de la <strong>Haute-Garonne<\/strong>, en r\u00e9gion <strong>Occitanie<\/strong>. <strong>Seuls 5 habitants<\/strong> avaient \u00e9lu domicile dans la commune lors du dernier recensement de 2019.<\/p>\n\n\n\n<p>Pour ce qui est de ce que vous pourrez voir \u00e0 Bourg-d\u2019Oueil, vous pouvez <strong>visiter l&rsquo;\u00e9glise Saint-Blaise<\/strong>, caract\u00e9ris\u00e9e par son clocher-mur et datant des<strong> XI\u00e8me et XIV\u00e8me si\u00e8cles.<\/strong> Vous pourrez en outre profiter de la <strong>station de Bourg-d&rsquo;Oueil<\/strong>, la plus petite station de ski des Pyr\u00e9n\u00e9es. G\u00e9r\u00e9e par des b\u00e9n\u00e9voles, celle-ci compte<strong> 3 remont\u00e9es <\/strong>ainsi qu\u2019un nombre total de 6 pistes.<\/p>\n\n\n\n<p><\/p>\n\n\n\n<h2><strong>Tr\u00e9bons-de-Luchon, 6 habitants<\/strong><\/h2>\n\n\n\n<figure class=\"wp-block-image size-large\"><img loading=\"lazy\" width=\"799\" height=\"533\" src=\"https:\/\/www.gites.net\/blog\/wp-content\/emp\/blogcasas\/2022\/03\/Andy-Hawkins-FLICKR.jpg\" alt=\"\" class=\"wp-image-10235\" srcset=\"https:\/\/www.gites.net\/blog\/wp-content\/emp\/blogcasas\/2022\/03\/Andy-Hawkins-FLICKR.jpg 799w, https:\/\/www.gites.net\/blog\/wp-content\/emp\/blogcasas\/2022\/03\/Andy-Hawkins-FLICKR-300x200.jpg 300w, https:\/\/www.gites.net\/blog\/wp-content\/emp\/blogcasas\/2022\/03\/Andy-Hawkins-FLICKR-768x512.jpg 768w, https:\/\/www.gites.net\/blog\/wp-content\/emp\/blogcasas\/2022\/03\/Andy-Hawkins-FLICKR-320x213.jpg 320w\" sizes=\"(max-width: 799px) 100vw, 799px\" \/><\/figure>\n\n\n\n<p><strong>Tr\u00e9bons-de-Luchon<\/strong> est une commune fran\u00e7aise situ\u00e9e dans le d\u00e9partement de la <strong><a href=\"https:\/\/www.gites.net\/gites\/haute-garonne\" data-type=\"URL\" data-id=\"https:\/\/www.gites.net\/gites\/haute-garonne\" target=\"_blank\" rel=\"noreferrer noopener\">Haute-Garonne<\/a><\/strong>, en r\u00e9gion <strong>Occitanie<\/strong>. La commune comptait <strong>seulement 6 habitants<\/strong> lors du dernier recensement effectu\u00e9.<\/p>\n\n\n\n<p>Une fois dans la commune, nous vous conseillons de vous rendre \u00e0 <strong>l\u2019\u00e9glise Saint-Julien <\/strong>datant du XI\u00e8me si\u00e8cle et inscrite sur la liste des Monuments historiques. Cette \u00e9glise de<strong> style roman<\/strong> est le seul b\u00e2timent d\u2019int\u00e9r\u00eat que vous trouverez dans le village, ne le ratez donc sous aucun pr\u00e9texte\u00a0!<\/p>\n","protected":false},"excerpt":{"rendered":"<p>L\u2019un des pays les plus peupl\u00e9s d\u2019Europe, la France compte pourtant une grande quantit\u00e9 de petits villages ayant moins d\u2019une dizaine d\u2019habitants. Avec l\u2019intensification de l\u2019exode rurale au XX\u00e8me si\u00e8cle, un grand nombre de villages sont en \u00e9tat de mort&hellip; <br \/><a class=\"read-more-button\" href=\"https:\/\/www.gites.net\/blog\/les-villages-avec-le-moins-dhabitants-de-france\">Savoir plus<\/a><\/p>\n","protected":false},"author":12,"featured_media":10239,"comment_status":"open","ping_status":"open","sticky":false,"template":"","format":"standard","meta":[],"categories":[8],"tags":[125],"_links":{"self":[{"href":"https:\/\/www.gites.net\/blog\/wp-json\/wp\/v2\/posts\/10232"}],"collection":[{"href":"https:\/\/www.gites.net\/blog\/wp-json\/wp\/v2\/posts"}],"about":[{"href":"https:\/\/www.gites.net\/blog\/wp-json\/wp\/v2\/types\/post"}],"author":[{"embeddable":true,"href":"https:\/\/www.gites.net\/blog\/wp-json\/wp\/v2\/users\/12"}],"replies":[{"embeddable":true,"href":"https:\/\/www.gites.net\/blog\/wp-json\/wp\/v2\/comments?post=10232"}],"version-history":[{"count":4,"href":"https:\/\/www.gites.net\/blog\/wp-json\/wp\/v2\/posts\/10232\/revisions"}],"predecessor-version":[{"id":10244,"href":"https:\/\/www.gites.net\/blog\/wp-json\/wp\/v2\/posts\/10232\/revisions\/10244"}],"wp:featuredmedia":[{"embeddable":true,"href":"https:\/\/www.gites.net\/blog\/wp-json\/wp\/v2\/media\/10239"}],"wp:attachment":[{"href":"https:\/\/www.gites.net\/blog\/wp-json\/wp\/v2\/media?parent=10232"}],"wp:term":[{"taxonomy":"category","embeddable":true,"href":"https:\/\/www.gites.net\/blog\/wp-json\/wp\/v2\/categories?post=10232"},{"taxonomy":"post_tag","embeddable":true,"href":"https:\/\/www.gites.net\/blog\/wp-json\/wp\/v2\/tags?post=10232"}],"curies":[{"name":"wp","href":"https:\/\/api.w.org\/{rel}","templated":true}]}}