
{"id":10215,"date":"2022-03-22T13:10:48","date_gmt":"2022-03-22T13:10:48","guid":{"rendered":"https:\/\/www.gites.net\/blog\/?p=10215"},"modified":"2022-03-22T13:10:48","modified_gmt":"2022-03-22T13:10:48","slug":"4-sites-du-patrimoine-mondial-en-france","status":"publish","type":"post","link":"https:\/\/www.gites.net\/blog\/4-sites-du-patrimoine-mondial-en-france","title":{"rendered":"4 sites du Patrimoine Mondial en France"},"content":{"rendered":"\n<p>La France, en raison de sa grande histoire, poss\u00e8de pas moins de <strong>49 sites inscrits au Patrimoine Mondial de l\u2019UNESCO<\/strong>. Ces incroyables sites incluent une p\u00e9riode qui va de la pr\u00e9histoire jusqu\u2019\u00e0 l\u2019\u00e9poque moderne et sont tr\u00e8s divers\u00a0: architecture historique, \u00e9difices culturels, sites arch\u00e9ologiques ou encore paysages naturels.<\/p>\n\n\n\n<p>D\u00e9couvrez aujourd\u2019hui <strong>4 de ces sites <\/strong>d\u2019un int\u00e9r\u00eat exceptionnel et pr\u00e9parez-vous pour un <strong>voyage \u00e0 travers les \u00e9poques <\/strong>et sur tout le territoire fran\u00e7ais. Peut-\u00eatre trouverez-vous parmi tous ces sites votre <strong>prochaine destination de voyage<\/strong>, alors suivez le guide\u00a0!<\/p>\n\n\n\n<p><\/p>\n\n\n\n<h2><strong>Arles, monuments romains<\/strong><\/h2>\n\n\n\n<figure class=\"wp-block-image size-large\"><img loading=\"lazy\" width=\"799\" height=\"533\" src=\"https:\/\/www.gites.net\/blog\/wp-content\/emp\/blogcasas\/2022\/03\/Olivier-CAPEL-FLICKR.jpg\" alt=\"\" class=\"wp-image-10216\" srcset=\"https:\/\/www.gites.net\/blog\/wp-content\/emp\/blogcasas\/2022\/03\/Olivier-CAPEL-FLICKR.jpg 799w, https:\/\/www.gites.net\/blog\/wp-content\/emp\/blogcasas\/2022\/03\/Olivier-CAPEL-FLICKR-300x200.jpg 300w, https:\/\/www.gites.net\/blog\/wp-content\/emp\/blogcasas\/2022\/03\/Olivier-CAPEL-FLICKR-768x512.jpg 768w, https:\/\/www.gites.net\/blog\/wp-content\/emp\/blogcasas\/2022\/03\/Olivier-CAPEL-FLICKR-320x213.jpg 320w\" sizes=\"(max-width: 799px) 100vw, 799px\" \/><\/figure>\n\n\n\n<p>Notre premier arr\u00eat dans ce voyage \u00e0 travers le temps et le patrimoine nous emm\u00e8ne dans la ville <strong>d\u2019Arles<\/strong>, situ\u00e9e dans le d\u00e9partement des <strong><a href=\"https:\/\/www.gites.net\/gites\/bouches-du-rhone\" data-type=\"URL\" data-id=\"https:\/\/www.gites.net\/gites\/bouches-du-rhone\" target=\"_blank\" rel=\"noreferrer noopener\">Bouches-du-Rh\u00f4ne<\/a><\/strong> et en r\u00e9gion Provence-Alpes-C\u00f4te d&rsquo;Azur.<\/p>\n\n\n\n<p>Cette ville compte sur un <strong>incroyable patrimoine<\/strong> historique et culturel de<strong> l\u2019\u00e9poque romaine<\/strong> datant du Ier si\u00e8cle avant J.-C. Cette ville est c\u00e9l\u00e8bre pour son tourisme antique en raison de ses <strong>b\u00e2timents d\u2019\u00e9poque<\/strong> en tr\u00e8s bon \u00e9tat de conservation. Nous pouvons citer par exemple les <strong>Ar\u00e8nes<\/strong>, le <strong>Th\u00e9\u00e2tre Antique<\/strong> ou encore les <strong>thermes de Constantin<\/strong> construites au IV\u00e8me si\u00e8cle.<\/p>\n\n\n\n<p>Si vous voulez retracer <strong>l\u2019\u00e9pop\u00e9e romaine<\/strong> \u00e0 travers le bassin m\u00e9diterran\u00e9en, Arles est une destination que vous ne pouvez rater sous aucun pr\u00e9texte.<\/p>\n\n\n\n<p><\/p>\n\n\n\n<h2><strong>Carcassonne, ville fortifi\u00e9e historique<\/strong><\/h2>\n\n\n\n<figure class=\"wp-block-image size-large\"><img loading=\"lazy\" width=\"800\" height=\"600\" src=\"https:\/\/www.gites.net\/blog\/wp-content\/emp\/blogcasas\/2022\/03\/Pablo-Sanxiao-FLICKR.jpg\" alt=\"\" class=\"wp-image-10217\" srcset=\"https:\/\/www.gites.net\/blog\/wp-content\/emp\/blogcasas\/2022\/03\/Pablo-Sanxiao-FLICKR.jpg 800w, https:\/\/www.gites.net\/blog\/wp-content\/emp\/blogcasas\/2022\/03\/Pablo-Sanxiao-FLICKR-300x225.jpg 300w, https:\/\/www.gites.net\/blog\/wp-content\/emp\/blogcasas\/2022\/03\/Pablo-Sanxiao-FLICKR-768x576.jpg 768w, https:\/\/www.gites.net\/blog\/wp-content\/emp\/blogcasas\/2022\/03\/Pablo-Sanxiao-FLICKR-156x117.jpg 156w\" sizes=\"(max-width: 800px) 100vw, 800px\" \/><\/figure>\n\n\n\n<p>Continuons notre voyage et arr\u00eatons-nous maintenant \u00e0 l\u2019\u00e9poque m\u00e9di\u00e9vale dans la ville de <strong>Carcassonne<\/strong>, l\u2019un des meilleurs exemples<strong> d\u2019architecture militaire m\u00e9di\u00e9vale<\/strong> que l\u2019on puisse trouver en France. Carcassonne se situe dans le d\u00e9partement de <strong><a href=\"https:\/\/www.gites.net\/gites\/aude\" data-type=\"URL\" data-id=\"https:\/\/www.gites.net\/gites\/aude\" target=\"_blank\" rel=\"noreferrer noopener\">l&rsquo;Aude<\/a><\/strong> et dans la r\u00e9gion <strong>Occitanie<\/strong>.<\/p>\n\n\n\n<p>Sur les hauteurs de la ville de Carcassonne se trouve la cit\u00e9 m\u00e9di\u00e9vale, prot\u00e9g\u00e9e par une <strong>muraille longue de 3 km<\/strong> et comportant pas moins de 52 tours. L\u2019int\u00e9rieur de la cit\u00e9 n\u2019est pas en reste et vous trouverez de nombreux vestiges de cette \u00e9poque pass\u00e9e comme <strong>le Ch\u00e2teau Comtal<\/strong> ou encore la <strong>basilique Saint-Nazaire-et-Saint-Celse<\/strong> datant du XII\u00e8me si\u00e8cle.<\/p>\n\n\n\n<p>Ainsi, Carcassonne est une ville pr\u00e9sentant un int\u00e9r\u00eat historique indiscutable pour tous les <strong>f\u00e9rus d\u2019\u00e9poque m\u00e9di\u00e9vale<\/strong> et constitue un passage oblig\u00e9 pour l\u2019\u00e9tude de l\u2019histoire de la r\u00e9gion.<\/p>\n\n\n\n<p><\/p>\n\n\n\n<h2><strong>Palais et parc de Versailles<\/strong><\/h2>\n\n\n\n<figure class=\"wp-block-image size-large\"><img loading=\"lazy\" width=\"800\" height=\"531\" src=\"https:\/\/www.gites.net\/blog\/wp-content\/emp\/blogcasas\/2022\/03\/Kimberly-Vardeman-FLICKR.jpg\" alt=\"\" class=\"wp-image-10218\" srcset=\"https:\/\/www.gites.net\/blog\/wp-content\/emp\/blogcasas\/2022\/03\/Kimberly-Vardeman-FLICKR.jpg 800w, https:\/\/www.gites.net\/blog\/wp-content\/emp\/blogcasas\/2022\/03\/Kimberly-Vardeman-FLICKR-300x199.jpg 300w, https:\/\/www.gites.net\/blog\/wp-content\/emp\/blogcasas\/2022\/03\/Kimberly-Vardeman-FLICKR-768x510.jpg 768w, https:\/\/www.gites.net\/blog\/wp-content\/emp\/blogcasas\/2022\/03\/Kimberly-Vardeman-FLICKR-320x213.jpg 320w\" sizes=\"(max-width: 800px) 100vw, 800px\" \/><\/figure>\n\n\n\n<p>Notre prochain arr\u00eat nous am\u00e8ne en <strong>p\u00e9riph\u00e9rie de Paris <\/strong>pour visiter l\u2019un des plus beaux palais du monde. Bienvenue \u00e0 <strong>Versailles<\/strong>, ancien haut-lieu du pouvoir royal et protagoniste de notre visite. Cette ville situ\u00e9e \u00e0 une vingtaine de kilom\u00e8tres de la capitale se situe dans le <strong><a href=\"https:\/\/www.gites.net\/gites\/yvelines\" data-type=\"URL\" data-id=\"https:\/\/www.gites.net\/gites\/yvelines\" target=\"_blank\" rel=\"noreferrer noopener\">d\u00e9partement des Yvelines<\/a><\/strong> dans la r\u00e9gion <strong>\u00cele-de-France<\/strong>.<\/p>\n\n\n\n<p>Ce complexe architectural ayant vu vivre de nombreuses g\u00e9n\u00e9rations de Rois de France se caract\u00e9rise par sa <strong>taille colossale <\/strong>ainsi que la richesse de son ornementation. S\u2019il est difficile de faire une liste exhaustives de tous les b\u00e2timents que vous pourrez voir dans cet immense complexe, nous pouvons cependant citer le <strong>Grand Trianon<\/strong>, la c\u00e9l\u00e8bre <strong>Galerie des Glaces<\/strong> ou encore les <strong>Jardins<\/strong> dans lesquels vous pourrez vous balader et admirer la combinaison du paysagisme classique fran\u00e7ais et des <strong>plus de 200 statues<\/strong> qu\u2019y s\u2019y trouvent.<\/p>\n\n\n\n<p>Alors n\u2019h\u00e9sitez plus, si vous \u00eates en voyage en <strong>r\u00e9gion parisienne<\/strong> et venez d\u00e9couvrir l\u2019un des <strong>joyaux du patrimoine fran\u00e7ais<\/strong> et venez revivre l\u2019\u00e2ge d\u2019or de la royaut\u00e9 fran\u00e7aise dans le <strong>Ch\u00e2teau de Versailles<\/strong>.<\/p>\n\n\n\n<p><\/p>\n\n\n\n<h2><strong>Golfe de Porto : calanche de Piana, golfe de Girolata, r\u00e9serve de Scandola<\/strong><\/h2>\n\n\n\n<figure class=\"wp-block-image size-large\"><img loading=\"lazy\" width=\"799\" height=\"479\" src=\"https:\/\/www.gites.net\/blog\/wp-content\/emp\/blogcasas\/2022\/03\/Ludovic-FLICKR.jpg\" alt=\"\" class=\"wp-image-10219\" srcset=\"https:\/\/www.gites.net\/blog\/wp-content\/emp\/blogcasas\/2022\/03\/Ludovic-FLICKR.jpg 799w, https:\/\/www.gites.net\/blog\/wp-content\/emp\/blogcasas\/2022\/03\/Ludovic-FLICKR-300x180.jpg 300w, https:\/\/www.gites.net\/blog\/wp-content\/emp\/blogcasas\/2022\/03\/Ludovic-FLICKR-768x460.jpg 768w\" sizes=\"(max-width: 799px) 100vw, 799px\" \/><\/figure>\n\n\n\n<p>Notre derni\u00e8re escale dans ce voyage \u00e0 travers le Patrimoine Mondial fran\u00e7ais nous emm\u00e8ne sur <strong>l\u2019\u00eele de Beaut\u00e9<\/strong>. Cette fois, pas de patrimoine historique ou culturel mais un <strong>paysage naturel et sauvage <\/strong>\u00e0 couper le souffle. Cette r\u00e9gion touristique se situe en Corse-du-Sud sur la <strong>fa\u00e7ade ouest de la mer M\u00e9diterran\u00e9e<\/strong>.<\/p>\n\n\n\n<p>La faible densit\u00e9 de population humaine tout au long de l\u2019histoire dans la r\u00e9gion en fait l\u2019une des <strong>zones les plus vierges de <a href=\"https:\/\/www.gites.net\/gites\/corse\" data-type=\"URL\" data-id=\"https:\/\/www.gites.net\/gites\/corse\" target=\"_blank\" rel=\"noreferrer noopener\">toute la Corse<\/a><\/strong>. Vous pourrez y admirer grand nombre de <strong>falaises escarp\u00e9es<\/strong>, parfois caract\u00e9ris\u00e9e par leur couleur rouge\u00e2tre intense, qui contraste d\u2019autant plus avec l\u2019azur profond de la mer et du ciel. La <strong>r\u00e9serve de Scandola<\/strong> vous permettra d\u2019admirer la <strong>nature sauvage <\/strong>de cette r\u00e9gion et les nombreuses<strong> esp\u00e8ces end\u00e9miques<\/strong> de <strong>Corse<\/strong>, qu\u2019elles soient terrestres, v\u00e9g\u00e9tales ou maritimes.<\/p>\n\n\n\n<p>Si vous cherchez un s\u00e9jour dans un site d\u2019une <strong>beaut\u00e9 \u00e9poustouflant<\/strong>e et loin des grands sites touristiques de Corse, dans un <strong>havre de tranquillit\u00e9 et \u00e0 la nature sauvage<\/strong>, n\u2019h\u00e9sitez plus et venez visiter cette r\u00e9gion synonyme de retour aux sources.<\/p>\n","protected":false},"excerpt":{"rendered":"<p>La France, en raison de sa grande histoire, poss\u00e8de pas moins de 49 sites inscrits au Patrimoine Mondial de l\u2019UNESCO. Ces incroyables sites incluent une p\u00e9riode qui va de la pr\u00e9histoire jusqu\u2019\u00e0 l\u2019\u00e9poque moderne et sont tr\u00e8s divers\u00a0: architecture historique,&hellip; <br \/><a class=\"read-more-button\" href=\"https:\/\/www.gites.net\/blog\/4-sites-du-patrimoine-mondial-en-france\">Savoir plus<\/a><\/p>\n","protected":false},"author":12,"featured_media":10220,"comment_status":"open","ping_status":"open","sticky":false,"template":"","format":"standard","meta":[],"categories":[8],"tags":[108],"_links":{"self":[{"href":"https:\/\/www.gites.net\/blog\/wp-json\/wp\/v2\/posts\/10215"}],"collection":[{"href":"https:\/\/www.gites.net\/blog\/wp-json\/wp\/v2\/posts"}],"about":[{"href":"https:\/\/www.gites.net\/blog\/wp-json\/wp\/v2\/types\/post"}],"author":[{"embeddable":true,"href":"https:\/\/www.gites.net\/blog\/wp-json\/wp\/v2\/users\/12"}],"replies":[{"embeddable":true,"href":"https:\/\/www.gites.net\/blog\/wp-json\/wp\/v2\/comments?post=10215"}],"version-history":[{"count":1,"href":"https:\/\/www.gites.net\/blog\/wp-json\/wp\/v2\/posts\/10215\/revisions"}],"predecessor-version":[{"id":10221,"href":"https:\/\/www.gites.net\/blog\/wp-json\/wp\/v2\/posts\/10215\/revisions\/10221"}],"wp:featuredmedia":[{"embeddable":true,"href":"https:\/\/www.gites.net\/blog\/wp-json\/wp\/v2\/media\/10220"}],"wp:attachment":[{"href":"https:\/\/www.gites.net\/blog\/wp-json\/wp\/v2\/media?parent=10215"}],"wp:term":[{"taxonomy":"category","embeddable":true,"href":"https:\/\/www.gites.net\/blog\/wp-json\/wp\/v2\/categories?post=10215"},{"taxonomy":"post_tag","embeddable":true,"href":"https:\/\/www.gites.net\/blog\/wp-json\/wp\/v2\/tags?post=10215"}],"curies":[{"name":"wp","href":"https:\/\/api.w.org\/{rel}","templated":true}]}}