
{"id":10186,"date":"2022-03-10T11:18:10","date_gmt":"2022-03-10T11:18:10","guid":{"rendered":"https:\/\/www.gites.net\/blog\/?p=10186"},"modified":"2022-03-10T11:18:10","modified_gmt":"2022-03-10T11:18:10","slug":"les-meilleures-routes-de-france-a-moto","status":"publish","type":"post","link":"https:\/\/www.gites.net\/blog\/les-meilleures-routes-de-france-a-moto","title":{"rendered":"Les meilleures routes de France \u00e0 moto"},"content":{"rendered":"\n<p>La France n\u2019est pas n\u00e9cessairement la destination \u00e0 laquelle la plupart pensent \u00e0 l\u2019heure de <strong>faire de la moto<\/strong>. Pourtant, avec ses nombreuses <strong>routes de montagne<\/strong> et <strong>de for\u00eats<\/strong> diss\u00e9min\u00e9es \u00e0 travers le territoire tout entier, elle n\u2019est pas en reste avec d\u2019autres pays. Nous allons d\u00e9couvrir ensemble<strong> quelques-unes de ces routes.<\/strong><\/p>\n\n\n\n<p>Pr\u00e9parez votre moto d\u00e8s \u00e0 pr\u00e9sent, faites chauffer la gomme et suivez-nous \u00e0 travers les cols et les virages dans ce <strong>tour de France \u00e0 moto.<\/strong><\/p>\n\n\n\n<p><\/p>\n\n\n\n<h2><strong>La vall\u00e9e de la Chevreuse<\/strong><\/h2>\n\n\n\n<figure class=\"wp-block-image size-large\"><img loading=\"lazy\" width=\"800\" height=\"534\" src=\"https:\/\/www.gites.net\/blog\/wp-content\/emp\/blogcasas\/2022\/03\/Carsten-Sprotte-FLICKR.jpg\" alt=\"\" class=\"wp-image-10195\" srcset=\"https:\/\/www.gites.net\/blog\/wp-content\/emp\/blogcasas\/2022\/03\/Carsten-Sprotte-FLICKR.jpg 800w, https:\/\/www.gites.net\/blog\/wp-content\/emp\/blogcasas\/2022\/03\/Carsten-Sprotte-FLICKR-300x200.jpg 300w, https:\/\/www.gites.net\/blog\/wp-content\/emp\/blogcasas\/2022\/03\/Carsten-Sprotte-FLICKR-768x513.jpg 768w, https:\/\/www.gites.net\/blog\/wp-content\/emp\/blogcasas\/2022\/03\/Carsten-Sprotte-FLICKR-320x213.jpg 320w\" sizes=\"(max-width: 800px) 100vw, 800px\" \/><\/figure>\n\n\n\n<p>L\u2019une des routes les plus connues des cyclistes et motards franciliens, celle-ci est une portion de la <strong>route d\u00e9partementale D91<\/strong> situ\u00e9e dans le Parc naturel r\u00e9gional de la <strong>Haute Vall\u00e9e de Chevreuse<\/strong> dans le d\u00e9partement des <strong><a href=\"https:\/\/www.gites.net\/gites\/yvelines\" data-type=\"URL\" data-id=\"https:\/\/www.gites.net\/gites\/yvelines\" target=\"_blank\" rel=\"noreferrer noopener\">Yvelines<\/a><\/strong>, en <strong>\u00cele-de-France<\/strong>.<\/p>\n\n\n\n<p>Une portion en particulier de la route est devenue tr\u00e8s pris\u00e9e ces derni\u00e8res ann\u00e9es&nbsp;: celle connue sous le nom des \u00ab&nbsp;<strong>17 tournants<\/strong>&nbsp;\u00bb. Si cette portion n\u2019est pas tr\u00e8s longue (moins d\u2019un kilom\u00e8tre), elle est comme son nom l\u2019indique, marqu\u00e9e par une <strong>rapide succession de virages <\/strong>en mont\u00e9e qui rend cette route de for\u00eat unique en son genre.<\/p>\n\n\n\n<p>Attention toutefois \u00e0 l\u2019humidit\u00e9 des sous-bois et des <strong>divers dangers de glissade<\/strong> ainsi qu\u2019aux forces de l\u2019ordre qui patrouillent r\u00e9guli\u00e8rement \u00e0 cet endroit en raison de son succ\u00e8s aupr\u00e8s des motards.<\/p>\n\n\n\n<p><\/p>\n\n\n\n<h2><strong>Route des Gorges de l\u2019Ard\u00e8che<\/strong><\/h2>\n\n\n\n<figure class=\"wp-block-image size-large\"><img loading=\"lazy\" width=\"800\" height=\"533\" src=\"https:\/\/www.gites.net\/blog\/wp-content\/emp\/blogcasas\/2022\/03\/Chris-Wronski-FLICKR.jpg\" alt=\"\" class=\"wp-image-10194\" srcset=\"https:\/\/www.gites.net\/blog\/wp-content\/emp\/blogcasas\/2022\/03\/Chris-Wronski-FLICKR.jpg 800w, https:\/\/www.gites.net\/blog\/wp-content\/emp\/blogcasas\/2022\/03\/Chris-Wronski-FLICKR-300x200.jpg 300w, https:\/\/www.gites.net\/blog\/wp-content\/emp\/blogcasas\/2022\/03\/Chris-Wronski-FLICKR-768x512.jpg 768w, https:\/\/www.gites.net\/blog\/wp-content\/emp\/blogcasas\/2022\/03\/Chris-Wronski-FLICKR-320x213.jpg 320w\" sizes=\"(max-width: 800px) 100vw, 800px\" \/><\/figure>\n\n\n\n<p>Cette route se trouve sur la <strong>d\u00e9partementale D290<\/strong> qui est situ\u00e9e en plein c\u0153ur de la <strong>R\u00e9serve naturelle nationale des gorges de l&rsquo;Ard\u00e8che<\/strong> dans le d\u00e9partement de <strong><a href=\"https:\/\/www.gites.net\/gites\/ardeche\" data-type=\"URL\" data-id=\"https:\/\/www.gites.net\/gites\/ardeche\" target=\"_blank\" rel=\"noreferrer noopener\">l\u2019Ard\u00e8che<\/a>.<\/strong><\/p>\n\n\n\n<p>Ce chemin escarp\u00e9 \u00e0 travers les <strong>Gorges de l\u2019Ard\u00e8che<\/strong> vous offrira grand nombre de sensations fortes avec ses <strong>nombreux virages serr\u00e9s en altitude<\/strong>. Cette route est id\u00e9ale pour tout amateur de <strong>paysages<\/strong> et de <strong>nature sauvage<\/strong>. En effet vous trouverez tout au long de la route une grande quantit\u00e9 de <strong>points de vue<\/strong> et autres <strong>sites naturels<\/strong> \u00e0 l\u2019instar du c\u00e9l\u00e8bre <strong>Pont d\u2019Arc<\/strong>.<\/p>\n\n\n\n<p>Cette r\u00e9gion est encore tr\u00e8s sauvage alors attention sur la route, il n\u2019est pas impossible de croiser des chamois se baladant au milieu de la voie.<\/p>\n\n\n\n<p><\/p>\n\n\n\n<h2><strong>Col du Tourmalet<\/strong><\/h2>\n\n\n\n<figure class=\"wp-block-image size-large\"><img loading=\"lazy\" width=\"800\" height=\"533\" src=\"https:\/\/www.gites.net\/blog\/wp-content\/emp\/blogcasas\/2022\/03\/Soumei-Baba-FLICKR.jpg\" alt=\"\" class=\"wp-image-10193\" srcset=\"https:\/\/www.gites.net\/blog\/wp-content\/emp\/blogcasas\/2022\/03\/Soumei-Baba-FLICKR.jpg 800w, https:\/\/www.gites.net\/blog\/wp-content\/emp\/blogcasas\/2022\/03\/Soumei-Baba-FLICKR-300x200.jpg 300w, https:\/\/www.gites.net\/blog\/wp-content\/emp\/blogcasas\/2022\/03\/Soumei-Baba-FLICKR-768x512.jpg 768w, https:\/\/www.gites.net\/blog\/wp-content\/emp\/blogcasas\/2022\/03\/Soumei-Baba-FLICKR-320x213.jpg 320w\" sizes=\"(max-width: 800px) 100vw, 800px\" \/><\/figure>\n\n\n\n<p>Route bien connue de tout amateur du <strong>Tour de France<\/strong>, le Col du Tourmalet est \u00e9galement un terrain de jeu tr\u00e8s pris\u00e9 par les motards. Le <strong>Col du Tourmalet<\/strong> se situe sous le <strong>pic du Midi<\/strong>, sur la <strong>route<\/strong> <strong>d\u00e9partementale D918<\/strong> dans le d\u00e9partement <strong><a href=\"https:\/\/www.gites.net\/gites\/hautes-pyrenees\" data-type=\"URL\" data-id=\"https:\/\/www.gites.net\/gites\/hautes-pyrenees\" target=\"_blank\" rel=\"noreferrer noopener\">Hautes-Pyr\u00e9n\u00e9es<\/a><\/strong> et la r\u00e9gion <strong>Occitanie<\/strong>.<\/p>\n\n\n\n<p>Cette impressionnante route de montagne est compos\u00e9e d\u2019une <strong>succession de virages en \u00e9pingle<\/strong> qui sauront int\u00e9resser les motards exp\u00e9riment\u00e9s. Si certaines portions de la <strong>route sont techniques<\/strong>, il faudra donc redoubler de vigilance lors du passage du Col du Tourmalet et faire attention aux autres usagers de la route puisque cette route est tr\u00e8s <strong>pris\u00e9e des cyclistes<\/strong> comme des motards.<\/p>\n\n\n\n<p>Veuillez noter que la route est <strong>ferm\u00e9e de d\u00e9cembre \u00e0 mai<\/strong> \u00e0 cause de la neige.<\/p>\n\n\n\n<p><\/p>\n\n\n\n<h2><strong>Route des Cr\u00eates des Vosges<\/strong><\/h2>\n\n\n\n<figure class=\"wp-block-image size-large\"><img loading=\"lazy\" width=\"799\" height=\"533\" src=\"https:\/\/www.gites.net\/blog\/wp-content\/emp\/blogcasas\/2022\/03\/Paola-Breizh-FLICKR.jpg\" alt=\"\" class=\"wp-image-10191\" srcset=\"https:\/\/www.gites.net\/blog\/wp-content\/emp\/blogcasas\/2022\/03\/Paola-Breizh-FLICKR.jpg 799w, https:\/\/www.gites.net\/blog\/wp-content\/emp\/blogcasas\/2022\/03\/Paola-Breizh-FLICKR-300x200.jpg 300w, https:\/\/www.gites.net\/blog\/wp-content\/emp\/blogcasas\/2022\/03\/Paola-Breizh-FLICKR-768x512.jpg 768w, https:\/\/www.gites.net\/blog\/wp-content\/emp\/blogcasas\/2022\/03\/Paola-Breizh-FLICKR-320x213.jpg 320w\" sizes=\"(max-width: 799px) 100vw, 799px\" \/><\/figure>\n\n\n\n<p>Cette ancienne voie de communication cr\u00e9\u00e9e au cours de la Premi\u00e8re guerre mondiale est de nos jours un tr\u00e8s bon choix pour faire une balade \u00e0 moto en plein <strong>massif des Vosges<\/strong>. Pour r\u00e9aliser la <strong>route des Cr\u00eates<\/strong> il vous faudra atteindre la <strong>route d\u00e9partementale D48<\/strong> situ\u00e9e dans le d\u00e9partement des <strong><a href=\"https:\/\/www.gites.net\/gites\/vosges\" data-type=\"URL\" data-id=\"https:\/\/www.gites.net\/gites\/vosges\" target=\"_blank\" rel=\"noreferrer noopener\">Vosges<\/a><\/strong> et dans la r\u00e9gion <strong>Grand Est<\/strong>.<\/p>\n\n\n\n<p>En empruntant cette route vous passerez \u00e0 travers de nombreux <strong>cols<\/strong>, offrant des sensations de conduite in\u00e9gal\u00e9es ainsi que de nombreux <strong>points de vue<\/strong> tout au long du parcours. Vous pourrez y voir outre les divers sommets tels que le <strong>Grand Ballon<\/strong> ou le <strong>Ballon d\u2019Alsace<\/strong>, de nombreux <strong>lacs<\/strong> ainsi que diverses <strong>for\u00eats<\/strong>.<\/p>\n\n\n\n<p>\u00c0 noter que de nombreux cols situ\u00e9s sur la route sont <strong>ferm\u00e9s d\u2019octobre \u00e0 mai<\/strong> en raison de la neige.<\/p>\n\n\n\n<p><\/p>\n\n\n\n<h2><strong>Route de la Bonette<\/strong><\/h2>\n\n\n\n<figure class=\"wp-block-image size-large\"><img loading=\"lazy\" width=\"799\" height=\"533\" src=\"https:\/\/www.gites.net\/blog\/wp-content\/emp\/blogcasas\/2022\/03\/Robbie-Shade-FLICKR.jpg\" alt=\"\" class=\"wp-image-10190\" srcset=\"https:\/\/www.gites.net\/blog\/wp-content\/emp\/blogcasas\/2022\/03\/Robbie-Shade-FLICKR.jpg 799w, https:\/\/www.gites.net\/blog\/wp-content\/emp\/blogcasas\/2022\/03\/Robbie-Shade-FLICKR-300x200.jpg 300w, https:\/\/www.gites.net\/blog\/wp-content\/emp\/blogcasas\/2022\/03\/Robbie-Shade-FLICKR-768x512.jpg 768w, https:\/\/www.gites.net\/blog\/wp-content\/emp\/blogcasas\/2022\/03\/Robbie-Shade-FLICKR-320x213.jpg 320w\" sizes=\"(max-width: 799px) 100vw, 799px\" \/><\/figure>\n\n\n\n<p>La <strong>Route de la Bonette<\/strong>, situ\u00e9e non loin de la fronti\u00e8re italienne se trouve en plein c\u0153ur du <strong>Parc national du Mercantour<\/strong>, dans le d\u00e9partement des <strong><a href=\"https:\/\/www.gites.net\/gites\/alpes-maritimes\" data-type=\"URL\" data-id=\"https:\/\/www.gites.net\/gites\/alpes-maritimes\" target=\"_blank\" rel=\"noreferrer noopener\">Alpes-Maritimes<\/a><\/strong> et la r\u00e9gion <strong>Provence-Alpes-C\u00f4te d&rsquo;Azur<\/strong>.<\/p>\n\n\n\n<p>Cette route qui passe \u00e0 travers <strong>le col de la Bonette<\/strong> culmine \u00e0 2715 m\u00e8tres et en fait l\u2019une des routes asphalt\u00e9es <strong>les plus hautes d\u2019Europe<\/strong>. L\u2019altitude et les nombreux <strong>virages \u00e0 \u00e9pingle<\/strong> en fait une route incontournable pour tout amateur de deux-roues. La grande vari\u00e9t\u00e9 des paysages qui sont si diff\u00e9rents, entre ceux influenc\u00e9s par la m\u00e9diterran\u00e9e et les autres plus alpins, en font une <strong>route unique en son genre<\/strong>.<\/p>\n\n\n\n<p>\u00c9tant une route de montagne, elle est comme d\u2019autres dans cette liste, <strong>ferm\u00e9e<\/strong> l\u2019hiver en raison de la neige et ce <strong>d\u2019octobre \u00e0 mai<\/strong>.<\/p>\n","protected":false},"excerpt":{"rendered":"<p>La France n\u2019est pas n\u00e9cessairement la destination \u00e0 laquelle la plupart pensent \u00e0 l\u2019heure de faire de la moto. Pourtant, avec ses nombreuses routes de montagne et de for\u00eats diss\u00e9min\u00e9es \u00e0 travers le territoire tout entier, elle n\u2019est pas en&hellip; <br \/><a class=\"read-more-button\" href=\"https:\/\/www.gites.net\/blog\/les-meilleures-routes-de-france-a-moto\">Savoir plus<\/a><\/p>\n","protected":false},"author":12,"featured_media":10192,"comment_status":"open","ping_status":"open","sticky":false,"template":"","format":"standard","meta":[],"categories":[8],"tags":[146],"_links":{"self":[{"href":"https:\/\/www.gites.net\/blog\/wp-json\/wp\/v2\/posts\/10186"}],"collection":[{"href":"https:\/\/www.gites.net\/blog\/wp-json\/wp\/v2\/posts"}],"about":[{"href":"https:\/\/www.gites.net\/blog\/wp-json\/wp\/v2\/types\/post"}],"author":[{"embeddable":true,"href":"https:\/\/www.gites.net\/blog\/wp-json\/wp\/v2\/users\/12"}],"replies":[{"embeddable":true,"href":"https:\/\/www.gites.net\/blog\/wp-json\/wp\/v2\/comments?post=10186"}],"version-history":[{"count":3,"href":"https:\/\/www.gites.net\/blog\/wp-json\/wp\/v2\/posts\/10186\/revisions"}],"predecessor-version":[{"id":10196,"href":"https:\/\/www.gites.net\/blog\/wp-json\/wp\/v2\/posts\/10186\/revisions\/10196"}],"wp:featuredmedia":[{"embeddable":true,"href":"https:\/\/www.gites.net\/blog\/wp-json\/wp\/v2\/media\/10192"}],"wp:attachment":[{"href":"https:\/\/www.gites.net\/blog\/wp-json\/wp\/v2\/media?parent=10186"}],"wp:term":[{"taxonomy":"category","embeddable":true,"href":"https:\/\/www.gites.net\/blog\/wp-json\/wp\/v2\/categories?post=10186"},{"taxonomy":"post_tag","embeddable":true,"href":"https:\/\/www.gites.net\/blog\/wp-json\/wp\/v2\/tags?post=10186"}],"curies":[{"name":"wp","href":"https:\/\/api.w.org\/{rel}","templated":true}]}}