
{"id":10177,"date":"2022-03-08T13:41:55","date_gmt":"2022-03-08T13:41:55","guid":{"rendered":"https:\/\/www.gites.net\/blog\/?p=10177"},"modified":"2022-03-08T13:41:56","modified_gmt":"2022-03-08T13:41:56","slug":"villages-frontaliers-avec-lespagne","status":"publish","type":"post","link":"https:\/\/www.gites.net\/blog\/villages-frontaliers-avec-lespagne","title":{"rendered":"Villages frontaliers avec l&rsquo;Espagne"},"content":{"rendered":"\n<p>Lorsque nous cherchons une destination, nous voulons toujours pouvoir visiter <strong>autant d\u2019endroits que possible<\/strong>. Voyager, explorer les diff\u00e9rences et vivre des chocs culturels sont autant d\u2019exp\u00e9riences que <strong>nous voulons tous vivre et conna\u00eetre<\/strong>.<\/p>\n\n\n\n<p>Si vous avez quelques jours de cong\u00e9 et que vous voulez vous d\u00e9connecter, ou si vous avez planifi\u00e9 un voyage avec votre famille, vos amis ou seul, pensez que notre pays a beaucoup de zones qui <strong>vivent de leurs contrastes<\/strong>, qui <strong>utilisent leurs diff\u00e9rences<\/strong> afin de manifester leur potentiel pour attirer les touristes.<\/p>\n\n\n\n<p>Et si nous vous disions que vous pouvez, au cours du m\u00eame voyage, avoir <strong>la chance de profiter de deux pays <\/strong>? Si l&rsquo;id\u00e9e vous pla\u00eet, il ne vous reste plus qu&rsquo;\u00e0 nous rejoindre pour ce <strong>tour des villes et villages \u00e0 la fronti\u00e8re espagnole<\/strong>. Alors, qu\u2019attendez-vous pour faire vos valises\u00a0?<\/p>\n\n\n\n<p><\/p>\n\n\n\n<h2><strong>Saint Bertrand-de-Comminges<\/strong><\/h2>\n\n\n\n<figure class=\"wp-block-image size-large\"><img loading=\"lazy\" width=\"799\" height=\"533\" src=\"https:\/\/www.gites.net\/blog\/wp-content\/emp\/blogcasas\/2022\/03\/S.G.H.-FLICKR.jpg\" alt=\"\" class=\"wp-image-10178\" srcset=\"https:\/\/www.gites.net\/blog\/wp-content\/emp\/blogcasas\/2022\/03\/S.G.H.-FLICKR.jpg 799w, https:\/\/www.gites.net\/blog\/wp-content\/emp\/blogcasas\/2022\/03\/S.G.H.-FLICKR-300x200.jpg 300w, https:\/\/www.gites.net\/blog\/wp-content\/emp\/blogcasas\/2022\/03\/S.G.H.-FLICKR-768x512.jpg 768w, https:\/\/www.gites.net\/blog\/wp-content\/emp\/blogcasas\/2022\/03\/S.G.H.-FLICKR-320x213.jpg 320w\" sizes=\"(max-width: 799px) 100vw, 799px\" \/><\/figure>\n\n\n\n<p><strong>Saint-Bertrand-de-Comminges<\/strong> est une commune situ\u00e9e dans les <strong>Pyr\u00e9n\u00e9es fran\u00e7aises<\/strong> dans le d\u00e9partement de <strong><a href=\"https:\/\/www.gites.net\/gites\/haute-garonne\" data-type=\"URL\" data-id=\"https:\/\/www.gites.net\/gites\/haute-garonne\" target=\"_blank\" rel=\"noreferrer noopener\">Haute-Garonne<\/a><\/strong> et dans la r\u00e9gion <strong>Occitanie<\/strong>.<\/p>\n\n\n\n<p>Il s\u2019agit sans nul doute de l\u2019un des plus beaux villages de France, enti\u00e8rement encercl\u00e9 par ses <strong>remparts datant du Moyen-\u00e2ge<\/strong>. Un autre des attraits de ce village est la somptueuse cath\u00e9drale de style roman <strong>Notre-Dame de Saint-Bertrand-de-Comminges<\/strong> datant du XII\u00e8me si\u00e8cle.<\/p>\n\n\n\n<p>N\u2019h\u00e9sitez pas \u00e0 venir passer un moment dans cet incroyable <strong>village perch\u00e9 dans les montagnes<\/strong>.<\/p>\n\n\n\n<p><\/p>\n\n\n\n<h2><strong>Saint-Jean-Pied-de-Port<\/strong><\/h2>\n\n\n\n<figure class=\"wp-block-image size-large\"><img loading=\"lazy\" width=\"800\" height=\"600\" src=\"https:\/\/www.gites.net\/blog\/wp-content\/emp\/blogcasas\/2022\/03\/Giovanni-Riccardi-FLICKR.jpg\" alt=\"\" class=\"wp-image-10180\" srcset=\"https:\/\/www.gites.net\/blog\/wp-content\/emp\/blogcasas\/2022\/03\/Giovanni-Riccardi-FLICKR.jpg 800w, https:\/\/www.gites.net\/blog\/wp-content\/emp\/blogcasas\/2022\/03\/Giovanni-Riccardi-FLICKR-300x225.jpg 300w, https:\/\/www.gites.net\/blog\/wp-content\/emp\/blogcasas\/2022\/03\/Giovanni-Riccardi-FLICKR-768x576.jpg 768w, https:\/\/www.gites.net\/blog\/wp-content\/emp\/blogcasas\/2022\/03\/Giovanni-Riccardi-FLICKR-156x117.jpg 156w\" sizes=\"(max-width: 800px) 100vw, 800px\" \/><\/figure>\n\n\n\n<p>D\u00e9couvrez la commune de <strong>Saint-Jean-Pied-de-Port<\/strong>, situ\u00e9e dans le d\u00e9partement des <strong><a href=\"https:\/\/www.gites.net\/gites\/pyrenees-atlantiques\" data-type=\"URL\" data-id=\"https:\/\/www.gites.net\/gites\/pyrenees-atlantiques\" target=\"_blank\" rel=\"noreferrer noopener\">Pyr\u00e9n\u00e9es-Atlantiques<\/a><\/strong> et en r\u00e9gion <strong>Nouvelle-Aquitaine<\/strong>.<\/p>\n\n\n\n<p>Ce charmant village \u00e0 quelques kilom\u00e8tres de la fronti\u00e8re avec l\u2019Espagne se trouve sur le <strong>Chemin de Saint-Jacques de Compostelle<\/strong> ainsi que sur le trac\u00e9 du <strong>GR10<\/strong>. Travers\u00e9 par la <strong>Nive de B\u00e9h\u00e9robie<\/strong>, cette rivi\u00e8re donne ses lettres de noblesse au village qui, avec ses <strong>ponts<\/strong> et ses <strong>maisons<\/strong> \u00e0 <strong>l\u2019architecture<\/strong> <strong>basque<\/strong> si typique de la r\u00e9gion constituent une excellente destination.<\/p>\n\n\n\n<p>N&rsquo;attendez plus et venez d\u00e8s \u00e0 pr\u00e9sent s\u00e9journer \u00e0 Saint-Jean-Pied-de-Port, <strong>petit joyau m\u00e9connu de la fronti\u00e8re<\/strong>.<\/p>\n\n\n\n<p><\/p>\n\n\n\n<h2><strong>Villefranche-de-Conflent<\/strong><\/h2>\n\n\n\n<figure class=\"wp-block-image size-large\"><img loading=\"lazy\" width=\"800\" height=\"530\" src=\"https:\/\/www.gites.net\/blog\/wp-content\/emp\/blogcasas\/2022\/03\/Damien-RAMOS-FLICKR.jpg\" alt=\"\" class=\"wp-image-10181\" srcset=\"https:\/\/www.gites.net\/blog\/wp-content\/emp\/blogcasas\/2022\/03\/Damien-RAMOS-FLICKR.jpg 800w, https:\/\/www.gites.net\/blog\/wp-content\/emp\/blogcasas\/2022\/03\/Damien-RAMOS-FLICKR-300x199.jpg 300w, https:\/\/www.gites.net\/blog\/wp-content\/emp\/blogcasas\/2022\/03\/Damien-RAMOS-FLICKR-768x509.jpg 768w, https:\/\/www.gites.net\/blog\/wp-content\/emp\/blogcasas\/2022\/03\/Damien-RAMOS-FLICKR-320x213.jpg 320w\" sizes=\"(max-width: 800px) 100vw, 800px\" \/><\/figure>\n\n\n\n<p>La commune de <strong>Villefranche-de-Conflent<\/strong> se trouve dans le d\u00e9partement des <strong><a href=\"https:\/\/www.gites.net\/gites\/pyrenees-orientales\" data-type=\"URL\" data-id=\"https:\/\/www.gites.net\/gites\/pyrenees-orientales\" target=\"_blank\" rel=\"noreferrer noopener\">Pyr\u00e9n\u00e9es-Orientales<\/a><\/strong>, en r\u00e9gion <strong>Occitanie<\/strong> \u00e0 une trentaine de kilom\u00e8tres de la fronti\u00e8re.<\/p>\n\n\n\n<p>Cette ville fortifi\u00e9e a cette incroyable capacit\u00e9 \u00e0 <strong>vous faire voyager dans le temps<\/strong>. En vous baladant dans ses rues et en voyant ces vieilles b\u00e2tisses il se peut que vous soyez transport\u00e9s de nouveau au Moyen-\u00e2ge.<\/p>\n\n\n\n<p>La pi\u00e8ce maitresse de la ville reste le <strong>Fort Lib\u00e9ria<\/strong> qui <strong>tr\u00f4ne fi\u00e8rement au-dessus<\/strong> de la cit\u00e9 en contrebas. Cette forteresse forme partie du syst\u00e8me de d\u00e9fense <strong>Vauban<\/strong> qui inclut une trentaine d\u2019autres forteresses partout sur le territoire datant du XVII\u00e8me si\u00e8cle.<\/p>\n\n\n\n<p>Venez d\u00e9couvrir d\u00e8s \u00e0 pr\u00e9sent <strong>Villefranche-de-Conflent<\/strong> et toute son incroyable histoire.<\/p>\n\n\n\n<p><\/p>\n\n\n\n<h2><strong>Anglet<\/strong><\/h2>\n\n\n\n<figure class=\"wp-block-image size-large\"><img loading=\"lazy\" width=\"800\" height=\"450\" src=\"https:\/\/www.gites.net\/blog\/wp-content\/emp\/blogcasas\/2022\/03\/Mickael-T.-FLICKR.jpg\" alt=\"\" class=\"wp-image-10182\" srcset=\"https:\/\/www.gites.net\/blog\/wp-content\/emp\/blogcasas\/2022\/03\/Mickael-T.-FLICKR.jpg 800w, https:\/\/www.gites.net\/blog\/wp-content\/emp\/blogcasas\/2022\/03\/Mickael-T.-FLICKR-300x169.jpg 300w, https:\/\/www.gites.net\/blog\/wp-content\/emp\/blogcasas\/2022\/03\/Mickael-T.-FLICKR-768x432.jpg 768w\" sizes=\"(max-width: 800px) 100vw, 800px\" \/><\/figure>\n\n\n\n<p><strong>Anglet<\/strong> une ville situ\u00e9e au bord de l&rsquo;oc\u00e9an <strong>Atlantique<\/strong>, dans le d\u00e9partement des <strong>Pyr\u00e9n\u00e9es-Atlantiques<\/strong> et en r\u00e9gion <strong>Nouvelle-Aquitaine<\/strong>.<\/p>\n\n\n\n<p>Cette ville littorale est coinc\u00e9e entre deux agglom\u00e9rations bien plus grandes&nbsp;: <strong>Bayonne<\/strong> et <strong>Biarritz<\/strong>. Mais ne vous y trompez pas, <strong>Anglet<\/strong> est une destination \u00e0 ne pas manquer pour quiconque se trouvant en <strong>Pays-basque<\/strong> <strong>fran\u00e7ais<\/strong> \u00e0 ce moment-l\u00e0. En plus de ses <strong>plages<\/strong> plus <strong>tranquilles<\/strong> que celles de ses voisines, nous vous conseillons la visite du bateau <strong>l\u2019Hermione<\/strong>, qui est amarr\u00e9 au <strong>port d\u2019Anglet<\/strong>.<\/p>\n\n\n\n<p>Ainsi, n\u2019h\u00e9sitez plus et venez passer des vacances dans cette r\u00e9gion du <strong>Pays-basque<\/strong>, \u00e0 quelques kilom\u00e8tres de la fronti\u00e8re espagnole.<\/p>\n\n\n\n<p><\/p>\n\n\n\n<h2><strong>Ax-les-Thermes<\/strong><\/h2>\n\n\n\n<figure class=\"wp-block-image size-large\"><img loading=\"lazy\" width=\"799\" height=\"533\" src=\"https:\/\/www.gites.net\/blog\/wp-content\/emp\/blogcasas\/2022\/03\/Richard-Mortel-FLICKR.jpg\" alt=\"\" class=\"wp-image-10183\" srcset=\"https:\/\/www.gites.net\/blog\/wp-content\/emp\/blogcasas\/2022\/03\/Richard-Mortel-FLICKR.jpg 799w, https:\/\/www.gites.net\/blog\/wp-content\/emp\/blogcasas\/2022\/03\/Richard-Mortel-FLICKR-300x200.jpg 300w, https:\/\/www.gites.net\/blog\/wp-content\/emp\/blogcasas\/2022\/03\/Richard-Mortel-FLICKR-768x512.jpg 768w, https:\/\/www.gites.net\/blog\/wp-content\/emp\/blogcasas\/2022\/03\/Richard-Mortel-FLICKR-320x213.jpg 320w\" sizes=\"(max-width: 799px) 100vw, 799px\" \/><\/figure>\n\n\n\n<p>Pour cette derni\u00e8re destination nous vous emmenons \u00e0 <strong>Ax-les-Thermes<\/strong>, petite commune situ\u00e9e dans le d\u00e9partement de <strong><a href=\"https:\/\/www.gites.net\/gites\/ariege\" data-type=\"URL\" data-id=\"https:\/\/www.gites.net\/gites\/ariege\" target=\"_blank\" rel=\"noreferrer noopener\">l&rsquo;Ari\u00e8ge<\/a><\/strong> en r\u00e9gion <strong>Occitanie<\/strong>.<\/p>\n\n\n\n<p>Situ\u00e9e \u00e0 quelques kilom\u00e8tres seulement de <strong>l\u2019Espagne<\/strong> et <strong>d\u2019Andorre<\/strong>, cette ville constitue le point de d\u00e9part parfait pour votre excursion. <strong>Ax-les-Thermes<\/strong> est une destination tr\u00e8s sp\u00e9ciale car elle est capable d\u2019offrir une exp\u00e9rience de <strong>sports d\u2019hiver<\/strong> compl\u00e8te avec des <strong>stations de ski<\/strong> dernier cri. Mais ce n\u2019est pas tout, comme son nom l\u2019indique, <strong>Ax-les-Thermes<\/strong> est une <strong>ville thermale<\/strong> o\u00f9 vous allez pouvoir profiter de plusieurs \u00e9tablissements offrant des <strong>cures<\/strong> thermales.<\/p>\n\n\n\n<p>Alors qu\u2019attendez-vous pour venir visiter cette ville <strong>unique en son genre<\/strong> et situ\u00e9e \u00e0 quelques minutes de non pas un, mais deux pays.<\/p>\n","protected":false},"excerpt":{"rendered":"<p>Lorsque nous cherchons une destination, nous voulons toujours pouvoir visiter autant d\u2019endroits que possible. Voyager, explorer les diff\u00e9rences et vivre des chocs culturels sont autant d\u2019exp\u00e9riences que nous voulons tous vivre et conna\u00eetre. Si vous avez quelques jours de cong\u00e9&hellip; <br \/><a class=\"read-more-button\" href=\"https:\/\/www.gites.net\/blog\/villages-frontaliers-avec-lespagne\">Savoir plus<\/a><\/p>\n","protected":false},"author":12,"featured_media":10179,"comment_status":"open","ping_status":"open","sticky":false,"template":"","format":"standard","meta":[],"categories":[8],"tags":[141],"_links":{"self":[{"href":"https:\/\/www.gites.net\/blog\/wp-json\/wp\/v2\/posts\/10177"}],"collection":[{"href":"https:\/\/www.gites.net\/blog\/wp-json\/wp\/v2\/posts"}],"about":[{"href":"https:\/\/www.gites.net\/blog\/wp-json\/wp\/v2\/types\/post"}],"author":[{"embeddable":true,"href":"https:\/\/www.gites.net\/blog\/wp-json\/wp\/v2\/users\/12"}],"replies":[{"embeddable":true,"href":"https:\/\/www.gites.net\/blog\/wp-json\/wp\/v2\/comments?post=10177"}],"version-history":[{"count":1,"href":"https:\/\/www.gites.net\/blog\/wp-json\/wp\/v2\/posts\/10177\/revisions"}],"predecessor-version":[{"id":10184,"href":"https:\/\/www.gites.net\/blog\/wp-json\/wp\/v2\/posts\/10177\/revisions\/10184"}],"wp:featuredmedia":[{"embeddable":true,"href":"https:\/\/www.gites.net\/blog\/wp-json\/wp\/v2\/media\/10179"}],"wp:attachment":[{"href":"https:\/\/www.gites.net\/blog\/wp-json\/wp\/v2\/media?parent=10177"}],"wp:term":[{"taxonomy":"category","embeddable":true,"href":"https:\/\/www.gites.net\/blog\/wp-json\/wp\/v2\/categories?post=10177"},{"taxonomy":"post_tag","embeddable":true,"href":"https:\/\/www.gites.net\/blog\/wp-json\/wp\/v2\/tags?post=10177"}],"curies":[{"name":"wp","href":"https:\/\/api.w.org\/{rel}","templated":true}]}}