
{"id":10129,"date":"2022-01-27T10:24:59","date_gmt":"2022-01-27T10:24:59","guid":{"rendered":"https:\/\/www.gites.net\/blog\/?p=10129"},"modified":"2022-01-27T10:25:00","modified_gmt":"2022-01-27T10:25:00","slug":"meilleures-randonnees-en-france","status":"publish","type":"post","link":"https:\/\/www.gites.net\/blog\/meilleures-randonnees-en-france","title":{"rendered":"Meilleures randonn\u00e9es en France"},"content":{"rendered":"\n<p>Apr\u00e8s les f\u00eates de fin d\u2019ann\u00e9e et les nombreux repas et d\u00eeners de famille, vous avez surement envie de <strong>faire un break<\/strong> de tout \u00e7a. Rien de mieux qu\u2019une <strong>bonne randonn\u00e9e<\/strong> pour vous changer les esprits et commencer le nouvel avec <strong>\u00e9nergie<\/strong>.<\/p>\n\n\n\n<p>Aujourd\u2019hui nous venons partager avec vous l\u2019une des <strong>meilleurs randonn\u00e9es a faire en France<\/strong> et <strong>accessible<\/strong> \u00e0 tout le monde.<\/p>\n\n\n\n<p><\/p>\n\n\n\n<h2><strong>Le Sentier du littoral Normand<\/strong><\/h2>\n\n\n\n<figure class=\"wp-block-image size-large\"><img loading=\"lazy\" width=\"800\" height=\"450\" src=\"https:\/\/www.gites.net\/blog\/wp-content\/emp\/blogcasas\/2022\/01\/@-S@ndrine-FLICKR.jpg\" alt=\"\" class=\"wp-image-10135\" srcset=\"https:\/\/www.gites.net\/blog\/wp-content\/emp\/blogcasas\/2022\/01\/@-S@ndrine-FLICKR.jpg 800w, https:\/\/www.gites.net\/blog\/wp-content\/emp\/blogcasas\/2022\/01\/@-S@ndrine-FLICKR-300x169.jpg 300w, https:\/\/www.gites.net\/blog\/wp-content\/emp\/blogcasas\/2022\/01\/@-S@ndrine-FLICKR-768x432.jpg 768w\" sizes=\"(max-width: 800px) 100vw, 800px\" \/><\/figure>\n\n\n\n<p>Cette randonn\u00e9e est <strong><a href=\"https:\/\/www.gites.net\/gites\/seine-maritime\" data-type=\"URL\" data-id=\"https:\/\/www.gites.net\/gites\/seine-maritime\" target=\"_blank\" rel=\"noreferrer noopener\">l\u2019une des plus belle<\/a><\/strong> de toute la France. <strong>190 km de chemin c\u00f4tier <\/strong>relient les villages et valleuses du littoral de Normandie entre Le Tr\u00e9port et <strong>Le Havre<\/strong>. Si vous choisissez de faire cette randonn\u00e9e vous serez \u00e9merveilles par la <strong>beaut\u00e9 de la Manche<\/strong> et du paysage rustique du <strong>Pays de Caux<\/strong> que vous pourrez admirer depuis les hauteurs de la c\u00f4te d\u2019Alb\u00e2tre.<\/p>\n\n\n\n<p>De plus vous aurez l\u2019occasion de parcourir le joli <strong>village de Veules-Les-Roses<\/strong>, et ainsi passer par les plus petits fleuves du pays. Toute la promenade vau largement le coup d\u2019\u00eatre faite, en <strong>couple, entre amis <\/strong>ou en famille, vous ne serez pas d\u00e9\u00e7us de la randonn\u00e9e et des magnifiques vues que vous aller d\u00e9couvrir.<\/p>\n\n\n\n<p>Si vous \u00eates plut\u00f4t \u00e0 la recherche d\u2019\u00eatre plus<strong> \u00e0 c\u00f4t\u00e9 de la mer<\/strong>, vous avez le choix de traverser une route d\u2019environs <strong>dix kilom\u00e8tres<\/strong> entre <strong>Yport et les arches d\u2019\u00c9tretat<\/strong> et parcourir le sentier d\u2019un c\u00f4t\u00e9 \u00e0 l\u2019autre des falaises. Si le temp et la mar\u00e9e le permettent avant de retourner par le haut vers \u00c9tretat, vous pourrez m\u00eame continuer ver la <strong>plage de galets<\/strong>, les rochers sous les arches et dans les tunnels.<\/p>\n\n\n\n<p><\/p>\n\n\n\n<h2><strong>Les Crocs, le sentier d\u2019acc\u00e8s \u00e0 la mer<\/strong><\/h2>\n\n\n\n<figure class=\"wp-block-image size-large\"><img loading=\"lazy\" width=\"799\" height=\"534\" src=\"https:\/\/www.gites.net\/blog\/wp-content\/emp\/blogcasas\/2022\/01\/Claude-Attard-FLICKR.jpg\" alt=\"\" class=\"wp-image-10134\" srcset=\"https:\/\/www.gites.net\/blog\/wp-content\/emp\/blogcasas\/2022\/01\/Claude-Attard-FLICKR.jpg 799w, https:\/\/www.gites.net\/blog\/wp-content\/emp\/blogcasas\/2022\/01\/Claude-Attard-FLICKR-300x201.jpg 300w, https:\/\/www.gites.net\/blog\/wp-content\/emp\/blogcasas\/2022\/01\/Claude-Attard-FLICKR-768x513.jpg 768w, https:\/\/www.gites.net\/blog\/wp-content\/emp\/blogcasas\/2022\/01\/Claude-Attard-FLICKR-320x213.jpg 320w\" sizes=\"(max-width: 799px) 100vw, 799px\" \/><\/figure>\n\n\n\n<p>La deuxi\u00e8me randonn\u00e9e que nous vous proposons au Nord est <strong>une perle rare <\/strong>que tous les passionn\u00e9s de nature veulent parcourir. Il s\u2019agit bien de la <strong><a rel=\"noreferrer noopener\" href=\"https:\/\/www.gites.net\/gites\/baie-de-somme\" data-type=\"URL\" data-id=\"https:\/\/www.gites.net\/gites\/baie-de-somme\" target=\"_blank\">Baie de Somme<\/a><\/strong> un endroit que vous pourrez explorer et qui vous permettra de faire une randonn\u00e9e <strong>entre terre et mer<\/strong>. <\/p>\n\n\n\n<p>Depuis la commune de<strong> Saint-Quentin-en-Tourmont<\/strong> vous pourrez effectuer votre d\u00e9part. Vous y d\u00e9couvrirez de magnifiques <strong>paysages <\/strong>que vous ne serez pas pr\u00eats d\u2019oublier\u00a0!<\/p>\n\n\n\n<p><strong>Les Crocs<\/strong>, le sentier d\u2019acc\u00e8s \u00e0 la mer est un retour aux sources o\u00f9 la<strong> nature brute<\/strong> excelle. On vous promet des moments forts en <strong>\u00e9motions <\/strong>que vous qui valent extr\u00eamement la peine d\u2019\u00eatre v\u00e9cus.<\/p>\n\n\n\n<p><\/p>\n\n\n\n<h2><strong>Gorges du Verdon<\/strong><\/h2>\n\n\n\n<figure class=\"wp-block-image size-large\"><img loading=\"lazy\" width=\"800\" height=\"536\" src=\"https:\/\/www.gites.net\/blog\/wp-content\/emp\/blogcasas\/2022\/01\/akunamatata-FLICKR.jpg\" alt=\"\" class=\"wp-image-10133\" srcset=\"https:\/\/www.gites.net\/blog\/wp-content\/emp\/blogcasas\/2022\/01\/akunamatata-FLICKR.jpg 800w, https:\/\/www.gites.net\/blog\/wp-content\/emp\/blogcasas\/2022\/01\/akunamatata-FLICKR-300x201.jpg 300w, https:\/\/www.gites.net\/blog\/wp-content\/emp\/blogcasas\/2022\/01\/akunamatata-FLICKR-768x515.jpg 768w, https:\/\/www.gites.net\/blog\/wp-content\/emp\/blogcasas\/2022\/01\/akunamatata-FLICKR-320x213.jpg 320w\" sizes=\"(max-width: 800px) 100vw, 800px\" \/><\/figure>\n\n\n\n<p>Dans les <strong><a rel=\"noreferrer noopener\" href=\"https:\/\/www.gites.net\/gites\/alpes-de-haute-provence\" data-type=\"URL\" data-id=\"https:\/\/www.gites.net\/gites\/alpes-de-haute-provence\" target=\"_blank\">Alpes de Haute Provence<\/a><\/strong>, class\u00e9 comme <strong>Grand Site de France<\/strong>, ici vous aurez l\u2019occasion de <strong>randonner \u00e0 l\u2019int\u00e9rieur du Canyon<\/strong> en passent par les jolis villages de Castellane et Moustiers-Saint-Marie class\u00e9 parmi les plus beaux villages de France.<\/p>\n\n\n\n<p>En passent par <strong>le sentier Martel <\/strong>vous profiterez d\u2019une vue impressionnante sur tout le Canyon et depuis sommet de <strong>Grand Marg\u00e8s<\/strong> vous pourrez admirer le <strong>lac de Sainte-Croix.<\/strong><\/p>\n\n\n\n<p><\/p>\n\n\n\n<h2><strong>Puys de D\u00f4mes<\/strong><\/h2>\n\n\n\n<figure class=\"wp-block-image size-large\"><img loading=\"lazy\" width=\"799\" height=\"526\" src=\"https:\/\/www.gites.net\/blog\/wp-content\/emp\/blogcasas\/2022\/01\/Jean-Balczesak-FLICKR.jpg\" alt=\"\" class=\"wp-image-10132\" srcset=\"https:\/\/www.gites.net\/blog\/wp-content\/emp\/blogcasas\/2022\/01\/Jean-Balczesak-FLICKR.jpg 799w, https:\/\/www.gites.net\/blog\/wp-content\/emp\/blogcasas\/2022\/01\/Jean-Balczesak-FLICKR-300x197.jpg 300w, https:\/\/www.gites.net\/blog\/wp-content\/emp\/blogcasas\/2022\/01\/Jean-Balczesak-FLICKR-768x506.jpg 768w\" sizes=\"(max-width: 799px) 100vw, 799px\" \/><\/figure>\n\n\n\n<p>Une randonn\u00e9e \u00e0 ne pas rater si vous vous trouvez dans la <strong><a href=\"https:\/\/www.gites.net\/gites\/auvergne\" data-type=\"URL\" data-id=\"https:\/\/www.gites.net\/gites\/auvergne\" target=\"_blank\" rel=\"noreferrer noopener\">r\u00e9gion d\u2019Auvergne<\/a><\/strong> est celle du <strong>Puy-de-D\u00f4me <\/strong>et ses <strong>volcans<\/strong>. Vous y trouverez des vues qui vous couperons le souffle.<\/p>\n\n\n\n<p>Si vous faites partie des<strong> plus aventuriers <\/strong>et vous n\u2019avez pas peur de vous fatiguer, vous aurez le choix de faire l\u2019ascension \u00e0 pied par le <strong>chemin des Muletiers,<\/strong> attention sueurs garantis\u00a0!<\/p>\n\n\n\n<p>Dans le cas contraire vous avez \u00e0 votre disposition de monter \u00e0 <strong>bord du Panoramique des D\u00f4mes<\/strong> d\u2019o\u00f9 vous appr\u00e9cierez pendent la mont\u00e9e une incroyable <strong>vue 360\u00ba. <\/strong>Et voil\u00e0 en dix minutes vous serez au sommet.<\/p>\n\n\n\n<p><\/p>\n\n\n\n<h2><strong>Randonn\u00e9es en Bretagne<\/strong><\/h2>\n\n\n\n<figure class=\"wp-block-image size-large\"><img loading=\"lazy\" width=\"800\" height=\"535\" src=\"https:\/\/www.gites.net\/blog\/wp-content\/emp\/blogcasas\/2022\/01\/Shadowgate-FLICKR.jpg\" alt=\"\" class=\"wp-image-10131\" srcset=\"https:\/\/www.gites.net\/blog\/wp-content\/emp\/blogcasas\/2022\/01\/Shadowgate-FLICKR.jpg 800w, https:\/\/www.gites.net\/blog\/wp-content\/emp\/blogcasas\/2022\/01\/Shadowgate-FLICKR-300x201.jpg 300w, https:\/\/www.gites.net\/blog\/wp-content\/emp\/blogcasas\/2022\/01\/Shadowgate-FLICKR-768x514.jpg 768w, https:\/\/www.gites.net\/blog\/wp-content\/emp\/blogcasas\/2022\/01\/Shadowgate-FLICKR-320x213.jpg 320w\" sizes=\"(max-width: 800px) 100vw, 800px\" \/><\/figure>\n\n\n\n<p>Nous arrivons \u00e0 la fin de notre article et comme dernier spot, <strong><a href=\"https:\/\/www.gites.net\/gites\/bretagne\" data-type=\"URL\" data-id=\"https:\/\/www.gites.net\/gites\/bretagne\" target=\"_blank\" rel=\"noreferrer noopener\">La Bretagne<\/a><\/strong> ne pouvez pas manquer \u00e0 notre liste.<\/p>\n\n\n\n<p>Il s\u2019agit sans aucun doute de<strong> l\u2019un des meilleurs endroits de randonn\u00e9es <\/strong>en France. Les nombreux paysages qu\u2019offre cette belle r\u00e9gion sont \u00e0 couper le souffle.<\/p>\n\n\n\n<p>Ne manquez pas de vous promener dans la <strong>for\u00eat de Broc\u00e9liande<\/strong>, un endroit magique qui vous emporteras \u00e0 l\u2019\u00e9poque arthuriennes, vous y trouverez \u00e9galement <strong>la tombe de Merlin<\/strong>\u00a0!<\/p>\n\n\n\n<p>\u00c0 travers le<strong> Sentier des Douaniers<\/strong> qui s\u2019\u00e9tend sur un total de <strong>1800 Km<\/strong> tout au long des c\u00f4tes oc\u00e9anique bretonnes vous pourrez acc\u00e9der au <strong>Mont-Saint-Michel <\/strong>depuis le <strong>barrage d\u2019Arzal,<\/strong> en m\u00eame temps que vous profitez d\u2019une magnifique vue sur le littoral.<\/p>\n\n\n\n<p>Jusqu\u2019ici notre liste de l\u2019une des <strong>meilleures randonn\u00e9es<\/strong> \u00e0 faire en France\u00a0! Nous esp\u00e9rons que cette information vous sera utile.<\/p>\n\n\n\n<p><strong><em>\u00c0 la prochaine\u00a0!<\/em><\/strong><\/p>\n","protected":false},"excerpt":{"rendered":"<p>Apr\u00e8s les f\u00eates de fin d\u2019ann\u00e9e et les nombreux repas et d\u00eeners de famille, vous avez surement envie de faire un break de tout \u00e7a. Rien de mieux qu\u2019une bonne randonn\u00e9e pour vous changer les esprits et commencer le nouvel&hellip; <br \/><a class=\"read-more-button\" href=\"https:\/\/www.gites.net\/blog\/meilleures-randonnees-en-france\">Savoir plus<\/a><\/p>\n","protected":false},"author":11,"featured_media":10130,"comment_status":"open","ping_status":"open","sticky":false,"template":"","format":"standard","meta":[],"categories":[8],"tags":[145],"_links":{"self":[{"href":"https:\/\/www.gites.net\/blog\/wp-json\/wp\/v2\/posts\/10129"}],"collection":[{"href":"https:\/\/www.gites.net\/blog\/wp-json\/wp\/v2\/posts"}],"about":[{"href":"https:\/\/www.gites.net\/blog\/wp-json\/wp\/v2\/types\/post"}],"author":[{"embeddable":true,"href":"https:\/\/www.gites.net\/blog\/wp-json\/wp\/v2\/users\/11"}],"replies":[{"embeddable":true,"href":"https:\/\/www.gites.net\/blog\/wp-json\/wp\/v2\/comments?post=10129"}],"version-history":[{"count":2,"href":"https:\/\/www.gites.net\/blog\/wp-json\/wp\/v2\/posts\/10129\/revisions"}],"predecessor-version":[{"id":10137,"href":"https:\/\/www.gites.net\/blog\/wp-json\/wp\/v2\/posts\/10129\/revisions\/10137"}],"wp:featuredmedia":[{"embeddable":true,"href":"https:\/\/www.gites.net\/blog\/wp-json\/wp\/v2\/media\/10130"}],"wp:attachment":[{"href":"https:\/\/www.gites.net\/blog\/wp-json\/wp\/v2\/media?parent=10129"}],"wp:term":[{"taxonomy":"category","embeddable":true,"href":"https:\/\/www.gites.net\/blog\/wp-json\/wp\/v2\/categories?post=10129"},{"taxonomy":"post_tag","embeddable":true,"href":"https:\/\/www.gites.net\/blog\/wp-json\/wp\/v2\/tags?post=10129"}],"curies":[{"name":"wp","href":"https:\/\/api.w.org\/{rel}","templated":true}]}}