
{"id":10121,"date":"2022-01-25T14:35:51","date_gmt":"2022-01-25T14:35:51","guid":{"rendered":"https:\/\/www.gites.net\/blog\/?p=10121"},"modified":"2022-01-25T14:35:52","modified_gmt":"2022-01-25T14:35:52","slug":"les-meilleurs-marches-aux-puces-de-paris","status":"publish","type":"post","link":"https:\/\/www.gites.net\/blog\/les-meilleurs-marches-aux-puces-de-paris","title":{"rendered":"Les meilleurs march\u00e9s aux puces de Paris"},"content":{"rendered":"\n<p>Les meilleurs <strong><a href=\"https:\/\/www.gites.net\/gites\/ile-de-france\" data-type=\"URL\" data-id=\"https:\/\/www.gites.net\/gites\/ile-de-france\" target=\"_blank\" rel=\"noreferrer noopener\">march\u00e9s aux puces de Paris<\/a><\/strong>, un parcours diff\u00e9rent ou <strong>comment chiner les plus beaux objets<\/strong>\u00a0: March\u00e9 aux Puces de<strong> Saint-Ouen<\/strong>, <strong>Porte de Vanves<\/strong> et<strong> March\u00e9 Montreuil.<\/strong><\/p>\n\n\n\n<p>Vous \u00eates int\u00e9ress\u00e9s de d\u00e9couvrir les march\u00e9s aux puces de Paris pour <strong>d\u00e9nicher une affaire unique<\/strong>\u00a0? Peut-\u00eatre un beau vase de Limoges <strong>pour quelques euros<\/strong> seulement\u00a0? Ou un flacon de <strong>parfum vintage Coco Chanel<\/strong> couvert de poussi\u00e8re qui vous co\u00fbtera moins que le prix d\u2019une baguette\u00a0? Ou bien un <strong>poster du Moulin Rouge<\/strong> sign\u00e9 Toulouse-Lautrec pour d\u00e9couvrir que c\u2019est un original et non pas une reproduction\u00a0?<\/p>\n\n\n\n<p><\/p>\n\n\n\n<h2><strong>March\u00e9s aux Puces de Saint-Ouen<\/strong><\/h2>\n\n\n\n<figure class=\"wp-block-image size-large\"><img loading=\"lazy\" width=\"800\" height=\"600\" src=\"https:\/\/www.gites.net\/blog\/wp-content\/emp\/blogcasas\/2022\/01\/keepps-FLICKR1.jpg\" alt=\"\" class=\"wp-image-10127\" srcset=\"https:\/\/www.gites.net\/blog\/wp-content\/emp\/blogcasas\/2022\/01\/keepps-FLICKR1.jpg 800w, https:\/\/www.gites.net\/blog\/wp-content\/emp\/blogcasas\/2022\/01\/keepps-FLICKR1-300x225.jpg 300w, https:\/\/www.gites.net\/blog\/wp-content\/emp\/blogcasas\/2022\/01\/keepps-FLICKR1-768x576.jpg 768w, https:\/\/www.gites.net\/blog\/wp-content\/emp\/blogcasas\/2022\/01\/keepps-FLICKR1-156x117.jpg 156w\" sizes=\"(max-width: 800px) 100vw, 800px\" \/><\/figure>\n\n\n\n<p>Le c\u00e9l\u00e8bre et immense March\u00e9 aux Puces de<strong> Saint-Ouen<\/strong> est plein de tr\u00e9sors avec<strong> toute une gamme de prix, <\/strong>des plus bas aux plus chers. Mais les parisiens connaisseurs savent que les objets des Puces sont <strong>bien \u00e9valu\u00e9s<\/strong> par des <strong>marchands exp\u00e9riment\u00e9s<\/strong>. <\/p>\n\n\n\n<p>Quand ils veulent conclure de bonnes affaires ils se dirigent vers des <strong>march\u00e9s aux puces plus petits<\/strong>, des march\u00e9s locaux et m\u00eame des brocantes o\u00f9 l\u2019on trouve des <strong>objets d\u2019occasion et vintage.<\/strong><\/p>\n\n\n\n<p>Si vous aimez la sensation de d\u00e9nicher des <strong>affaires \u00e0 bons prix <\/strong>pendant que vous \u00eates \u00e0 Paris, faites comme les Parisiens en qu\u00eate de bonnes affaires\u00a0: visitez les march\u00e9s aux puces les plus petits de la ville\u00a0: Montreuil et <strong><a href=\"https:\/\/www.gites.net\/gites\/hauts-de-seine\/vanves\" data-type=\"URL\" data-id=\"https:\/\/www.gites.net\/gites\/hauts-de-seine\/vanves\" target=\"_blank\" rel=\"noreferrer noopener\">Vanves<\/a><\/strong>, o\u00f9 l\u2019assiduit\u00e9 et la capacit\u00e9 de bien chercher dans les boites pleines de poussi\u00e8re peuvent vous r\u00e9compenser par des <strong>d\u00e9couvertes tr\u00e8s int\u00e9ressantes.<\/strong><\/p>\n\n\n\n<p>Par ailleurs, il y a des <strong>march\u00e9s locaux <\/strong>et des brocantes qui offrent des<strong> articles d\u2019occasion et vintage\u00a0<\/strong>; ils sont \u00e0 d\u00e9couvrir \u00e9galement.<\/p>\n\n\n\n<p><\/p>\n\n\n\n<h2><strong>March\u00e9s aux Puces de la Porte de Vanves<\/strong><\/h2>\n\n\n\n<figure class=\"wp-block-image size-large\"><img loading=\"lazy\" width=\"800\" height=\"600\" src=\"https:\/\/www.gites.net\/blog\/wp-content\/emp\/blogcasas\/2022\/01\/keepps-FLICKR.jpg\" alt=\"\" class=\"wp-image-10126\" srcset=\"https:\/\/www.gites.net\/blog\/wp-content\/emp\/blogcasas\/2022\/01\/keepps-FLICKR.jpg 800w, https:\/\/www.gites.net\/blog\/wp-content\/emp\/blogcasas\/2022\/01\/keepps-FLICKR-300x225.jpg 300w, https:\/\/www.gites.net\/blog\/wp-content\/emp\/blogcasas\/2022\/01\/keepps-FLICKR-768x576.jpg 768w, https:\/\/www.gites.net\/blog\/wp-content\/emp\/blogcasas\/2022\/01\/keepps-FLICKR-156x117.jpg 156w\" sizes=\"(max-width: 800px) 100vw, 800px\" \/><\/figure>\n\n\n\n<p>C\u2019est le second March\u00e9 des Puces de Paris, apr\u00e8s Saint-Ouen\/Clignancourt. Il y a <strong>pr\u00e8s de 400 marchands<\/strong> et stands qui s\u2019\u00e9talent le <strong>long de la rue<\/strong>, plus loin que ce que vous pouvez entrevoir et vous y trouverez <strong>beaucoup d\u2019objets<\/strong> qui, contrairement aux Puces, se trouvent \u00e0 port\u00e9e de budget.<\/p>\n\n\n\n<p>On y trouve de<strong> l\u2019argenterie,<\/strong> de la porcelaine, des <strong>bijoux vintage<\/strong>, des couverts fran\u00e7ais, des miroirs, des v\u00eatements vintage, des posters, des tableaux, des vases <strong>art d\u00e9co<\/strong>\u2026 bref, tout ce que vous pouvez imaginer.<\/p>\n\n\n\n<p>Ce que vous devez savoir aussi, c\u2019est qu\u2019ici il faut marchander.<strong> Certains articles <\/strong>affichent les prix, mais beaucoup n\u2019ont en pas. Alors<strong> il faut n\u00e9gocier le prix <\/strong>avec les marchands, tendez l\u2019argent comptant, car peu de vendeurs utilisent les <strong>cartes de cr\u00e9dits<\/strong> et remporter votre achat avec vous.<\/p>\n\n\n\n<p>Le March\u00e9 des Puces de Vanves se trouve au <strong>14<sup>\u00e8me<\/sup> arrondissement<\/strong> et est ouvert les<strong> samedis et dimanches<\/strong> de 7h du matin \u00e0 2h de l\u2019apr\u00e8s-midi par tout temps.<\/p>\n\n\n\n<p><\/p>\n\n\n\n<h2><strong>March\u00e9 aux Puces de Montreuil<\/strong><\/h2>\n\n\n\n<figure class=\"wp-block-image size-large\"><img loading=\"lazy\" width=\"800\" height=\"556\" src=\"https:\/\/www.gites.net\/blog\/wp-content\/emp\/blogcasas\/2022\/01\/Ilkka-Jukarainen-FLICKR1.jpg\" alt=\"\" class=\"wp-image-10125\" srcset=\"https:\/\/www.gites.net\/blog\/wp-content\/emp\/blogcasas\/2022\/01\/Ilkka-Jukarainen-FLICKR1.jpg 800w, https:\/\/www.gites.net\/blog\/wp-content\/emp\/blogcasas\/2022\/01\/Ilkka-Jukarainen-FLICKR1-300x209.jpg 300w, https:\/\/www.gites.net\/blog\/wp-content\/emp\/blogcasas\/2022\/01\/Ilkka-Jukarainen-FLICKR1-768x534.jpg 768w\" sizes=\"(max-width: 800px) 100vw, 800px\" \/><\/figure>\n\n\n\n<p>C\u2019est le plus petits des March\u00e9s aux Puces et vous pourrez y<strong> trouver quelque chose de sp\u00e9cial<\/strong> \u00e0 bas prix, \u00e0 d\u00e9faut <strong>d\u2019antiquit\u00e9s<\/strong>.<\/p>\n\n\n\n<p>Si vous visitez Paris pour une<strong> courte p\u00e9riode,<\/strong> vous aurez sans doute plus de<strong> succ\u00e8s dans vos recherches <\/strong>aux march\u00e9s de Clignancourt ou Vanves, et m\u00eame \u00e0 celui de la <strong>Rue d\u2019Aligre.<\/strong><\/p>\n\n\n\n<p>Mais si vous vous y trouvez pour une <strong>p\u00e9riode plus longue<\/strong> et avez quelque temps devant vous, vous devez absolument tenter votre chance dans ce <strong>march\u00e9 de Montreuil<\/strong>. Essayez de trouver de l\u2019argenterie, de la <strong>porcelaine<\/strong>, des <strong>jouets<\/strong>, des habits (si vous cherchez bien vous pourrez parfois trouver des articles de couturiers fran\u00e7ais tels que Givenchy ou Chanel), des <strong>blousons <\/strong>en cuir, articles de <strong>d\u00e9coration <\/strong>et tant d\u2019autres. Ici aussi vous devez marchander. Les vendeurs s\u2019y attendent.<\/p>\n\n\n\n<p>Le March\u00e9 aux Puces de Montreuil se trouve au <strong>20<sup>\u00e8me<\/sup> arrondissement <\/strong>(pas loin du cimeti\u00e8re P\u00e8re Lachaise). Il est ouvert les <strong>samedis, dimanches et lundis <\/strong>de 7h du matin \u00e0 7h de l\u2019apr\u00e8s-midi.<\/p>\n\n\n\n<p>C\u2019est tout pour les march\u00e9s aux puces de la capitale. <strong>Ne manquez pas d\u2019y aller<\/strong> si vous avez l\u2019occasion, vous ne serez pas d\u00e9\u00e7u.<\/p>\n\n\n\n<p><em><strong>Partagez avec nous votre exp\u00e9riences <\/strong>si vous avez d\u00e9j\u00e0 \u00e9t\u00e9 dans l\u2019un d\u2019entre eux\u00a0!<\/em><\/p>\n","protected":false},"excerpt":{"rendered":"<p>Les meilleurs march\u00e9s aux puces de Paris, un parcours diff\u00e9rent ou comment chiner les plus beaux objets\u00a0: March\u00e9 aux Puces de Saint-Ouen, Porte de Vanves et March\u00e9 Montreuil. Vous \u00eates int\u00e9ress\u00e9s de d\u00e9couvrir les march\u00e9s aux puces de Paris pour&hellip; <br \/><a class=\"read-more-button\" href=\"https:\/\/www.gites.net\/blog\/les-meilleurs-marches-aux-puces-de-paris\">Savoir plus<\/a><\/p>\n","protected":false},"author":11,"featured_media":10124,"comment_status":"open","ping_status":"open","sticky":false,"template":"","format":"standard","meta":[],"categories":[8],"tags":[111],"_links":{"self":[{"href":"https:\/\/www.gites.net\/blog\/wp-json\/wp\/v2\/posts\/10121"}],"collection":[{"href":"https:\/\/www.gites.net\/blog\/wp-json\/wp\/v2\/posts"}],"about":[{"href":"https:\/\/www.gites.net\/blog\/wp-json\/wp\/v2\/types\/post"}],"author":[{"embeddable":true,"href":"https:\/\/www.gites.net\/blog\/wp-json\/wp\/v2\/users\/11"}],"replies":[{"embeddable":true,"href":"https:\/\/www.gites.net\/blog\/wp-json\/wp\/v2\/comments?post=10121"}],"version-history":[{"count":3,"href":"https:\/\/www.gites.net\/blog\/wp-json\/wp\/v2\/posts\/10121\/revisions"}],"predecessor-version":[{"id":10128,"href":"https:\/\/www.gites.net\/blog\/wp-json\/wp\/v2\/posts\/10121\/revisions\/10128"}],"wp:featuredmedia":[{"embeddable":true,"href":"https:\/\/www.gites.net\/blog\/wp-json\/wp\/v2\/media\/10124"}],"wp:attachment":[{"href":"https:\/\/www.gites.net\/blog\/wp-json\/wp\/v2\/media?parent=10121"}],"wp:term":[{"taxonomy":"category","embeddable":true,"href":"https:\/\/www.gites.net\/blog\/wp-json\/wp\/v2\/categories?post=10121"},{"taxonomy":"post_tag","embeddable":true,"href":"https:\/\/www.gites.net\/blog\/wp-json\/wp\/v2\/tags?post=10121"}],"curies":[{"name":"wp","href":"https:\/\/api.w.org\/{rel}","templated":true}]}}