
{"id":10042,"date":"2021-12-21T14:56:17","date_gmt":"2021-12-21T14:56:17","guid":{"rendered":"https:\/\/www.gites.net\/blog\/?p=10042"},"modified":"2021-12-21T14:56:17","modified_gmt":"2021-12-21T14:56:17","slug":"gites-pour-la-saison-de-noel","status":"publish","type":"post","link":"https:\/\/www.gites.net\/blog\/gites-pour-la-saison-de-noel","title":{"rendered":"G\u00eetes pour la saison de No\u00ebl"},"content":{"rendered":"\n<p><strong>No\u00ebl est une p\u00e9riode<\/strong> o\u00f9 nous voulons passer notre temps avec les personnes qui nous tiennent le plus \u00e0 c\u0153ur.<\/p>\n\n\n\n<p>Les <strong>vacances sont l\u00e0<\/strong> et vous vous demandez probablement <strong>ce que vous pouvez faire \u00e0 No\u00ebl<\/strong> ou o\u00f9 vous pouvez aller. Nous sommes conscients que ces derniers temps, en raison de la crise sanitaire actuelle, il est<strong> difficile d&rsquo;organiser<\/strong> des vacances pour quelques jours.<\/p>\n\n\n\n<p>Mais ne affolons pas les choses, nous n&rsquo;avons pas besoin de quitter le pays ou d&rsquo;organiser les <strong>activit\u00e9s les plus folles,<\/strong> apr\u00e8s tout ce que nous voulons c&rsquo;est passer ces moments <strong>avec les personnes que nous aimons<\/strong> le plus et nous avons la chance de vivre dans un pays qui nous offre de <strong>nombreux villages <\/strong>o\u00f9 l&rsquo;on peut trouver les plus <strong>belles et charmantes <\/strong>g\u00eetes ruraux qui se pr\u00eatent \u00e0 la p\u00e9riode de No\u00ebl et o\u00f9 vous pouvez passer ces <strong>derniers jours de l&rsquo;ann\u00e9e <\/strong>avec vos proches de mani\u00e8re tranquille, s\u00fbre et amusante.<\/p>\n\n\n\n<p>Si vous \u00eates arriv\u00e9 jusqu&rsquo;ici, vous \u00eates probablement int\u00e9ress\u00e9 \u00e0 en<strong> savoir plus sur ce sujet,<\/strong> alors aujourd&rsquo;hui nous vous proposons une liste des <strong>meilleures maisons rurales pour passer No\u00ebl.<\/strong><\/p>\n\n\n\n<p>Nous avons d\u00e9cid\u00e9 de diviser cette liste en fonction de si vous allez <strong>en amoureux, en famille ou entre amis<\/strong> :<\/p>\n\n\n\n<p><\/p>\n\n\n\n<h2><strong>S\u00e9jour en amoureux<\/strong><\/h2>\n\n\n\n<figure class=\"wp-block-image size-large\"><img loading=\"lazy\" width=\"800\" height=\"600\" src=\"https:\/\/www.gites.net\/blog\/wp-content\/emp\/blogcasas\/2021\/12\/Eleazar-FLICKR.jpg\" alt=\"\" class=\"wp-image-10049\" srcset=\"https:\/\/www.gites.net\/blog\/wp-content\/emp\/blogcasas\/2021\/12\/Eleazar-FLICKR.jpg 800w, https:\/\/www.gites.net\/blog\/wp-content\/emp\/blogcasas\/2021\/12\/Eleazar-FLICKR-300x225.jpg 300w, https:\/\/www.gites.net\/blog\/wp-content\/emp\/blogcasas\/2021\/12\/Eleazar-FLICKR-768x576.jpg 768w, https:\/\/www.gites.net\/blog\/wp-content\/emp\/blogcasas\/2021\/12\/Eleazar-FLICKR-156x117.jpg 156w\" sizes=\"(max-width: 800px) 100vw, 800px\" \/><\/figure>\n\n\n\n<p>Si vous avez d\u00e9cid\u00e9 de passer quelques <strong><a rel=\"noreferrer noopener\" href=\"https:\/\/www.gites.net\/gites\/pour-deux-personnes\" data-type=\"URL\" data-id=\"https:\/\/www.gites.net\/gites\/pour-deux-personnes\" target=\"_blank\">jours \u00e0 deux<\/a><\/strong> loin du tracas de la ville, juste vous et votre partenaire dans une <strong>atmosph\u00e8re romantique<\/strong> et paisible, ces deux h\u00e9bergements sont parfaits, surtout \u00e0 cette p\u00e9riode de l&rsquo;ann\u00e9e o\u00f9 l&rsquo;on a envie de se retrouver dans une <strong>ambiance chaleureuse et de No\u00ebl<\/strong> :<\/p>\n\n\n\n<p><\/p>\n\n\n\n<h3><strong>G\u00eete Grange Ganacie<\/strong><\/h3>\n\n\n\n<figure class=\"wp-block-image size-large\"><img loading=\"lazy\" width=\"640\" height=\"480\" src=\"https:\/\/www.gites.net\/blog\/wp-content\/emp\/blogcasas\/2021\/12\/Gite-Grange-Ganacie-Gites.net_.jpg\" alt=\"\" class=\"wp-image-10048\" srcset=\"https:\/\/www.gites.net\/blog\/wp-content\/emp\/blogcasas\/2021\/12\/Gite-Grange-Ganacie-Gites.net_.jpg 640w, https:\/\/www.gites.net\/blog\/wp-content\/emp\/blogcasas\/2021\/12\/Gite-Grange-Ganacie-Gites.net_-300x225.jpg 300w, https:\/\/www.gites.net\/blog\/wp-content\/emp\/blogcasas\/2021\/12\/Gite-Grange-Ganacie-Gites.net_-156x117.jpg 156w\" sizes=\"(max-width: 640px) 100vw, 640px\" \/><\/figure>\n\n\n\n<p>Dans les <strong>Hautes-Pyr\u00e9n\u00e9e<\/strong>s, dans la ville d&rsquo;Aucun, vous trouverez <strong><a href=\"https:\/\/www.gites.net\/gites\/gite-grange-ganacie--c118106\" data-type=\"URL\" data-id=\"https:\/\/www.gites.net\/gites\/gite-grange-ganacie--c118106\" target=\"_blank\" rel=\"noreferrer noopener\">ce beau g\u00eete de 23m2<\/a><\/strong> \u00e9quip\u00e9 pour deux personnes avec tout ce qu&rsquo;il faut pour passer quelques jours en couple : kitchenette enti\u00e8rement \u00e9quip\u00e9e, salon, chambre avec lit double, salle de bain avec toilettes s\u00e9par\u00e9es et un jardin meubl\u00e9.<\/p>\n\n\n\n<p>Avec sa <strong>structure en pierre,<\/strong> ses plafonds \u00e0 poutres apparentes et sa belle<strong> vue sur les montagnes<\/strong> de la r\u00e9gion, ce petit chalet vous offrira \u00e0 vous et \u00e0 votre partenaire un s\u00e9jour magique. Profitez aussi de la r\u00e9gion, pour vous promenez pr\u00e8s des montagnes, faire<strong> un tour en t\u00e9l\u00e9ph\u00e9rique<\/strong> pour profitez des incroyables vues o\u00f9 d\u00b4couvrir le<strong> cirque de Gavarnie,<\/strong> d\u2019o\u00f9 vous verrez la haute cascade.<\/p>\n\n\n\n<p><\/p>\n\n\n\n<h3><strong>Domaine Eynardou- G\u00eete Authentique<\/strong><\/h3>\n\n\n\n<figure class=\"wp-block-image size-large\"><img loading=\"lazy\" width=\"640\" height=\"480\" src=\"https:\/\/www.gites.net\/blog\/wp-content\/emp\/blogcasas\/2021\/12\/Gite-Authentique-Gites.net_.jpg\" alt=\"\" class=\"wp-image-10047\" srcset=\"https:\/\/www.gites.net\/blog\/wp-content\/emp\/blogcasas\/2021\/12\/Gite-Authentique-Gites.net_.jpg 640w, https:\/\/www.gites.net\/blog\/wp-content\/emp\/blogcasas\/2021\/12\/Gite-Authentique-Gites.net_-300x225.jpg 300w, https:\/\/www.gites.net\/blog\/wp-content\/emp\/blogcasas\/2021\/12\/Gite-Authentique-Gites.net_-156x117.jpg 156w\" sizes=\"(max-width: 640px) 100vw, 640px\" \/><\/figure>\n\n\n\n<p>Situ\u00e9 dans la <strong>ville de Naussannes<\/strong>, dans le d\u00e9partement de la Dordogne vous trouverez <strong><a href=\"https:\/\/www.gites.net\/gites\/domaine-eynardou-gite-authentique--c118053\" data-type=\"URL\" data-id=\"https:\/\/www.gites.net\/gites\/domaine-eynardou-gite-authentique--c118053\" target=\"_blank\" rel=\"noreferrer noopener\">ce joli g\u00eete<\/a><\/strong> en plein c\u0153ur de la compagne, o\u00f9 vous aurez l\u2019occasion de profiter d\u2019une<strong> atmosph\u00e8re calme et paisible<\/strong> dans un s\u00e9jour tr\u00e8s cozy avec sa chemin\u00e9e centrale qui offre une ambiance accueillante et chaleureuse.<\/p>\n\n\n\n<p>Ne manquez pas de visiter la r\u00e9gion o\u00f9 les <strong>jolis paysages,<\/strong> les <strong>villes pittoresques<\/strong> el les plats typiques vous couperons le souffle.<\/p>\n\n\n\n<p><\/p>\n\n\n\n<h2><strong>S\u00e9jours en famille<\/strong><\/h2>\n\n\n\n<figure class=\"wp-block-image size-large\"><img loading=\"lazy\" width=\"800\" height=\"600\" src=\"https:\/\/www.gites.net\/blog\/wp-content\/emp\/blogcasas\/2021\/12\/Manel-FLICKR.jpg\" alt=\"\" class=\"wp-image-10050\" srcset=\"https:\/\/www.gites.net\/blog\/wp-content\/emp\/blogcasas\/2021\/12\/Manel-FLICKR.jpg 800w, https:\/\/www.gites.net\/blog\/wp-content\/emp\/blogcasas\/2021\/12\/Manel-FLICKR-300x225.jpg 300w, https:\/\/www.gites.net\/blog\/wp-content\/emp\/blogcasas\/2021\/12\/Manel-FLICKR-768x576.jpg 768w, https:\/\/www.gites.net\/blog\/wp-content\/emp\/blogcasas\/2021\/12\/Manel-FLICKR-156x117.jpg 156w\" sizes=\"(max-width: 800px) 100vw, 800px\" \/><\/figure>\n\n\n\n<p>Pour ceux qui cherchent \u00e0 passer des <strong><a rel=\"noreferrer noopener\" href=\"https:\/\/www.gites.net\/gites\/pour-enfants\" data-type=\"URL\" data-id=\"https:\/\/www.gites.net\/gites\/pour-enfants\" target=\"_blank\">vacances en famille avec les enfants<\/a><\/strong>, un endroit spacieux dans une r\u00e9gion avec pleins d\u2019activit\u00e9s, voici <strong>deux options <\/strong>de g\u00eetes qui peuvent vous int\u00e9resser\u00a0:<\/p>\n\n\n\n<p><\/p>\n\n\n\n<h3><strong>Uthurraltia<\/strong><\/h3>\n\n\n\n<figure class=\"wp-block-image size-large\"><img loading=\"lazy\" width=\"640\" height=\"480\" src=\"https:\/\/www.gites.net\/blog\/wp-content\/emp\/blogcasas\/2021\/12\/Uthurraltia-Gites.net_.jpg\" alt=\"\" class=\"wp-image-10046\" srcset=\"https:\/\/www.gites.net\/blog\/wp-content\/emp\/blogcasas\/2021\/12\/Uthurraltia-Gites.net_.jpg 640w, https:\/\/www.gites.net\/blog\/wp-content\/emp\/blogcasas\/2021\/12\/Uthurraltia-Gites.net_-300x225.jpg 300w, https:\/\/www.gites.net\/blog\/wp-content\/emp\/blogcasas\/2021\/12\/Uthurraltia-Gites.net_-156x117.jpg 156w\" sizes=\"(max-width: 640px) 100vw, 640px\" \/><\/figure>\n\n\n\n<p>Situ\u00e9e \u00e0 <strong>Larrau <\/strong>dans <strong>les Pyr\u00e9n\u00e9es Atlantiques<\/strong>, en plein c\u0153ur d&rsquo;une <strong>exploitation agricole de montagne<\/strong> pr\u00e8s du pic d&rsquo;Orhy, les gorges de Kakouetta, la for\u00eat d&rsquo;Irati et la grotte de la Verna ce trouve <strong><a rel=\"noreferrer noopener\" href=\"https:\/\/www.gites.net\/gites\/uthurraltia--c117249\" data-type=\"URL\" data-id=\"https:\/\/www.gites.net\/gites\/uthurraltia--c117249\" target=\"_blank\">ce spacieux g\u00eete<\/a><\/strong> o\u00f9 vous pourrez profiter d\u2019agr\u00e9ables vacances en familles en pleines montagnes. <\/p>\n\n\n\n<p>La maison <strong>comprend deux \u00e9tages<\/strong> avec une cuisine ouverte compl\u00e9tement \u00e9quip\u00e9e, un espace s\u00e9jour, deux chambres et deux salles de bains. (Parentale et pour les enfants). En plus, le g\u00eete poss\u00e8de aussi <strong>une belle terrasse<\/strong> cl\u00f4tur\u00e9e o\u00f9 vous profiterez des vues \u00e9poustouflantes des montagnes.<\/p>\n\n\n\n<p><\/p>\n\n\n\n<h3><strong>G\u00eete du Granier<\/strong><\/h3>\n\n\n\n<figure class=\"wp-block-image size-large\"><img loading=\"lazy\" width=\"640\" height=\"480\" src=\"https:\/\/www.gites.net\/blog\/wp-content\/emp\/blogcasas\/2021\/12\/Gite-du-Granier-Gites.net_.jpg\" alt=\"\" class=\"wp-image-10045\" srcset=\"https:\/\/www.gites.net\/blog\/wp-content\/emp\/blogcasas\/2021\/12\/Gite-du-Granier-Gites.net_.jpg 640w, https:\/\/www.gites.net\/blog\/wp-content\/emp\/blogcasas\/2021\/12\/Gite-du-Granier-Gites.net_-300x225.jpg 300w, https:\/\/www.gites.net\/blog\/wp-content\/emp\/blogcasas\/2021\/12\/Gite-du-Granier-Gites.net_-156x117.jpg 156w\" sizes=\"(max-width: 640px) 100vw, 640px\" \/><\/figure>\n\n\n\n<p>Dans le d\u00e9partement de la <strong>Savoie <\/strong>dans la ville <strong>d\u2019Apremont <\/strong>vous trouverez <strong><a href=\"https:\/\/www.gites.net\/gites\/gite-du-granier--c116978\" data-type=\"URL\" data-id=\"https:\/\/www.gites.net\/gites\/gite-du-granier--c116978\" target=\"_blank\" rel=\"noreferrer noopener\">ce formidable g\u00eete pour 5 personnes<\/a><\/strong>.<\/p>\n\n\n\n<p>La maison comprend un <strong>chaleureux salon<\/strong> avec bai vitr\u00e9e, cuisine ouverte \u00e0 la salle \u00e0 manger, deux chambres \u00e0 coucher (une parentale, avec un lit double et une pour les enfants avec deux lits simples) et une <strong>tr\u00e8s grande salle de bains<\/strong> avec douche italienne. En plus l\u2019h\u00e9bergement comprend aussi un canap\u00e9<strong> lit pour une cinqui\u00e8me personne.<\/strong><\/p>\n\n\n\n<p>A l&rsquo;ext\u00e9rieur vous trouverez un tr\u00e8s grand e<strong>space commun de 7000 m\u00e8tres<\/strong> carr\u00e9s o\u00f9 vous profiterez de moments en famille inoubliables.<\/p>\n\n\n\n<p>\u00c0 10 km du g\u00eete ne manquez pas de visiter la<strong> ville de Chamb\u00e9ry<\/strong> o\u00f9 vous pouvez passer quelques heures et d\u00e9guster les sp\u00e9cialit\u00e9s locales et pour les passionn\u00e9s de randonn\u00e9es les <strong>Parcs Naturels R\u00e9gionaux de Chartreuse <\/strong>et de <strong>Bauges <\/strong>sont de magnifiques endroits o\u00f9 r\u00e9aliser ce genre d\u2019activit\u00e9s.<\/p>\n\n\n\n<p><\/p>\n\n\n\n<h2><strong>S\u00e9jour entre amis<\/strong><\/h2>\n\n\n\n<figure class=\"wp-block-image size-large\"><img loading=\"lazy\" width=\"800\" height=\"600\" src=\"https:\/\/www.gites.net\/blog\/wp-content\/emp\/blogcasas\/2021\/12\/juan-dao-FLICKR.jpg\" alt=\"\" class=\"wp-image-10051\" srcset=\"https:\/\/www.gites.net\/blog\/wp-content\/emp\/blogcasas\/2021\/12\/juan-dao-FLICKR.jpg 800w, https:\/\/www.gites.net\/blog\/wp-content\/emp\/blogcasas\/2021\/12\/juan-dao-FLICKR-300x225.jpg 300w, https:\/\/www.gites.net\/blog\/wp-content\/emp\/blogcasas\/2021\/12\/juan-dao-FLICKR-768x576.jpg 768w, https:\/\/www.gites.net\/blog\/wp-content\/emp\/blogcasas\/2021\/12\/juan-dao-FLICKR-156x117.jpg 156w\" sizes=\"(max-width: 800px) 100vw, 800px\" \/><\/figure>\n\n\n\n<p>Il n\u2019est pas souvent facile de trouver des <strong><a rel=\"noreferrer noopener\" href=\"https:\/\/www.gites.net\/gites\/pour-groupes\" data-type=\"URL\" data-id=\"https:\/\/www.gites.net\/gites\/pour-groupes\" target=\"_blank\">h\u00e9bergements pour de grand groups<\/a><\/strong> pour passer quelques jours entre amis, f\u00eater le <strong>r\u00e9veillon de fin d\u2019ann\u00e9e <\/strong>o\u00f9 organiser des excursions en groupe, c\u2019est pour cela que nous vous apportons une petite id\u00e9e :<\/p>\n\n\n\n<p><\/p>\n\n\n\n<h3><strong>Les g\u00eetes du Vieil Aiglun- G\u00eete du Midi<\/strong><\/h3>\n\n\n\n<figure class=\"wp-block-image size-large\"><img loading=\"lazy\" width=\"640\" height=\"480\" src=\"https:\/\/www.gites.net\/blog\/wp-content\/emp\/blogcasas\/2021\/12\/Les-Gites-du-Vieil-Auglun-Gites.net_.jpg\" alt=\"\" class=\"wp-image-10044\" srcset=\"https:\/\/www.gites.net\/blog\/wp-content\/emp\/blogcasas\/2021\/12\/Les-Gites-du-Vieil-Auglun-Gites.net_.jpg 640w, https:\/\/www.gites.net\/blog\/wp-content\/emp\/blogcasas\/2021\/12\/Les-Gites-du-Vieil-Auglun-Gites.net_-300x225.jpg 300w, https:\/\/www.gites.net\/blog\/wp-content\/emp\/blogcasas\/2021\/12\/Les-Gites-du-Vieil-Auglun-Gites.net_-156x117.jpg 156w\" sizes=\"(max-width: 640px) 100vw, 640px\" \/><\/figure>\n\n\n\n<p>Au c\u0153ur de la nature et au milieu des montagnes des<strong> Alpes dans la ville d\u2019Aiglun<\/strong> on vous propose un h\u00e9bergement id\u00e9al situ\u00e9 dans le d\u00e9partement des<strong> Alpes de Haute-Provence<\/strong><\/p>\n\n\n\n<p><strong><a href=\"https:\/\/www.gites.net\/gites\/les-gites-du-vieil-aiglun-gite-du-midi--c117505\" data-type=\"URL\" data-id=\"https:\/\/www.gites.net\/gites\/les-gites-du-vieil-aiglun-gite-du-midi--c117505\" target=\"_blank\" rel=\"noreferrer noopener\">Le g\u00eete<\/a><\/strong> est am\u00e9nag\u00e9 avec tous le n\u00e9cessaire\u00a0: la maison qui comprend deux \u00e9tages peut <strong>accueillir jusqu\u2019\u00e0 10 personnes<\/strong> dans ces 4 chambres. Vous y trouverez un<strong> chaleureux salon <\/strong>avec des fauteuils, une t\u00e9l\u00e9vision et une <strong>chemin\u00e9e<\/strong>, une salle de \u00e0 manger \u00e9quip\u00e9e une <strong>cuisine <\/strong>tr\u00e8s accueillante et parfaitement \u00e9quip\u00e9e, une pi\u00e8ce de buanderie avec un lave-linge et des toilettes et 4 salles de bains.<\/p>\n\n\n\n<p>Le g\u00eete comprend aussi un <strong>magnifique jardin priv\u00e9<\/strong> Il contient un tr\u00e8s beau jardin priv\u00e9 avec plusieurs arbres et plantes grimpantes.<\/p>\n\n\n\n<p>Dans les alentours ne manquez pas de visiter le<strong>s Gorges du Verdon<\/strong>, le lac de Sainte-Croix, o\u00f9 les Clues de Barles.<\/p>\n\n\n\n<p>Profitez aussi de cette saison d\u2019hiver pour aller <strong>faire du ski entre amis<\/strong>, non loin du g\u00eete vous trouverez plusieurs stations de ski comme\u00a0: Le Grand Puy, Montclar les 2 Vall\u00e9es ou Chabanon.<\/p>\n\n\n\n<p>Ceci et tout pour aujourd\u2019hui, nous <strong>esp\u00e9rons que ces id\u00e9es vous aurons servis<\/strong>. Si vous avez d\u00e9j\u00e0 \u00e9t\u00e9 dans l\u2019un de ces endroits n\u2019h\u00e9sitez pas \u00e0 nous faire part de votre exp\u00e9rience en commentaires\u00a0!<\/p>\n\n\n\n<p><strong><em>Bonnes f\u00eates a tous\u00a0!<\/em><\/strong><\/p>\n","protected":false},"excerpt":{"rendered":"<p>No\u00ebl est une p\u00e9riode o\u00f9 nous voulons passer notre temps avec les personnes qui nous tiennent le plus \u00e0 c\u0153ur. Les vacances sont l\u00e0 et vous vous demandez probablement ce que vous pouvez faire \u00e0 No\u00ebl ou o\u00f9 vous pouvez&hellip; <br \/><a class=\"read-more-button\" href=\"https:\/\/www.gites.net\/blog\/gites-pour-la-saison-de-noel\">Savoir plus<\/a><\/p>\n","protected":false},"author":11,"featured_media":10052,"comment_status":"open","ping_status":"open","sticky":false,"template":"","format":"standard","meta":[],"categories":[100],"tags":[99],"_links":{"self":[{"href":"https:\/\/www.gites.net\/blog\/wp-json\/wp\/v2\/posts\/10042"}],"collection":[{"href":"https:\/\/www.gites.net\/blog\/wp-json\/wp\/v2\/posts"}],"about":[{"href":"https:\/\/www.gites.net\/blog\/wp-json\/wp\/v2\/types\/post"}],"author":[{"embeddable":true,"href":"https:\/\/www.gites.net\/blog\/wp-json\/wp\/v2\/users\/11"}],"replies":[{"embeddable":true,"href":"https:\/\/www.gites.net\/blog\/wp-json\/wp\/v2\/comments?post=10042"}],"version-history":[{"count":2,"href":"https:\/\/www.gites.net\/blog\/wp-json\/wp\/v2\/posts\/10042\/revisions"}],"predecessor-version":[{"id":10053,"href":"https:\/\/www.gites.net\/blog\/wp-json\/wp\/v2\/posts\/10042\/revisions\/10053"}],"wp:featuredmedia":[{"embeddable":true,"href":"https:\/\/www.gites.net\/blog\/wp-json\/wp\/v2\/media\/10052"}],"wp:attachment":[{"href":"https:\/\/www.gites.net\/blog\/wp-json\/wp\/v2\/media?parent=10042"}],"wp:term":[{"taxonomy":"category","embeddable":true,"href":"https:\/\/www.gites.net\/blog\/wp-json\/wp\/v2\/categories?post=10042"},{"taxonomy":"post_tag","embeddable":true,"href":"https:\/\/www.gites.net\/blog\/wp-json\/wp\/v2\/tags?post=10042"}],"curies":[{"name":"wp","href":"https:\/\/api.w.org\/{rel}","templated":true}]}}