
{"id":10022,"date":"2021-12-14T15:05:21","date_gmt":"2021-12-14T15:05:21","guid":{"rendered":"https:\/\/www.gites.net\/blog\/?p=10022"},"modified":"2021-12-14T15:05:22","modified_gmt":"2021-12-14T15:05:22","slug":"quatre-regions-a-ne-pas-manquer-a-noel","status":"publish","type":"post","link":"https:\/\/www.gites.net\/blog\/quatre-regions-a-ne-pas-manquer-a-noel","title":{"rendered":"Quatre r\u00e9gions \u00e1 ne pas manquer \u00e0 No\u00ebl"},"content":{"rendered":"\n<p>Les <strong>f\u00eates de No\u00ebl sont d\u00e9j\u00e0 l\u00e0<\/strong>. Si vous \u00eates \u00e0 la recherche de<strong> nouvelles destinations<\/strong> \u00e0 d\u00e9couvrir et profiter au maximum de cette p\u00e9riode de l&rsquo;ann\u00e9e, nous vous proposons aujourd&rsquo;hui quatre <strong>villes et villages en France <\/strong>o\u00f9 vous pourrez profiter des lumi\u00e8res des plus beaux march\u00e9s de No\u00ebl du pays.<\/p>\n\n\n\n<p>Ainsi que des <strong>diff\u00e9rents plans <\/strong>que vous pourrez r\u00e9aliser dans chacun d&rsquo;eux et qui vous permettront de vous impr\u00e9gner pleinement de cette atmosph\u00e8re de No\u00ebl.<\/p>\n\n\n\n<p><\/p>\n\n\n\n<h2><strong>Strasbourg, en Alsace<\/strong><\/h2>\n\n\n\n<figure class=\"wp-block-image size-large\"><img loading=\"lazy\" width=\"799\" height=\"533\" src=\"https:\/\/www.gites.net\/blog\/wp-content\/emp\/blogcasas\/2021\/12\/Patrick-Nouhailler-FLICKR.jpg\" alt=\"\" class=\"wp-image-10023\" srcset=\"https:\/\/www.gites.net\/blog\/wp-content\/emp\/blogcasas\/2021\/12\/Patrick-Nouhailler-FLICKR.jpg 799w, https:\/\/www.gites.net\/blog\/wp-content\/emp\/blogcasas\/2021\/12\/Patrick-Nouhailler-FLICKR-300x200.jpg 300w, https:\/\/www.gites.net\/blog\/wp-content\/emp\/blogcasas\/2021\/12\/Patrick-Nouhailler-FLICKR-768x512.jpg 768w, https:\/\/www.gites.net\/blog\/wp-content\/emp\/blogcasas\/2021\/12\/Patrick-Nouhailler-FLICKR-320x213.jpg 320w\" sizes=\"(max-width: 799px) 100vw, 799px\" \/><\/figure>\n\n\n\n<p>Reconnue depuis des ann\u00e9es comme<em><strong> la capitale de No\u00ebl<\/strong><\/em>, <strong><a rel=\"noreferrer noopener\" href=\"https:\/\/www.gites.net\/gites\/bas-rhin\/strasbourg\" data-type=\"URL\" data-id=\"https:\/\/www.gites.net\/gites\/bas-rhin\/strasbourg\" target=\"_blank\">Strasbourg<\/a><\/strong> ne peut pas manquer \u00e0 notre liste. C&rsquo;est un<strong> lieu unique <\/strong>o\u00f9 toute la ville <strong>se transforme compl\u00e8tement<\/strong> pendant cette p\u00e9riode de l&rsquo;ann\u00e9e. <\/p>\n\n\n\n<p>Situ\u00e9 sur la <strong>place Broglie<\/strong>, vous trouverez le \u00ab\u00a0<strong>Christkindelsm\u00e4rik<\/strong>\u00ab\u00a0, le march\u00e9 de No\u00ebl le plus ancien de France et l&rsquo;un des plus anciens d&rsquo;Europe.<\/p>\n\n\n\n<p>En vous promenant dans les<strong> rues de la capitale de No\u00ebl<\/strong>, il sera impossible de ne pas <strong>\u00eatre plong\u00e9 dans l&rsquo;atmosph\u00e8re <\/strong>de No\u00ebl gr\u00e2ce aux odeurs d&rsquo;\u00e9pices et de cannelle, typiques de cette p\u00e9riode de l&rsquo;ann\u00e9e, qui se d\u00e9gagent des centaines de cabanes <strong>d\u00e9cor\u00e9s et illumin\u00e9s <\/strong>sp\u00e9cialement pour l&rsquo;occasion, qui proposent un grand nombre de produits con\u00e7us pour rendre cette p\u00e9riode de l&rsquo;ann\u00e9e unique et magique. Vous y trouverez environ <strong>300 stands diff\u00e9rents.<\/strong><\/p>\n\n\n\n<p>Vous pourrez \u00e9galement admirer le plus<strong> grand sapin de No\u00ebl d&rsquo;Europe <\/strong>sur la<strong> place Kl\u00e9ber<\/strong>, tout en d\u00e9gustant un chocolat chaud ou un<strong> vin chaud typique<\/strong> de la r\u00e9gion.<\/p>\n\n\n\n<p>Si vous \u00eates \u00e1 la recherche d\u2019un No\u00ebl magique avec une<strong> v\u00e9ritable ambiance de conte de f\u00e9e, <\/strong>Strasbourg est sans doute la destination parfaite \u00e1 ne pas manquer.<\/p>\n\n\n\n<p><\/p>\n\n\n\n<h2><strong>Aix-en-Provence, Bouches du Rh\u00f4ne<\/strong><\/h2>\n\n\n\n<figure class=\"wp-block-image size-large\"><img loading=\"lazy\" width=\"800\" height=\"534\" src=\"https:\/\/www.gites.net\/blog\/wp-content\/emp\/blogcasas\/2021\/12\/decar66-FLICKR.jpg\" alt=\"\" class=\"wp-image-10024\" srcset=\"https:\/\/www.gites.net\/blog\/wp-content\/emp\/blogcasas\/2021\/12\/decar66-FLICKR.jpg 800w, https:\/\/www.gites.net\/blog\/wp-content\/emp\/blogcasas\/2021\/12\/decar66-FLICKR-300x200.jpg 300w, https:\/\/www.gites.net\/blog\/wp-content\/emp\/blogcasas\/2021\/12\/decar66-FLICKR-768x513.jpg 768w, https:\/\/www.gites.net\/blog\/wp-content\/emp\/blogcasas\/2021\/12\/decar66-FLICKR-320x213.jpg 320w\" sizes=\"(max-width: 800px) 100vw, 800px\" \/><\/figure>\n\n\n\n<p>D\u00e8s la fin du <strong>mois de novembre<\/strong> Aix-en Provence se plonge dans<strong> l\u2019ambiance festives des f\u00eates<\/strong> de fin d\u2019ann\u00e9e, ici vous trouverez l\u2019un des plus beaux march\u00e9s de la r\u00e9gion de la Provence.<\/p>\n\n\n\n<p>Ne manquez pas l&rsquo;occasion de <strong><a href=\"https:\/\/www.gites.net\/gites\/bouches-du-rhone\" data-type=\"URL\" data-id=\"https:\/\/www.gites.net\/gites\/bouches-du-rhone\" target=\"_blank\" rel=\"noreferrer noopener\">d\u00e9couvrir les traditions<\/a><\/strong> typiques de cette r\u00e9gion, notamment le<strong> march\u00e9 de No\u00ebl<\/strong>, la foire aux santons, le tirage de cr\u00e8ches grandeur nature, ou encore le <strong>d\u00e9fil\u00e9 pastoralier.<\/strong><\/p>\n\n\n\n<p>Et pour les plus gourmands d&rsquo;entre vous, ne manquez pas le<strong> fameux march\u00e9 des treize desserts,<\/strong> un lieu o\u00f9 vous pourrez d\u00e9guster une grande<strong> vari\u00e9t\u00e9 de sp\u00e9cialit\u00e9s<\/strong> culinaires propres \u00e0 No\u00ebl en Provence, pr\u00e9sent\u00e9es dans une ambiance festive par une quarantaine d&rsquo;agriculteurs et d&rsquo;artisans de la r\u00e9gion.<\/p>\n\n\n\n<p>Vous ne pourrez pas vous emp\u00eacher de go\u00fbter aux <strong>p\u00e2tisseries <\/strong>et produits de la r\u00e9gion telles que les dattes, gibassi\u00e9 ou <strong>pompe \u00e0 l\u2019huile<\/strong>, nougat noir, nougat blanc, les mendiants aux amandes, figues, raisins secs, noix ou noisettes, calissons d\u2019Aix, <strong>p\u00e2te de coing<\/strong>, raisin blanc,<strong> melon de No\u00ebl et orange <\/strong>(ou mandarine).<\/p>\n\n\n\n<p><\/p>\n\n\n\n<h2><strong>Colmar, en Alsace<\/strong><\/h2>\n\n\n\n<figure class=\"wp-block-image size-large\"><img loading=\"lazy\" width=\"800\" height=\"600\" src=\"https:\/\/www.gites.net\/blog\/wp-content\/emp\/blogcasas\/2021\/12\/Office-de-Tourisme-de-Colmar-FLICKR.jpg\" alt=\"\" class=\"wp-image-10025\" srcset=\"https:\/\/www.gites.net\/blog\/wp-content\/emp\/blogcasas\/2021\/12\/Office-de-Tourisme-de-Colmar-FLICKR.jpg 800w, https:\/\/www.gites.net\/blog\/wp-content\/emp\/blogcasas\/2021\/12\/Office-de-Tourisme-de-Colmar-FLICKR-300x225.jpg 300w, https:\/\/www.gites.net\/blog\/wp-content\/emp\/blogcasas\/2021\/12\/Office-de-Tourisme-de-Colmar-FLICKR-768x576.jpg 768w, https:\/\/www.gites.net\/blog\/wp-content\/emp\/blogcasas\/2021\/12\/Office-de-Tourisme-de-Colmar-FLICKR-156x117.jpg 156w\" sizes=\"(max-width: 800px) 100vw, 800px\" \/><\/figure>\n\n\n\n<p>La <strong>capitale des vins d&rsquo;Alsace<\/strong> est l&rsquo;une des villes les plus fascinantes de la p\u00e9riode de No\u00ebl. Il s&rsquo;agit de <strong><a href=\"https:\/\/www.gites.net\/gites\/haut-rhin\/colmar\" data-type=\"URL\" data-id=\"https:\/\/www.gites.net\/gites\/haut-rhin\/colmar\" target=\"_blank\" rel=\"noreferrer noopener\">Colmar<\/a><\/strong>, une autre perle situ\u00e9e dans cette r\u00e9gion.<\/p>\n\n\n\n<p>Cette petite ville, <strong>entour\u00e9e de vignobles<\/strong>, accueille au c\u0153ur de son centre historique six march\u00e9s de No\u00ebl, chacun avec son propre th\u00e8me qui vous plongeront dans une <strong>atmosph\u00e8re magique<\/strong>.<\/p>\n\n\n\n<p><strong>Pr\u00e8s de 200 exposants<\/strong> seront pr\u00e9sent dans les six diff\u00e9rents march\u00e9s qui auront lieu.<\/p>\n\n\n\n<p>Voici la liste des <strong>six march\u00e9s de No\u00ebl de Colmar\u00a0<\/strong>pour que vous puissiez choisir celui qui vous convient le plus<\/p>\n\n\n\n<p>Le March\u00e9 de No\u00ebl Gourmand, <strong>Place de la Cath\u00e9drale<\/strong> avec ses produits du terroir alsacien<br>Le March\u00e9 de No\u00ebl de la <strong>Place des Dominicains<\/strong><br>Le March\u00e9 de No\u00ebl de la <strong>Place de l&rsquo;Ancienne Douane<\/strong><br>Le March\u00e9 de No\u00ebl <strong>des Artisans au Ko\u00effhus<\/strong><br>Le March\u00e9 de No\u00ebl <strong>des Enfants dans le quartier de la Petite Venise<\/strong><br>Le March\u00e9 de No\u00ebl de la <strong>Place Jeanne d&rsquo;Arc <\/strong>et ses produits gourmands<\/p>\n\n\n\n<p>Attention ! Il est fort probable qu\u2019une fois que vous aurez visit\u00e9 le premier, <strong>vous ne pourrez pas vous passer de visiter les autres.<\/strong><\/p>\n\n\n\n<p><\/p>\n\n\n\n<h2><strong>Lyon<\/strong><\/h2>\n\n\n\n<figure class=\"wp-block-image size-large\"><img loading=\"lazy\" width=\"800\" height=\"600\" src=\"https:\/\/www.gites.net\/blog\/wp-content\/emp\/blogcasas\/2021\/12\/Jerome-Strauss-FLICKR.jpg\" alt=\"\" class=\"wp-image-10026\" srcset=\"https:\/\/www.gites.net\/blog\/wp-content\/emp\/blogcasas\/2021\/12\/Jerome-Strauss-FLICKR.jpg 800w, https:\/\/www.gites.net\/blog\/wp-content\/emp\/blogcasas\/2021\/12\/Jerome-Strauss-FLICKR-300x225.jpg 300w, https:\/\/www.gites.net\/blog\/wp-content\/emp\/blogcasas\/2021\/12\/Jerome-Strauss-FLICKR-768x576.jpg 768w, https:\/\/www.gites.net\/blog\/wp-content\/emp\/blogcasas\/2021\/12\/Jerome-Strauss-FLICKR-156x117.jpg 156w\" sizes=\"(max-width: 800px) 100vw, 800px\" \/><\/figure>\n\n\n\n<p>La derni\u00e8re destination de notre liste \u00e0 envisager pour une <strong>petite escapade de No\u00ebl<\/strong> est bien \u00e9videmment <strong><a href=\"https:\/\/www.casasrurales.net\/casas-rurales\/rhone\/lyon\" data-type=\"URL\" data-id=\"https:\/\/www.casasrurales.net\/casas-rurales\/rhone\/lyon\" target=\"_blank\" rel=\"noreferrer noopener\">Lyon<\/a><\/strong>. Cette ville de la <strong>r\u00e9gion de Rh\u00f4ne<\/strong> accueille son traditionnel march\u00e9 de No\u00ebl au <strong>centre de la place Carnot <\/strong>pendant un mois, du <strong>27 novembre au 24 d\u00e9cembre<\/strong>. Vous y trouverez<strong> diff\u00e9rentes id\u00e9es<\/strong> de <strong>cadeaux <\/strong>pour les f\u00eates de fin d&rsquo;ann\u00e9e gr\u00e2ce aux produits que les exposants vous proposeront dans les diff\u00e9rentes cabanes.<\/p>\n\n\n\n<p>Dans cette ville, vous pourrez \u00e9galement profiter de la traditionnelle<strong> f\u00eate des lumi\u00e8res <\/strong>qui se d\u00e9roule du <strong>8 au 11 d\u00e9cembre.<\/strong> Ces jours-l\u00e0, les habitants de la ville en profitent pour illuminer leurs<strong> fen\u00eatres ou balcons de lumi\u00e8res<\/strong>, de sorte que les rues de la ville sont impr\u00e9gn\u00e9es de l&rsquo;esprit de No\u00ebl.<\/p>\n\n\n\n<p>Jusqu\u2019ici, la premi\u00e8re partie de <strong>nos destinations pr\u00e9f\u00e9r\u00e9es<\/strong> pour profiter d\u2019une petite escapade au milieu des plus belles r\u00e9gions de la France durant cette p\u00e9riode de f\u00eates de fin d\u2019ann\u00e9e.<\/p>\n\n\n\n<p><em>\u00c0 la prochaine pour de <strong>nouvelles d\u00e9couvertes\u00a0<\/strong>!<\/em><\/p>\n","protected":false},"excerpt":{"rendered":"<p>Les f\u00eates de No\u00ebl sont d\u00e9j\u00e0 l\u00e0. Si vous \u00eates \u00e0 la recherche de nouvelles destinations \u00e0 d\u00e9couvrir et profiter au maximum de cette p\u00e9riode de l&rsquo;ann\u00e9e, nous vous proposons aujourd&rsquo;hui quatre villes et villages en France o\u00f9 vous pourrez&hellip; <br \/><a class=\"read-more-button\" href=\"https:\/\/www.gites.net\/blog\/quatre-regions-a-ne-pas-manquer-a-noel\">Savoir plus<\/a><\/p>\n","protected":false},"author":11,"featured_media":10027,"comment_status":"open","ping_status":"open","sticky":false,"template":"","format":"standard","meta":[],"categories":[100],"tags":[107],"_links":{"self":[{"href":"https:\/\/www.gites.net\/blog\/wp-json\/wp\/v2\/posts\/10022"}],"collection":[{"href":"https:\/\/www.gites.net\/blog\/wp-json\/wp\/v2\/posts"}],"about":[{"href":"https:\/\/www.gites.net\/blog\/wp-json\/wp\/v2\/types\/post"}],"author":[{"embeddable":true,"href":"https:\/\/www.gites.net\/blog\/wp-json\/wp\/v2\/users\/11"}],"replies":[{"embeddable":true,"href":"https:\/\/www.gites.net\/blog\/wp-json\/wp\/v2\/comments?post=10022"}],"version-history":[{"count":2,"href":"https:\/\/www.gites.net\/blog\/wp-json\/wp\/v2\/posts\/10022\/revisions"}],"predecessor-version":[{"id":10030,"href":"https:\/\/www.gites.net\/blog\/wp-json\/wp\/v2\/posts\/10022\/revisions\/10030"}],"wp:featuredmedia":[{"embeddable":true,"href":"https:\/\/www.gites.net\/blog\/wp-json\/wp\/v2\/media\/10027"}],"wp:attachment":[{"href":"https:\/\/www.gites.net\/blog\/wp-json\/wp\/v2\/media?parent=10022"}],"wp:term":[{"taxonomy":"category","embeddable":true,"href":"https:\/\/www.gites.net\/blog\/wp-json\/wp\/v2\/categories?post=10022"},{"taxonomy":"post_tag","embeddable":true,"href":"https:\/\/www.gites.net\/blog\/wp-json\/wp\/v2\/tags?post=10022"}],"curies":[{"name":"wp","href":"https:\/\/api.w.org\/{rel}","templated":true}]}}